{"id":3242,"date":"2017-10-26T13:28:57","date_gmt":"2017-10-26T11:28:57","guid":{"rendered":"https:\/\/biblioteka.kolobrzeg.pl\/?p=3242"},"modified":"2017-10-30T16:51:21","modified_gmt":"2017-10-30T15:51:21","slug":"spotkanie-autorskie-6","status":"publish","type":"post","link":"https:\/\/biblioteka.kolobrzeg.pl\/index.php\/2017\/10\/26\/spotkanie-autorskie-6\/","title":{"rendered":"Szalona podr\u00f3\u017c przez Australi\u0119"},"content":{"rendered":"<p><a href=\"https:\/\/biblioteka.kolobrzeg.pl\/wp-content\/uploads\/2017\/10\/spotlewandowscy2610176.jpg\" data-rel=\"lightbox-image-0\" data-rl_title=\"\" data-rl_caption=\"\" title=\"\"><img loading=\"lazy\" decoding=\"async\" class=\"size-thumbnail wp-image-3453 alignleft\" src=\"https:\/\/biblioteka.kolobrzeg.pl\/wp-content\/uploads\/2017\/10\/spotlewandowscy2610176-150x150.jpg\" alt=\"Spotkanie autorskie Lewandowscy\" width=\"150\" height=\"150\" srcset=\"https:\/\/biblioteka.kolobrzeg.pl\/wp-content\/uploads\/2017\/10\/spotlewandowscy2610176-150x150.jpg 150w, https:\/\/biblioteka.kolobrzeg.pl\/wp-content\/uploads\/2017\/10\/spotlewandowscy2610176-144x144.jpg 144w\" sizes=\"auto, (max-width: 150px) 100vw, 150px\" \/><\/a>Podr\u00f3\u017cuj\u0105 Busem przez \u015awiat: Karol i Ola Lewandowscy. Ci nieprzeci\u0119tnie \u017cyczliwi, otwarci, pozbawieni stereotyp\u00f3w podr\u00f3\u017cnicy i blogerzy, spotkali si\u0119 ze swoimi fanami w ko\u0142obrzeskiej Bibliotece Miejskiej.<!--more--> Opowiadali o szalonej wyprawie po Australii &#8211; sz\u00f3stym, co do wielko\u015bci pa\u0144stwie \u015bwiata. Australia \u2013 m\u00f3wili, to kraj wysoko rozwini\u0119ty, o najpi\u0119kniejszych pla\u017cach \u015bwiata, niezapomnianych wschodach i zachodach s\u0142o\u0144ca, drogach bez asfaltu, telefonach bez zasi\u0119gu, jadowitych w\u0119\u017cach i paj\u0105kach, psach dingo i kangurach samob\u00f3jcach oraz 50- stopniowych upa\u0142ach. Wszystko widzieli, wszystkiego do\u015bwiadczyli. Zakochali si\u0119 w tej magicznej ziemi. Jak m\u00f3wili, uda\u0142o si\u0119 im prze\u017cy\u0107 za 8 $ dziennie, bo maj\u0105 szcz\u0119\u015bcie do fajnych i \u017cyczliwych ludzi. Ich australijska ekipa sk\u0142adaj\u0105ca si\u0119 z pi\u0119ciu os\u00f3b, przejecha\u0142a 25 tysi\u0119cy kilometr\u00f3w, pozna\u0142a kraj taki jaki jest naprawd\u0119, dziki, nieujarzmiony i bardzo zaskakuj\u0105cy.<\/p>\n<p>Kraj kangur\u00f3w &#8211; nie by\u0142 ich jedyn\u0105 wypraw\u0105. Co roku podr\u00f3\u017cuj\u0105 gdzie indziej i do\u0142\u0105czy\u0107 do nich mo\u017ce ka\u017cdy, cho\u0107 gdy og\u0142aszaj\u0105 nab\u00f3r, miejsca znikaj\u0105 w 10 minut. Reszta zainteresowanych mo\u017ce jedynie, \u015bledzi\u0107 ich wyczyny i relacje na blogu Busem przez \u015bwiat, kt\u00f3ry otrzyma\u0142 nagrod\u0119 najlepszego Bloga Roku w kategorii Podr\u00f3\u017ce od samej Martyny Wojciechowskiej.<\/p>\n<p>Spotkanie z podr\u00f3\u017cnikami zorganizowane by\u0142o w ramach Dyskusyjnego Klubu Ksi\u0105\u017cki.<\/p>\n\n\t\t<style type=\"text\/css\">\n\t\t\t#gallery-1 {\n\t\t\t\tmargin: auto;\n\t\t\t}\n\t\t\t#gallery-1 .gallery-item {\n\t\t\t\tfloat: left;\n\t\t\t\tmargin-top: 10px;\n\t\t\t\ttext-align: center;\n\t\t\t\twidth: 33%;\n\t\t\t}\n\t\t\t#gallery-1 img {\n\t\t\t\tborder: 2px solid #cfcfcf;\n\t\t\t}\n\t\t\t#gallery-1 .gallery-caption {\n\t\t\t\tmargin-left: 0;\n\t\t\t}\n\t\t\t\/* see gallery_shortcode() in wp-includes\/media.php *\/\n\t\t<\/style>\n\t\t<div id='gallery-1' class='gallery galleryid-3242 gallery-columns-3 gallery-size-thumbnail'><dl class='gallery-item'>\n\t\t\t<dt class='gallery-icon landscape'>\n\t\t\t\t<a href='https:\/\/biblioteka.kolobrzeg.pl\/wp-content\/uploads\/2017\/10\/spotlewandowscy2610172.jpg' title=\"\" data-rl_title=\"\" class=\"rl-gallery-link\" data-rl_caption=\"\" data-rel=\"lightbox-gallery-1\"><img loading=\"lazy\" decoding=\"async\" width=\"150\" height=\"150\" src=\"https:\/\/biblioteka.kolobrzeg.pl\/wp-content\/uploads\/2017\/10\/spotlewandowscy2610172-150x150.jpg\" class=\"attachment-thumbnail size-thumbnail\" alt=\"Spotkanie autorskie Lewandowscy\" srcset=\"https:\/\/biblioteka.kolobrzeg.pl\/wp-content\/uploads\/2017\/10\/spotlewandowscy2610172-150x150.jpg 150w, https:\/\/biblioteka.kolobrzeg.pl\/wp-content\/uploads\/2017\/10\/spotlewandowscy2610172-144x144.jpg 144w\" sizes=\"auto, (max-width: 150px) 100vw, 150px\" \/><\/a>\n\t\t\t<\/dt><\/dl><dl class='gallery-item'>\n\t\t\t<dt class='gallery-icon landscape'>\n\t\t\t\t<a href='https:\/\/biblioteka.kolobrzeg.pl\/wp-content\/uploads\/2017\/10\/spotlewandowscy2610173.jpg' title=\"\" data-rl_title=\"\" class=\"rl-gallery-link\" data-rl_caption=\"\" data-rel=\"lightbox-gallery-1\"><img loading=\"lazy\" decoding=\"async\" width=\"150\" height=\"150\" src=\"https:\/\/biblioteka.kolobrzeg.pl\/wp-content\/uploads\/2017\/10\/spotlewandowscy2610173-150x150.jpg\" class=\"attachment-thumbnail size-thumbnail\" alt=\"Spotkanie autorskie Lewandowscy\" srcset=\"https:\/\/biblioteka.kolobrzeg.pl\/wp-content\/uploads\/2017\/10\/spotlewandowscy2610173-150x150.jpg 150w, https:\/\/biblioteka.kolobrzeg.pl\/wp-content\/uploads\/2017\/10\/spotlewandowscy2610173-144x144.jpg 144w\" sizes=\"auto, (max-width: 150px) 100vw, 150px\" \/><\/a>\n\t\t\t<\/dt><\/dl><dl class='gallery-item'>\n\t\t\t<dt class='gallery-icon landscape'>\n\t\t\t\t<a href='https:\/\/biblioteka.kolobrzeg.pl\/wp-content\/uploads\/2017\/10\/spotlewandowscy2610174.jpg' title=\"\" data-rl_title=\"\" class=\"rl-gallery-link\" data-rl_caption=\"\" data-rel=\"lightbox-gallery-1\"><img loading=\"lazy\" decoding=\"async\" width=\"150\" height=\"150\" src=\"https:\/\/biblioteka.kolobrzeg.pl\/wp-content\/uploads\/2017\/10\/spotlewandowscy2610174-150x150.jpg\" class=\"attachment-thumbnail size-thumbnail\" alt=\"Spotkanie autorskie Lewandowscy\" srcset=\"https:\/\/biblioteka.kolobrzeg.pl\/wp-content\/uploads\/2017\/10\/spotlewandowscy2610174-150x150.jpg 150w, https:\/\/biblioteka.kolobrzeg.pl\/wp-content\/uploads\/2017\/10\/spotlewandowscy2610174-144x144.jpg 144w\" sizes=\"auto, (max-width: 150px) 100vw, 150px\" \/><\/a>\n\t\t\t<\/dt><\/dl><br style=\"clear: both\" \/><dl class='gallery-item'>\n\t\t\t<dt class='gallery-icon landscape'>\n\t\t\t\t<a href='https:\/\/biblioteka.kolobrzeg.pl\/wp-content\/uploads\/2017\/10\/spotlewandowscy2610171.jpg' title=\"\" data-rl_title=\"\" class=\"rl-gallery-link\" data-rl_caption=\"\" data-rel=\"lightbox-gallery-1\"><img loading=\"lazy\" decoding=\"async\" width=\"150\" height=\"150\" src=\"https:\/\/biblioteka.kolobrzeg.pl\/wp-content\/uploads\/2017\/10\/spotlewandowscy2610171-150x150.jpg\" class=\"attachment-thumbnail size-thumbnail\" alt=\"Spotkanie autorskie Lewandowscy\" srcset=\"https:\/\/biblioteka.kolobrzeg.pl\/wp-content\/uploads\/2017\/10\/spotlewandowscy2610171-150x150.jpg 150w, https:\/\/biblioteka.kolobrzeg.pl\/wp-content\/uploads\/2017\/10\/spotlewandowscy2610171-144x144.jpg 144w\" sizes=\"auto, (max-width: 150px) 100vw, 150px\" \/><\/a>\n\t\t\t<\/dt><\/dl><dl class='gallery-item'>\n\t\t\t<dt class='gallery-icon landscape'>\n\t\t\t\t<a href='https:\/\/biblioteka.kolobrzeg.pl\/wp-content\/uploads\/2017\/10\/spotlewandowscy2610175.jpg' title=\"\" data-rl_title=\"\" class=\"rl-gallery-link\" data-rl_caption=\"\" data-rel=\"lightbox-gallery-1\"><img loading=\"lazy\" decoding=\"async\" width=\"150\" height=\"150\" src=\"https:\/\/biblioteka.kolobrzeg.pl\/wp-content\/uploads\/2017\/10\/spotlewandowscy2610175-150x150.jpg\" class=\"attachment-thumbnail size-thumbnail\" alt=\"Spotkanie autorskie Lewandowscy\" srcset=\"https:\/\/biblioteka.kolobrzeg.pl\/wp-content\/uploads\/2017\/10\/spotlewandowscy2610175-150x150.jpg 150w, https:\/\/biblioteka.kolobrzeg.pl\/wp-content\/uploads\/2017\/10\/spotlewandowscy2610175-144x144.jpg 144w\" sizes=\"auto, (max-width: 150px) 100vw, 150px\" \/><\/a>\n\t\t\t<\/dt><\/dl><dl class='gallery-item'>\n\t\t\t<dt class='gallery-icon landscape'>\n\t\t\t\t<a href='https:\/\/biblioteka.kolobrzeg.pl\/wp-content\/uploads\/2017\/10\/spotlewandowscy2610176.jpg' title=\"\" data-rl_title=\"\" class=\"rl-gallery-link\" data-rl_caption=\"\" data-rel=\"lightbox-gallery-1\"><img loading=\"lazy\" decoding=\"async\" width=\"150\" height=\"150\" src=\"https:\/\/biblioteka.kolobrzeg.pl\/wp-content\/uploads\/2017\/10\/spotlewandowscy2610176-150x150.jpg\" class=\"attachment-thumbnail size-thumbnail\" alt=\"Spotkanie autorskie Lewandowscy\" srcset=\"https:\/\/biblioteka.kolobrzeg.pl\/wp-content\/uploads\/2017\/10\/spotlewandowscy2610176-150x150.jpg 150w, https:\/\/biblioteka.kolobrzeg.pl\/wp-content\/uploads\/2017\/10\/spotlewandowscy2610176-144x144.jpg 144w\" sizes=\"auto, (max-width: 150px) 100vw, 150px\" \/><\/a>\n\t\t\t<\/dt><\/dl><br style=\"clear: both\" \/>\n\t\t<\/div>\n\n","protected":false},"excerpt":{"rendered":"<p>Podr\u00f3\u017cuj\u0105 Busem przez \u015awiat: Karol i Ola Lewandowscy. Ci nieprzeci\u0119tnie \u017cyczliwi, otwarci, pozbawieni stereotyp\u00f3w podr\u00f3\u017cnicy i blogerzy, spotkali si\u0119 ze swoimi fanami w ko\u0142obrzeskiej Bibliotece Miejskiej.<\/p><p><a class=\"more-link block-button\" href=\"https:\/\/biblioteka.kolobrzeg.pl\/index.php\/2017\/10\/26\/spotkanie-autorskie-6\/\">Kontynuuj czytanie &raquo;<\/a><\/p>\n","protected":false},"author":1,"featured_media":3453,"comment_status":"closed","ping_status":"closed","sticky":false,"template":"","format":"standard","meta":{"jetpack_post_was_ever_published":false,"_jetpack_newsletter_access":"","_jetpack_dont_email_post_to_subs":false,"_jetpack_newsletter_tier_id":0,"_jetpack_memberships_contains_paywalled_content":false,"_jetpack_memberships_contains_paid_content":false,"footnotes":"","jetpack_publicize_message":"","jetpack_publicize_feature_enabled":true,"jetpack_social_post_already_shared":true,"jetpack_social_options":{"image_generator_settings":{"template":"highway","default_image_id":0,"font":"","enabled":false},"version":2}},"categories":[18,21],"tags":[37,29,222,30],"class_list":["post-3242","post","type-post","status-publish","format-standard","has-post-thumbnail","hentry","category-dkk","category-spotkania","tag-autorskie","tag-dkk","tag-lewandowscy","tag-spotkanie"],"jetpack_publicize_connections":[],"jetpack_featured_media_url":"https:\/\/biblioteka.kolobrzeg.pl\/wp-content\/uploads\/2017\/10\/spotlewandowscy2610176.jpg","jetpack_likes_enabled":true,"jetpack_sharing_enabled":true,"_links":{"self":[{"href":"https:\/\/biblioteka.kolobrzeg.pl\/index.php\/wp-json\/wp\/v2\/posts\/3242","targetHints":{"allow":["GET"]}}],"collection":[{"href":"https:\/\/biblioteka.kolobrzeg.pl\/index.php\/wp-json\/wp\/v2\/posts"}],"about":[{"href":"https:\/\/biblioteka.kolobrzeg.pl\/index.php\/wp-json\/wp\/v2\/types\/post"}],"author":[{"embeddable":true,"href":"https:\/\/biblioteka.kolobrzeg.pl\/index.php\/wp-json\/wp\/v2\/users\/1"}],"replies":[{"embeddable":true,"href":"https:\/\/biblioteka.kolobrzeg.pl\/index.php\/wp-json\/wp\/v2\/comments?post=3242"}],"version-history":[{"count":0,"href":"https:\/\/biblioteka.kolobrzeg.pl\/index.php\/wp-json\/wp\/v2\/posts\/3242\/revisions"}],"wp:featuredmedia":[{"embeddable":true,"href":"https:\/\/biblioteka.kolobrzeg.pl\/index.php\/wp-json\/wp\/v2\/media\/3453"}],"wp:attachment":[{"href":"https:\/\/biblioteka.kolobrzeg.pl\/index.php\/wp-json\/wp\/v2\/media?parent=3242"}],"wp:term":[{"taxonomy":"category","embeddable":true,"href":"https:\/\/biblioteka.kolobrzeg.pl\/index.php\/wp-json\/wp\/v2\/categories?post=3242"},{"taxonomy":"post_tag","embeddable":true,"href":"https:\/\/biblioteka.kolobrzeg.pl\/index.php\/wp-json\/wp\/v2\/tags?post=3242"}],"curies":[{"name":"wp","href":"https:\/\/api.w.org\/{rel}","templated":true}]}}