{"id":33491,"date":"2025-09-23T15:45:52","date_gmt":"2025-09-23T13:45:52","guid":{"rendered":"https:\/\/biblioteka.kolobrzeg.pl\/?p=33491"},"modified":"2025-10-08T15:50:27","modified_gmt":"2025-10-08T13:50:27","slug":"history-live","status":"publish","type":"post","link":"https:\/\/biblioteka.kolobrzeg.pl\/index.php\/2025\/09\/23\/history-live\/","title":{"rendered":"History Live"},"content":{"rendered":"<p><a href=\"https:\/\/biblioteka.kolobrzeg.pl\/wp-content\/uploads\/2025\/10\/hirtorylive2309251.jpg\" data-rel=\"lightbox-image-0\" data-rl_title=\"\" data-rl_caption=\"\" title=\"\"><img loading=\"lazy\" decoding=\"async\" class=\"alignleft wp-image-33495 size-thumbnail\" src=\"https:\/\/biblioteka.kolobrzeg.pl\/wp-content\/uploads\/2025\/10\/hirtorylive2309251-150x150.jpg\" alt=\"History live\" width=\"150\" height=\"150\" srcset=\"https:\/\/biblioteka.kolobrzeg.pl\/wp-content\/uploads\/2025\/10\/hirtorylive2309251-150x150.jpg 150w, https:\/\/biblioteka.kolobrzeg.pl\/wp-content\/uploads\/2025\/10\/hirtorylive2309251-144x144.jpg 144w\" sizes=\"auto, (max-width: 150px) 100vw, 150px\" \/><\/a>Wtorkowy wiecz\u00f3r 23 wrze\u015bnia, w Bibliotece zn\u00f3w udowodni\u0142, \u017ce historia potrafi porusza\u0107 do g\u0142\u0119bi. Drugi raz spotkali\u015bmy si\u0119 w ramach cyklu \u201eHistory Live \u2013 historia, kt\u00f3ra \u017cyje!&#8221;, by rozmawia\u0107 o temacie, kt\u00f3ry nie daje spokoju: Polacy i Ukrai\u0144cy wobec II wojny \u015bwiatowej.<!--more--><\/p>\n<p>By\u0142y m.in. opowie\u015bci o rzezi wo\u0142y\u0144skiej, \u201ekrwawej niedzieli&#8221; 1943 roku, masakrze w Sahryniu, dzia\u0142alno\u015bci UPA, IV rozbiorze Polski, polityce III Rzeszy i ZSRR wobec obu narod\u00f3w, a tak\u017ce o wielkim g\u0142odzie na Ukrainie. Trudne fakty, dramatyczne wybory, wsp\u00f3lna refleksja nad tym, jak bardzo przesz\u0142o\u015b\u0107 kszta\u0142tuje tera\u017aniejszo\u015b\u0107.<\/p>\n<p>\u0141ukasz G\u0142adysiak po raz kolejny udowodni\u0142, \u017ce potrafi m\u00f3wi\u0107 o historii tak, \u017ce sala s\u0142ucha w ciszy, a potem d\u0142ugo nie chce si\u0119 wychodzi\u0107. To by\u0142o spotkanie, kt\u00f3re zostawi\u0142o \u015blad &#8211; i ci, kt\u00f3rzy byli, wiedz\u0105, jak bardzo by\u0142o warto.<\/p>\n<p>Pomys\u0142odawc\u0105 projektu jest Yurii Hizhevskyi, kt\u00f3rego inicjatywa zosta\u0142a doceniona w konkursie \u201eRazem mo\u017cemy wi\u0119cej&#8221;.<\/p>\n<p>Je\u015bli Ci\u0119 zabrak\u0142o &#8211; \u017ca\u0142uj, ale nic straconego. Kolejne spotkanie ju\u017c 1 pa\u017adziernika. B\u0119dzie o czym dyskutowa\u0107.<\/p>\n<p>Spotkanie zosta\u0142o zrealizowane w ramach zadania \u201eBiblioteka naturalnie&#8221;, b\u0119d\u0105cego cz\u0119\u015bci\u0105 projektu BLISKO \u2013 Biblioteka | Lokalno\u015b\u0107 | Inicjatywy | Spo\u0142eczno\u015b\u0107 | Kooperacja | Oddolno\u015b\u0107.<\/p>\n<p>Dofinansowano ze \u015brodk\u00f3w Ministerstwa Kultury i Dziedzictwa Narodowego w ramach realizacji Narodowego Programu Rozwoju Czytelnictwa 2.0 na lata 2021\u20132025.<\/p>\n\n\t\t<style type=\"text\/css\">\n\t\t\t#gallery-1 {\n\t\t\t\tmargin: auto;\n\t\t\t}\n\t\t\t#gallery-1 .gallery-item {\n\t\t\t\tfloat: left;\n\t\t\t\tmargin-top: 10px;\n\t\t\t\ttext-align: center;\n\t\t\t\twidth: 25%;\n\t\t\t}\n\t\t\t#gallery-1 img {\n\t\t\t\tborder: 2px solid #cfcfcf;\n\t\t\t}\n\t\t\t#gallery-1 .gallery-caption {\n\t\t\t\tmargin-left: 0;\n\t\t\t}\n\t\t\t\/* see gallery_shortcode() in wp-includes\/media.php *\/\n\t\t<\/style>\n\t\t<div id='gallery-1' class='gallery galleryid-33491 gallery-columns-4 gallery-size-thumbnail'><dl class='gallery-item'>\n\t\t\t<dt class='gallery-icon landscape'>\n\t\t\t\t<a href='https:\/\/biblioteka.kolobrzeg.pl\/wp-content\/uploads\/2025\/10\/hirtorylive2309251.jpg' title=\"\" data-rl_title=\"\" class=\"rl-gallery-link\" data-rl_caption=\"\" data-rel=\"lightbox-gallery-1\"><img loading=\"lazy\" decoding=\"async\" width=\"150\" height=\"150\" src=\"https:\/\/biblioteka.kolobrzeg.pl\/wp-content\/uploads\/2025\/10\/hirtorylive2309251-150x150.jpg\" class=\"attachment-thumbnail size-thumbnail\" alt=\"History live\" srcset=\"https:\/\/biblioteka.kolobrzeg.pl\/wp-content\/uploads\/2025\/10\/hirtorylive2309251-150x150.jpg 150w, https:\/\/biblioteka.kolobrzeg.pl\/wp-content\/uploads\/2025\/10\/hirtorylive2309251-144x144.jpg 144w\" sizes=\"auto, (max-width: 150px) 100vw, 150px\" \/><\/a>\n\t\t\t<\/dt><\/dl><dl class='gallery-item'>\n\t\t\t<dt class='gallery-icon landscape'>\n\t\t\t\t<a href='https:\/\/biblioteka.kolobrzeg.pl\/wp-content\/uploads\/2025\/10\/hirtorylive2309254.jpg' title=\"\" data-rl_title=\"\" class=\"rl-gallery-link\" data-rl_caption=\"\" data-rel=\"lightbox-gallery-1\"><img loading=\"lazy\" decoding=\"async\" width=\"150\" height=\"150\" src=\"https:\/\/biblioteka.kolobrzeg.pl\/wp-content\/uploads\/2025\/10\/hirtorylive2309254-150x150.jpg\" class=\"attachment-thumbnail size-thumbnail\" alt=\"History live\" srcset=\"https:\/\/biblioteka.kolobrzeg.pl\/wp-content\/uploads\/2025\/10\/hirtorylive2309254-150x150.jpg 150w, https:\/\/biblioteka.kolobrzeg.pl\/wp-content\/uploads\/2025\/10\/hirtorylive2309254-144x144.jpg 144w\" sizes=\"auto, (max-width: 150px) 100vw, 150px\" \/><\/a>\n\t\t\t<\/dt><\/dl><dl class='gallery-item'>\n\t\t\t<dt class='gallery-icon landscape'>\n\t\t\t\t<a href='https:\/\/biblioteka.kolobrzeg.pl\/wp-content\/uploads\/2025\/10\/hirtorylive2309253.jpg' title=\"\" data-rl_title=\"\" class=\"rl-gallery-link\" data-rl_caption=\"\" data-rel=\"lightbox-gallery-1\"><img loading=\"lazy\" decoding=\"async\" width=\"150\" height=\"150\" src=\"https:\/\/biblioteka.kolobrzeg.pl\/wp-content\/uploads\/2025\/10\/hirtorylive2309253-150x150.jpg\" class=\"attachment-thumbnail size-thumbnail\" alt=\"History live\" srcset=\"https:\/\/biblioteka.kolobrzeg.pl\/wp-content\/uploads\/2025\/10\/hirtorylive2309253-150x150.jpg 150w, https:\/\/biblioteka.kolobrzeg.pl\/wp-content\/uploads\/2025\/10\/hirtorylive2309253-144x144.jpg 144w\" sizes=\"auto, (max-width: 150px) 100vw, 150px\" \/><\/a>\n\t\t\t<\/dt><\/dl><dl class='gallery-item'>\n\t\t\t<dt class='gallery-icon landscape'>\n\t\t\t\t<a href='https:\/\/biblioteka.kolobrzeg.pl\/wp-content\/uploads\/2025\/10\/hirtorylive2309252.jpg' title=\"\" data-rl_title=\"\" class=\"rl-gallery-link\" data-rl_caption=\"\" data-rel=\"lightbox-gallery-1\"><img loading=\"lazy\" decoding=\"async\" width=\"150\" height=\"150\" src=\"https:\/\/biblioteka.kolobrzeg.pl\/wp-content\/uploads\/2025\/10\/hirtorylive2309252-150x150.jpg\" class=\"attachment-thumbnail size-thumbnail\" alt=\"History live\" srcset=\"https:\/\/biblioteka.kolobrzeg.pl\/wp-content\/uploads\/2025\/10\/hirtorylive2309252-150x150.jpg 150w, https:\/\/biblioteka.kolobrzeg.pl\/wp-content\/uploads\/2025\/10\/hirtorylive2309252-144x144.jpg 144w\" sizes=\"auto, (max-width: 150px) 100vw, 150px\" \/><\/a>\n\t\t\t<\/dt><\/dl><br style=\"clear: both\" \/>\n\t\t<\/div>\n\n","protected":false},"excerpt":{"rendered":"<p>Wtorkowy wiecz\u00f3r 23 wrze\u015bnia, w Bibliotece zn\u00f3w udowodni\u0142, \u017ce historia potrafi porusza\u0107 do g\u0142\u0119bi. Drugi raz spotkali\u015bmy si\u0119 w ramach cyklu \u201eHistory Live \u2013 historia, kt\u00f3ra \u017cyje!&#8221;, by rozmawia\u0107 o temacie, kt\u00f3ry nie daje spokoju: Polacy i Ukrai\u0144cy wobec II wojny \u015bwiatowej.<\/p><p><a class=\"more-link block-button\" href=\"https:\/\/biblioteka.kolobrzeg.pl\/index.php\/2025\/09\/23\/history-live\/\">Kontynuuj czytanie &raquo;<\/a><\/p>\n","protected":false},"author":1,"featured_media":33495,"comment_status":"closed","ping_status":"closed","sticky":false,"template":"","format":"standard","meta":{"jetpack_post_was_ever_published":false,"_jetpack_newsletter_access":"","_jetpack_dont_email_post_to_subs":false,"_jetpack_newsletter_tier_id":0,"_jetpack_memberships_contains_paywalled_content":false,"_jetpack_memberships_contains_paid_content":false,"footnotes":"","jetpack_publicize_message":"","jetpack_publicize_feature_enabled":true,"jetpack_social_post_already_shared":true,"jetpack_social_options":{"image_generator_settings":{"template":"highway","default_image_id":0,"font":"","enabled":false},"version":2}},"categories":[542,579,21],"tags":[],"class_list":["post-33491","post","type-post","status-publish","format-standard","has-post-thumbnail","hentry","category-biblioteka-glowna","category-biblioteka-naturalnie","category-spotkania"],"jetpack_publicize_connections":[],"jetpack_featured_media_url":"https:\/\/biblioteka.kolobrzeg.pl\/wp-content\/uploads\/2025\/10\/hirtorylive2309251.jpg","jetpack_likes_enabled":true,"jetpack_sharing_enabled":true,"_links":{"self":[{"href":"https:\/\/biblioteka.kolobrzeg.pl\/index.php\/wp-json\/wp\/v2\/posts\/33491","targetHints":{"allow":["GET"]}}],"collection":[{"href":"https:\/\/biblioteka.kolobrzeg.pl\/index.php\/wp-json\/wp\/v2\/posts"}],"about":[{"href":"https:\/\/biblioteka.kolobrzeg.pl\/index.php\/wp-json\/wp\/v2\/types\/post"}],"author":[{"embeddable":true,"href":"https:\/\/biblioteka.kolobrzeg.pl\/index.php\/wp-json\/wp\/v2\/users\/1"}],"replies":[{"embeddable":true,"href":"https:\/\/biblioteka.kolobrzeg.pl\/index.php\/wp-json\/wp\/v2\/comments?post=33491"}],"version-history":[{"count":1,"href":"https:\/\/biblioteka.kolobrzeg.pl\/index.php\/wp-json\/wp\/v2\/posts\/33491\/revisions"}],"predecessor-version":[{"id":33761,"href":"https:\/\/biblioteka.kolobrzeg.pl\/index.php\/wp-json\/wp\/v2\/posts\/33491\/revisions\/33761"}],"wp:featuredmedia":[{"embeddable":true,"href":"https:\/\/biblioteka.kolobrzeg.pl\/index.php\/wp-json\/wp\/v2\/media\/33495"}],"wp:attachment":[{"href":"https:\/\/biblioteka.kolobrzeg.pl\/index.php\/wp-json\/wp\/v2\/media?parent=33491"}],"wp:term":[{"taxonomy":"category","embeddable":true,"href":"https:\/\/biblioteka.kolobrzeg.pl\/index.php\/wp-json\/wp\/v2\/categories?post=33491"},{"taxonomy":"post_tag","embeddable":true,"href":"https:\/\/biblioteka.kolobrzeg.pl\/index.php\/wp-json\/wp\/v2\/tags?post=33491"}],"curies":[{"name":"wp","href":"https:\/\/api.w.org\/{rel}","templated":true}]}}