{"id":33497,"date":"2025-09-16T15:51:11","date_gmt":"2025-09-16T13:51:11","guid":{"rendered":"https:\/\/biblioteka.kolobrzeg.pl\/?p=33497"},"modified":"2025-10-08T15:56:36","modified_gmt":"2025-10-08T13:56:36","slug":"history-live-2","status":"publish","type":"post","link":"https:\/\/biblioteka.kolobrzeg.pl\/index.php\/2025\/09\/16\/history-live-2\/","title":{"rendered":"History Live"},"content":{"rendered":"<p><a href=\"https:\/\/biblioteka.kolobrzeg.pl\/wp-content\/uploads\/2025\/10\/historylive1609251.jpg\" data-rel=\"lightbox-image-0\" data-rl_title=\"\" data-rl_caption=\"\" title=\"\"><img loading=\"lazy\" decoding=\"async\" class=\"alignleft wp-image-33501 size-thumbnail\" src=\"https:\/\/biblioteka.kolobrzeg.pl\/wp-content\/uploads\/2025\/10\/historylive1609251-150x150.jpg\" alt=\"History live\" width=\"150\" height=\"150\" srcset=\"https:\/\/biblioteka.kolobrzeg.pl\/wp-content\/uploads\/2025\/10\/historylive1609251-150x150.jpg 150w, https:\/\/biblioteka.kolobrzeg.pl\/wp-content\/uploads\/2025\/10\/historylive1609251-144x144.jpg 144w\" sizes=\"auto, (max-width: 150px) 100vw, 150px\" \/><\/a>We wtorek, 16 wrze\u015bnia, odby\u0142o si\u0119 pierwsze spotkanie w cyklu \u201eHistory Live \u2013 historia, kt\u00f3ra \u017cyje!\u201d, zorganizowane w ramach konkursu na inicjatywy lokalne \u201eRazem mo\u017cemy wi\u0119cej\u201d.<!--more--><\/p>\n<p>Tematem przewodnim wieczoru by\u0142 \u201eCzas wojen, czas pokoju \u2013 relacje polsko-ukrai\u0144skie w XX wieku\u201d. Uczestnicy mieli okazj\u0119 przyjrze\u0107 si\u0119 z\u0142o\u017conym losom obu narod\u00f3w \u2013 od dramatycznych wydarze\u0144 wojennych, przez powojenne napi\u0119cia, a\u017c po proces pojednania i wsp\u00f3\u0142czesne wyzwania.<\/p>\n<p>Spotkanie poprowadzi\u0142 \u0141ukasz G\u0142adysiak &#8211; historyk, doktor nauk humanistycznych, dziennikarz i nauczyciel, kt\u00f3ry w anga\u017cuj\u0105cy spos\u00f3b przedstawi\u0142 kontekst historyczny oraz zaprosi\u0142 uczestnik\u00f3w do dyskusji.<\/p>\n<p>By\u0142o to pierwsze z cyklu spotka\u0144, kt\u00f3re w kolejnych tygodniach b\u0119d\u0105 przybli\u017ca\u0107 r\u00f3\u017cne aspekty historii w formule otwartej rozmowy, analizy \u017ar\u00f3de\u0142 i wsp\u00f3lnego odkrywania powi\u0105za\u0144 mi\u0119dzy przesz\u0142o\u015bci\u0105 a tera\u017aniejszo\u015bci\u0105.<\/p>\n<p>Pomys\u0142odawc\u0105 projektu jest Yurii Hizhevskyi, kt\u00f3rego inicjatywa zosta\u0142a doceniona w konkursie \u201eRazem mo\u017cemy wi\u0119cej\u201d.<\/p>\n<p>Serdecznie dzi\u0119kujemy wszystkim, kt\u00f3rzy wzi\u0119li udzia\u0142 w wydarzeniu i zapraszamy na kolejne spotkania.<\/p>\n<p>Spotkanie zosta\u0142o zrealizowane w ramach zadania \u201eBiblioteka naturalnie\u201d, b\u0119d\u0105cego cz\u0119\u015bci\u0105 projektu BLISKO \u2013 Biblioteka | Lokalno\u015b\u0107 | Inicjatywy | Spo\u0142eczno\u015b\u0107 | Kooperacja | Oddolno\u015b\u0107.<\/p>\n<p>Dofinansowano ze \u015brodk\u00f3w Ministerstwa Kultury i Dziedzictwa Narodowego w ramach realizacji Narodowego Programu Rozwoju Czytelnictwa 2.0 na lata 2021\u20132025.<\/p>\n\n\t\t<style type=\"text\/css\">\n\t\t\t#gallery-1 {\n\t\t\t\tmargin: auto;\n\t\t\t}\n\t\t\t#gallery-1 .gallery-item {\n\t\t\t\tfloat: left;\n\t\t\t\tmargin-top: 10px;\n\t\t\t\ttext-align: center;\n\t\t\t\twidth: 25%;\n\t\t\t}\n\t\t\t#gallery-1 img {\n\t\t\t\tborder: 2px solid #cfcfcf;\n\t\t\t}\n\t\t\t#gallery-1 .gallery-caption {\n\t\t\t\tmargin-left: 0;\n\t\t\t}\n\t\t\t\/* see gallery_shortcode() in wp-includes\/media.php *\/\n\t\t<\/style>\n\t\t<div id='gallery-1' class='gallery galleryid-33497 gallery-columns-4 gallery-size-thumbnail'><dl class='gallery-item'>\n\t\t\t<dt class='gallery-icon landscape'>\n\t\t\t\t<a href='https:\/\/biblioteka.kolobrzeg.pl\/wp-content\/uploads\/2025\/10\/historylive1609253.jpg' title=\"\" data-rl_title=\"\" class=\"rl-gallery-link\" data-rl_caption=\"\" data-rel=\"lightbox-gallery-1\"><img loading=\"lazy\" decoding=\"async\" width=\"150\" height=\"150\" src=\"https:\/\/biblioteka.kolobrzeg.pl\/wp-content\/uploads\/2025\/10\/historylive1609253-150x150.jpg\" class=\"attachment-thumbnail size-thumbnail\" alt=\"History live\" srcset=\"https:\/\/biblioteka.kolobrzeg.pl\/wp-content\/uploads\/2025\/10\/historylive1609253-150x150.jpg 150w, https:\/\/biblioteka.kolobrzeg.pl\/wp-content\/uploads\/2025\/10\/historylive1609253-144x144.jpg 144w\" sizes=\"auto, (max-width: 150px) 100vw, 150px\" \/><\/a>\n\t\t\t<\/dt><\/dl><dl class='gallery-item'>\n\t\t\t<dt class='gallery-icon landscape'>\n\t\t\t\t<a href='https:\/\/biblioteka.kolobrzeg.pl\/wp-content\/uploads\/2025\/10\/historylive1609251.jpg' title=\"\" data-rl_title=\"\" class=\"rl-gallery-link\" data-rl_caption=\"\" data-rel=\"lightbox-gallery-1\"><img loading=\"lazy\" decoding=\"async\" width=\"150\" height=\"150\" src=\"https:\/\/biblioteka.kolobrzeg.pl\/wp-content\/uploads\/2025\/10\/historylive1609251-150x150.jpg\" class=\"attachment-thumbnail size-thumbnail\" alt=\"History live\" srcset=\"https:\/\/biblioteka.kolobrzeg.pl\/wp-content\/uploads\/2025\/10\/historylive1609251-150x150.jpg 150w, https:\/\/biblioteka.kolobrzeg.pl\/wp-content\/uploads\/2025\/10\/historylive1609251-144x144.jpg 144w\" sizes=\"auto, (max-width: 150px) 100vw, 150px\" \/><\/a>\n\t\t\t<\/dt><\/dl><dl class='gallery-item'>\n\t\t\t<dt class='gallery-icon landscape'>\n\t\t\t\t<a href='https:\/\/biblioteka.kolobrzeg.pl\/wp-content\/uploads\/2025\/10\/historylive1609254.jpg' title=\"\" data-rl_title=\"\" class=\"rl-gallery-link\" data-rl_caption=\"\" data-rel=\"lightbox-gallery-1\"><img loading=\"lazy\" decoding=\"async\" width=\"150\" height=\"150\" src=\"https:\/\/biblioteka.kolobrzeg.pl\/wp-content\/uploads\/2025\/10\/historylive1609254-150x150.jpg\" class=\"attachment-thumbnail size-thumbnail\" alt=\"History live\" srcset=\"https:\/\/biblioteka.kolobrzeg.pl\/wp-content\/uploads\/2025\/10\/historylive1609254-150x150.jpg 150w, https:\/\/biblioteka.kolobrzeg.pl\/wp-content\/uploads\/2025\/10\/historylive1609254-144x144.jpg 144w\" sizes=\"auto, (max-width: 150px) 100vw, 150px\" \/><\/a>\n\t\t\t<\/dt><\/dl><dl class='gallery-item'>\n\t\t\t<dt class='gallery-icon landscape'>\n\t\t\t\t<a href='https:\/\/biblioteka.kolobrzeg.pl\/wp-content\/uploads\/2025\/10\/historylive1609252.jpg' title=\"\" data-rl_title=\"\" class=\"rl-gallery-link\" data-rl_caption=\"\" data-rel=\"lightbox-gallery-1\"><img loading=\"lazy\" decoding=\"async\" width=\"150\" height=\"150\" src=\"https:\/\/biblioteka.kolobrzeg.pl\/wp-content\/uploads\/2025\/10\/historylive1609252-150x150.jpg\" class=\"attachment-thumbnail size-thumbnail\" alt=\"History live\" srcset=\"https:\/\/biblioteka.kolobrzeg.pl\/wp-content\/uploads\/2025\/10\/historylive1609252-150x150.jpg 150w, https:\/\/biblioteka.kolobrzeg.pl\/wp-content\/uploads\/2025\/10\/historylive1609252-144x144.jpg 144w\" sizes=\"auto, (max-width: 150px) 100vw, 150px\" \/><\/a>\n\t\t\t<\/dt><\/dl><br style=\"clear: both\" \/>\n\t\t<\/div>\n\n","protected":false},"excerpt":{"rendered":"<p>We wtorek, 16 wrze\u015bnia, odby\u0142o si\u0119 pierwsze spotkanie w cyklu \u201eHistory Live \u2013 historia, kt\u00f3ra \u017cyje!\u201d, zorganizowane w ramach konkursu na inicjatywy lokalne \u201eRazem mo\u017cemy wi\u0119cej\u201d.<\/p><p><a class=\"more-link block-button\" href=\"https:\/\/biblioteka.kolobrzeg.pl\/index.php\/2025\/09\/16\/history-live-2\/\">Kontynuuj czytanie &raquo;<\/a><\/p>\n","protected":false},"author":1,"featured_media":33501,"comment_status":"closed","ping_status":"closed","sticky":false,"template":"","format":"standard","meta":{"jetpack_post_was_ever_published":false,"_jetpack_newsletter_access":"","_jetpack_dont_email_post_to_subs":false,"_jetpack_newsletter_tier_id":0,"_jetpack_memberships_contains_paywalled_content":false,"_jetpack_memberships_contains_paid_content":false,"footnotes":"","jetpack_publicize_message":"","jetpack_publicize_feature_enabled":true,"jetpack_social_post_already_shared":true,"jetpack_social_options":{"image_generator_settings":{"template":"highway","default_image_id":0,"font":"","enabled":false},"version":2}},"categories":[542,579,21],"tags":[],"class_list":["post-33497","post","type-post","status-publish","format-standard","has-post-thumbnail","hentry","category-biblioteka-glowna","category-biblioteka-naturalnie","category-spotkania"],"jetpack_publicize_connections":[],"jetpack_featured_media_url":"https:\/\/biblioteka.kolobrzeg.pl\/wp-content\/uploads\/2025\/10\/historylive1609251.jpg","jetpack_likes_enabled":true,"jetpack_sharing_enabled":true,"_links":{"self":[{"href":"https:\/\/biblioteka.kolobrzeg.pl\/index.php\/wp-json\/wp\/v2\/posts\/33497","targetHints":{"allow":["GET"]}}],"collection":[{"href":"https:\/\/biblioteka.kolobrzeg.pl\/index.php\/wp-json\/wp\/v2\/posts"}],"about":[{"href":"https:\/\/biblioteka.kolobrzeg.pl\/index.php\/wp-json\/wp\/v2\/types\/post"}],"author":[{"embeddable":true,"href":"https:\/\/biblioteka.kolobrzeg.pl\/index.php\/wp-json\/wp\/v2\/users\/1"}],"replies":[{"embeddable":true,"href":"https:\/\/biblioteka.kolobrzeg.pl\/index.php\/wp-json\/wp\/v2\/comments?post=33497"}],"version-history":[{"count":0,"href":"https:\/\/biblioteka.kolobrzeg.pl\/index.php\/wp-json\/wp\/v2\/posts\/33497\/revisions"}],"wp:featuredmedia":[{"embeddable":true,"href":"https:\/\/biblioteka.kolobrzeg.pl\/index.php\/wp-json\/wp\/v2\/media\/33501"}],"wp:attachment":[{"href":"https:\/\/biblioteka.kolobrzeg.pl\/index.php\/wp-json\/wp\/v2\/media?parent=33497"}],"wp:term":[{"taxonomy":"category","embeddable":true,"href":"https:\/\/biblioteka.kolobrzeg.pl\/index.php\/wp-json\/wp\/v2\/categories?post=33497"},{"taxonomy":"post_tag","embeddable":true,"href":"https:\/\/biblioteka.kolobrzeg.pl\/index.php\/wp-json\/wp\/v2\/tags?post=33497"}],"curies":[{"name":"wp","href":"https:\/\/api.w.org\/{rel}","templated":true}]}}