{"id":33509,"date":"2025-10-10T12:48:00","date_gmt":"2025-10-10T10:48:00","guid":{"rendered":"https:\/\/biblioteka.kolobrzeg.pl\/?p=33509"},"modified":"2025-10-10T12:48:01","modified_gmt":"2025-10-10T10:48:01","slug":"zywa-biblioteka","status":"publish","type":"post","link":"https:\/\/biblioteka.kolobrzeg.pl\/index.php\/2025\/10\/10\/zywa-biblioteka\/","title":{"rendered":"\u017bywa Biblioteka"},"content":{"rendered":"<p><a href=\"https:\/\/biblioteka.kolobrzeg.pl\/wp-content\/uploads\/2025\/10\/zywabib181025.jpg\" data-rel=\"lightbox-image-0\" data-rl_title=\"\" data-rl_caption=\"\" title=\"\"><img loading=\"lazy\" decoding=\"async\" class=\"alignleft wp-image-33510\" src=\"https:\/\/biblioteka.kolobrzeg.pl\/wp-content\/uploads\/2025\/10\/zywabib181025.jpg\" alt=\"\u017bywa Biblioteka\" width=\"106\" height=\"150\" \/><\/a>\u201eKa\u017cda osoba ma w\u0142asn\u0105 histori\u0119, kt\u00f3r\u0105 warto przeczyta\u0107&#8221;<\/p>\n<p>18 pa\u017adziernika 2025 r. w godzinach 16:00\u201318:00 w Bibliotece Miejskiej przy ul. Frankowskiego 3 w Ko\u0142obrzegu odb\u0119dzie si\u0119 wyj\u0105tkowe wydarzenie \u2013 \u017bywa Biblioteka, organizowane przez Stowarzyszenie R\u00f3wny Brzeg i Miejsk\u0105 bibliotek\u0119 publiczn\u0105 w Ko\u0142obrzegu.<!--more--><\/p>\n<p>Czym jest \u017bywa Biblioteka? To przestrze\u0144 dialogu i spotka\u0144, w kt\u00f3rej \u201eksi\u0105\u017ckami&#8221; s\u0105 ludzie reprezentuj\u0105cy r\u00f3\u017cne grupy spo\u0142eczne, cz\u0119sto nara\u017cone na wykluczenie, uprzedzenia i stereotypy. Ka\u017cdy uczestnik mo\u017ce \u201ewypo\u017cyczy\u0107&#8221; tak\u0105 ksi\u0105\u017ck\u0119 \u2013 czyli rozpocz\u0105\u0107 rozmow\u0119, zadawa\u0107 pytania i us\u0142ysze\u0107 histori\u0119, kt\u00f3rej nie znajdzie si\u0119 na p\u00f3\u0142kach tradycyjnej biblioteki.<\/p>\n<p>Podczas spotkania poruszone zostan\u0105 m.in. tematy: transp\u0142ciowo\u015bci, t\u0119czowego rodzicielstwa, aktywizmu oraz roli kobiety w mundurze. To okazja do poszerzenia perspektyw, prze\u0142amania barier i lepszego zrozumienia drugiego cz\u0142owieka.<\/p>\n<p>Wst\u0119p wolny.<\/p>\n<p>Zapraszamy wszystkich, kt\u00f3rzy chc\u0105 do\u015bwiadczy\u0107, \u017ce ka\u017cda osoba ma histori\u0119 wart\u0105 przeczytania!<\/p>\n<p>Spotkanie realizowane w ramach zadania Biblioteka naturalnie, kt\u00f3re stanowi cz\u0119\u015b\u0107 projektu BLISKO \u2013 Biblioteka | Lokalno\u015b\u0107 | Inicjatywy | Spo\u0142eczno\u015b\u0107 | Kooperacja | Oddolno\u015b\u0107, Priorytet 4 Narodowego Programu Rozwoju Czytelnictwa 2.0 na lata 2021-2025.<\/p>\n<p>Dofinansowano ze \u015brodk\u00f3w Ministerstwa Kultury i Dziedzictwa Narodowego w ramach realizacji Narodowego Programu Rozwoju Czytelnictwa 2.0 na lata 2021-2025.<\/p>\n","protected":false},"excerpt":{"rendered":"<p>\u201eKa\u017cda osoba ma w\u0142asn\u0105 histori\u0119, kt\u00f3r\u0105 warto przeczyta\u0107&#8221; 18 pa\u017adziernika 2025 r. w godzinach 16:00\u201318:00 w Bibliotece Miejskiej przy ul. Frankowskiego 3 w Ko\u0142obrzegu odb\u0119dzie si\u0119 wyj\u0105tkowe wydarzenie \u2013 \u017bywa Biblioteka, organizowane przez Stowarzyszenie R\u00f3wny Brzeg i Miejsk\u0105 bibliotek\u0119 publiczn\u0105 w Ko\u0142obrzegu.<\/p><p><a class=\"more-link block-button\" href=\"https:\/\/biblioteka.kolobrzeg.pl\/index.php\/2025\/10\/10\/zywa-biblioteka\/\">Kontynuuj czytanie &raquo;<\/a><\/p>\n","protected":false},"author":1,"featured_media":33510,"comment_status":"closed","ping_status":"closed","sticky":false,"template":"","format":"standard","meta":{"jetpack_post_was_ever_published":false,"_jetpack_newsletter_access":"","_jetpack_dont_email_post_to_subs":false,"_jetpack_newsletter_tier_id":0,"_jetpack_memberships_contains_paywalled_content":false,"_jetpack_memberships_contains_paid_content":false,"footnotes":"","jetpack_publicize_message":"","jetpack_publicize_feature_enabled":true,"jetpack_social_post_already_shared":true,"jetpack_social_options":{"image_generator_settings":{"template":"highway","default_image_id":0,"font":"","enabled":false},"version":2}},"categories":[542,579],"tags":[],"class_list":["post-33509","post","type-post","status-publish","format-standard","has-post-thumbnail","hentry","category-biblioteka-glowna","category-biblioteka-naturalnie"],"jetpack_publicize_connections":[],"jetpack_featured_media_url":"https:\/\/biblioteka.kolobrzeg.pl\/wp-content\/uploads\/2025\/10\/zywabib181025.jpg","jetpack_likes_enabled":true,"jetpack_sharing_enabled":true,"_links":{"self":[{"href":"https:\/\/biblioteka.kolobrzeg.pl\/index.php\/wp-json\/wp\/v2\/posts\/33509","targetHints":{"allow":["GET"]}}],"collection":[{"href":"https:\/\/biblioteka.kolobrzeg.pl\/index.php\/wp-json\/wp\/v2\/posts"}],"about":[{"href":"https:\/\/biblioteka.kolobrzeg.pl\/index.php\/wp-json\/wp\/v2\/types\/post"}],"author":[{"embeddable":true,"href":"https:\/\/biblioteka.kolobrzeg.pl\/index.php\/wp-json\/wp\/v2\/users\/1"}],"replies":[{"embeddable":true,"href":"https:\/\/biblioteka.kolobrzeg.pl\/index.php\/wp-json\/wp\/v2\/comments?post=33509"}],"version-history":[{"count":0,"href":"https:\/\/biblioteka.kolobrzeg.pl\/index.php\/wp-json\/wp\/v2\/posts\/33509\/revisions"}],"wp:featuredmedia":[{"embeddable":true,"href":"https:\/\/biblioteka.kolobrzeg.pl\/index.php\/wp-json\/wp\/v2\/media\/33510"}],"wp:attachment":[{"href":"https:\/\/biblioteka.kolobrzeg.pl\/index.php\/wp-json\/wp\/v2\/media?parent=33509"}],"wp:term":[{"taxonomy":"category","embeddable":true,"href":"https:\/\/biblioteka.kolobrzeg.pl\/index.php\/wp-json\/wp\/v2\/categories?post=33509"},{"taxonomy":"post_tag","embeddable":true,"href":"https:\/\/biblioteka.kolobrzeg.pl\/index.php\/wp-json\/wp\/v2\/tags?post=33509"}],"curies":[{"name":"wp","href":"https:\/\/api.w.org\/{rel}","templated":true}]}}