{"id":33676,"date":"2025-10-21T11:14:05","date_gmt":"2025-10-21T09:14:05","guid":{"rendered":"https:\/\/biblioteka.kolobrzeg.pl\/?p=33676"},"modified":"2025-11-14T11:21:09","modified_gmt":"2025-11-14T10:21:09","slug":"podcast-2","status":"publish","type":"post","link":"https:\/\/biblioteka.kolobrzeg.pl\/index.php\/2025\/10\/21\/podcast-2\/","title":{"rendered":"Podcast"},"content":{"rendered":"<p><img loading=\"lazy\" decoding=\"async\" class=\"alignleft wp-image-33677 size-thumbnail\" src=\"https:\/\/biblioteka.kolobrzeg.pl\/wp-content\/uploads\/2025\/11\/podcast211025-150x150.jpg\" alt=\"Podcast\" width=\"150\" height=\"150\" srcset=\"https:\/\/biblioteka.kolobrzeg.pl\/wp-content\/uploads\/2025\/11\/podcast211025-150x150.jpg 150w, https:\/\/biblioteka.kolobrzeg.pl\/wp-content\/uploads\/2025\/11\/podcast211025-144x144.jpg 144w\" sizes=\"auto, (max-width: 150px) 100vw, 150px\" \/>Odcinek 2: \u201eJak zach\u0119ca\u0107 dziecko, \u017ceby nie zniech\u0119ca\u0107?&#8221;<\/p>\n<p>W drugim odcinku Karolina Miller-Milanowska rozmawia z psycholog Mart\u0105 Ustianowsk\u0105-Augustowsk\u0105 o presji sukcesu, oczekiwaniach wobec dzieci i sile relacji zamiast kontroli.<!--more--><\/p>\n<p>Us\u0142yszysz m. in.:<\/p>\n<ul>\n<li>jak odr\u00f3\u017cni\u0107 wspieranie od sterowania rozwojem<\/li>\n<li>dlaczego dzieci boj\u0105 si\u0119 dzi\u015b pope\u0142nia\u0107 b\u0142\u0119dy<\/li>\n<li>jak \u201emniej zaj\u0119\u0107&#8221; i \u201ewi\u0119cej obecno\u015bci&#8221; mo\u017ce pom\u00f3c w budowaniu odporno\u015bci<\/li>\n<li>dlaczego relacja zawsze b\u0119dzie wa\u017cniejsza ni\u017c wynik<\/li>\n<\/ul>\n<p>Dodatkowe pozycje dzieci\u0119ce dost\u0119pne w Bibliotece na Ogrodach<br \/>\nOdwagi zaj\u0105czku! \u2013 Nicola Kinnear<br \/>\nSta\u015b P\u0119telka. Najlepszy przyjaciel<br \/>\nWyobra\u017a sobie \u2013 Patricia Ford<br \/>\n\u017begnaj nied\u017awiadku \u2013 Jane Chapman<br \/>\nNie b\u00f3j si\u0119 mnie \u2013 Raahat Kaduji<br \/>\nMysz, kt\u00f3ra chcia\u0142a by\u0107 lwem \u2013 Rachel Bright<\/p>\n<p><a href=\"https:\/\/www.youtube.com\/watch?v=l0lu9MaPVbc\">https:\/\/www.youtube.com\/watch?v=l0lu9MaPVbc<\/a><\/p>\n<p>Podcasty realizowane w ramach zadania Biblioteka naturalnie, kt\u00f3re stanowi cz\u0119\u015b\u0107 projektu BLISKO \u2013 Biblioteka | Lokalno\u015b\u0107 | Inicjatywy | Spo\u0142eczno\u015b\u0107 | Kooperacja | Oddolno\u015b\u0107, Priorytet 4 Narodowego Programu Rozwoju Czytelnictwa 2.0 na lata 2021-2025.<\/p>\n<p>Dofinansowano ze \u015brodk\u00f3w Ministerstwa Kultury i Dziedzictwa Narodowego w ramach realizacji Narodowego Programu Rozwoju Czytelnictwa 2.0 na lata 2021-2025.<\/p>\n<p>Pos\u0142uchaj i zastan\u00f3w si\u0119: czy Twoje dziecko potrzebuje dzi\u015b kolejnych kurs\u00f3w&#8230; czy raczej Twojej spokojnej obecno\u015bci?<\/p>\n","protected":false},"excerpt":{"rendered":"<p>Odcinek 2: \u201eJak zach\u0119ca\u0107 dziecko, \u017ceby nie zniech\u0119ca\u0107?&#8221; W drugim odcinku Karolina Miller-Milanowska rozmawia z psycholog Mart\u0105 Ustianowsk\u0105-Augustowsk\u0105 o presji sukcesu, oczekiwaniach wobec dzieci i sile relacji zamiast kontroli.<\/p><p><a class=\"more-link block-button\" href=\"https:\/\/biblioteka.kolobrzeg.pl\/index.php\/2025\/10\/21\/podcast-2\/\">Kontynuuj czytanie &raquo;<\/a><\/p>\n","protected":false},"author":1,"featured_media":33677,"comment_status":"closed","ping_status":"closed","sticky":false,"template":"","format":"standard","meta":{"jetpack_post_was_ever_published":false,"_jetpack_newsletter_access":"","_jetpack_dont_email_post_to_subs":false,"_jetpack_newsletter_tier_id":0,"_jetpack_memberships_contains_paywalled_content":false,"_jetpack_memberships_contains_paid_content":false,"footnotes":"","jetpack_publicize_message":"","jetpack_publicize_feature_enabled":true,"jetpack_social_post_already_shared":true,"jetpack_social_options":{"image_generator_settings":{"template":"highway","default_image_id":0,"font":"","enabled":false},"version":2}},"categories":[579],"tags":[],"class_list":["post-33676","post","type-post","status-publish","format-standard","has-post-thumbnail","hentry","category-biblioteka-naturalnie"],"jetpack_publicize_connections":[],"jetpack_featured_media_url":"https:\/\/biblioteka.kolobrzeg.pl\/wp-content\/uploads\/2025\/11\/podcast211025.jpg","jetpack_likes_enabled":true,"jetpack_sharing_enabled":true,"_links":{"self":[{"href":"https:\/\/biblioteka.kolobrzeg.pl\/index.php\/wp-json\/wp\/v2\/posts\/33676","targetHints":{"allow":["GET"]}}],"collection":[{"href":"https:\/\/biblioteka.kolobrzeg.pl\/index.php\/wp-json\/wp\/v2\/posts"}],"about":[{"href":"https:\/\/biblioteka.kolobrzeg.pl\/index.php\/wp-json\/wp\/v2\/types\/post"}],"author":[{"embeddable":true,"href":"https:\/\/biblioteka.kolobrzeg.pl\/index.php\/wp-json\/wp\/v2\/users\/1"}],"replies":[{"embeddable":true,"href":"https:\/\/biblioteka.kolobrzeg.pl\/index.php\/wp-json\/wp\/v2\/comments?post=33676"}],"version-history":[{"count":1,"href":"https:\/\/biblioteka.kolobrzeg.pl\/index.php\/wp-json\/wp\/v2\/posts\/33676\/revisions"}],"predecessor-version":[{"id":33678,"href":"https:\/\/biblioteka.kolobrzeg.pl\/index.php\/wp-json\/wp\/v2\/posts\/33676\/revisions\/33678"}],"wp:featuredmedia":[{"embeddable":true,"href":"https:\/\/biblioteka.kolobrzeg.pl\/index.php\/wp-json\/wp\/v2\/media\/33677"}],"wp:attachment":[{"href":"https:\/\/biblioteka.kolobrzeg.pl\/index.php\/wp-json\/wp\/v2\/media?parent=33676"}],"wp:term":[{"taxonomy":"category","embeddable":true,"href":"https:\/\/biblioteka.kolobrzeg.pl\/index.php\/wp-json\/wp\/v2\/categories?post=33676"},{"taxonomy":"post_tag","embeddable":true,"href":"https:\/\/biblioteka.kolobrzeg.pl\/index.php\/wp-json\/wp\/v2\/tags?post=33676"}],"curies":[{"name":"wp","href":"https:\/\/api.w.org\/{rel}","templated":true}]}}