{"id":33718,"date":"2025-10-15T14:27:26","date_gmt":"2025-10-15T12:27:26","guid":{"rendered":"https:\/\/biblioteka.kolobrzeg.pl\/?p=33718"},"modified":"2025-11-17T14:46:26","modified_gmt":"2025-11-17T13:46:26","slug":"kreatywne-warsztaty-dla-mlodziezy","status":"publish","type":"post","link":"https:\/\/biblioteka.kolobrzeg.pl\/index.php\/2025\/10\/15\/kreatywne-warsztaty-dla-mlodziezy\/","title":{"rendered":"Kreatywne warsztaty dla m\u0142odzie\u017cy"},"content":{"rendered":"<p><img loading=\"lazy\" decoding=\"async\" class=\"alignleft wp-image-33721 size-thumbnail\" src=\"https:\/\/biblioteka.kolobrzeg.pl\/wp-content\/uploads\/2025\/11\/zaczytani1510253-150x150.jpg\" alt=\"Kreatywne warsztaty dla m\u0142odzie\u017cy\" width=\"150\" height=\"150\" srcset=\"https:\/\/biblioteka.kolobrzeg.pl\/wp-content\/uploads\/2025\/11\/zaczytani1510253-150x150.jpg 150w, https:\/\/biblioteka.kolobrzeg.pl\/wp-content\/uploads\/2025\/11\/zaczytani1510253-144x144.jpg 144w\" sizes=\"auto, (max-width: 150px) 100vw, 150px\" \/>Zaczytani i zainspirowani \u2013 kreatywne warsztaty dla m\u0142odzie\u017cy.<!--more--><\/p>\n<p>Podczas kolejnych zaj\u0119\u0107 z cyklu \u201eZaczytani i zainspirowani\u201d m\u0142odzie\u017c tworzy\u0142a pi\u0119kne szkatu\u0142ki \u2013 du\u017co \u015bmiechu, rozm\u00f3w i kreatywnego ba\u0142aganu\u2026 czyli dok\u0142adnie tak, jak lubimy.<\/p>\n<p>Pomys\u0142odawczyni\u0105 projektu jest Ola Kaczmarek, kt\u00f3rej inicjatywa zosta\u0142a wyr\u00f3\u017cniona w konkursie \u201eRazem mo\u017cemy wi\u0119cej\u201d.<\/p>\n<p>Do\u0142\u0105czcie do nas.<\/p>\n<p>Ostatnie spotkanie ju\u017c 22 pa\u017adziernika 2025 r. o godz. 17:00 \u2013 nie przegapcie.<\/p>\n<p>Warsztaty zrealizowano w ramach zadania \u201eBiblioteka naturalnie\u201d, b\u0119d\u0105cego cz\u0119\u015bci\u0105 projektu BLISKO \u2013 Biblioteka | Lokalno\u015b\u0107 | Inicjatywy | Spo\u0142eczno\u015b\u0107 | Kooperacja | Oddolno\u015b\u0107.<\/p>\n<p>Dofinansowano ze \u015brodk\u00f3w Ministerstwa Kultury i Dziedzictwa Narodowego w ramach realizacji Narodowego Programu Rozwoju Czytelnictwa 2.0 na lata 2021\u20132025.<\/p>\n\n\n\t\t<style type=\"text\/css\">\n\t\t\t#gallery-1 {\n\t\t\t\tmargin: auto;\n\t\t\t}\n\t\t\t#gallery-1 .gallery-item {\n\t\t\t\tfloat: left;\n\t\t\t\tmargin-top: 10px;\n\t\t\t\ttext-align: center;\n\t\t\t\twidth: 25%;\n\t\t\t}\n\t\t\t#gallery-1 img {\n\t\t\t\tborder: 2px solid #cfcfcf;\n\t\t\t}\n\t\t\t#gallery-1 .gallery-caption {\n\t\t\t\tmargin-left: 0;\n\t\t\t}\n\t\t\t\/* see gallery_shortcode() in wp-includes\/media.php *\/\n\t\t<\/style>\n\t\t<div id='gallery-1' class='gallery galleryid-33718 gallery-columns-4 gallery-size-thumbnail'><dl class='gallery-item'>\n\t\t\t<dt class='gallery-icon landscape'>\n\t\t\t\t<a href='https:\/\/biblioteka.kolobrzeg.pl\/wp-content\/uploads\/2025\/11\/zaczytani1510254.jpg' title=\"\" data-rl_title=\"\" class=\"rl-gallery-link\" data-rl_caption=\"\" data-rel=\"lightbox-gallery-1\"><img loading=\"lazy\" decoding=\"async\" width=\"150\" height=\"150\" src=\"https:\/\/biblioteka.kolobrzeg.pl\/wp-content\/uploads\/2025\/11\/zaczytani1510254-150x150.jpg\" class=\"attachment-thumbnail size-thumbnail\" alt=\"Kreatywne warsztaty dla m\u0142odzie\u017cy\" srcset=\"https:\/\/biblioteka.kolobrzeg.pl\/wp-content\/uploads\/2025\/11\/zaczytani1510254-150x150.jpg 150w, https:\/\/biblioteka.kolobrzeg.pl\/wp-content\/uploads\/2025\/11\/zaczytani1510254-144x144.jpg 144w\" sizes=\"auto, (max-width: 150px) 100vw, 150px\" \/><\/a>\n\t\t\t<\/dt><\/dl><dl class='gallery-item'>\n\t\t\t<dt class='gallery-icon landscape'>\n\t\t\t\t<a href='https:\/\/biblioteka.kolobrzeg.pl\/wp-content\/uploads\/2025\/11\/zaczytani1510253.jpg' title=\"\" data-rl_title=\"\" class=\"rl-gallery-link\" data-rl_caption=\"\" data-rel=\"lightbox-gallery-1\"><img loading=\"lazy\" decoding=\"async\" width=\"150\" height=\"150\" src=\"https:\/\/biblioteka.kolobrzeg.pl\/wp-content\/uploads\/2025\/11\/zaczytani1510253-150x150.jpg\" class=\"attachment-thumbnail size-thumbnail\" alt=\"Kreatywne warsztaty dla m\u0142odzie\u017cy\" srcset=\"https:\/\/biblioteka.kolobrzeg.pl\/wp-content\/uploads\/2025\/11\/zaczytani1510253-150x150.jpg 150w, https:\/\/biblioteka.kolobrzeg.pl\/wp-content\/uploads\/2025\/11\/zaczytani1510253-144x144.jpg 144w\" sizes=\"auto, (max-width: 150px) 100vw, 150px\" \/><\/a>\n\t\t\t<\/dt><\/dl><dl class='gallery-item'>\n\t\t\t<dt class='gallery-icon landscape'>\n\t\t\t\t<a href='https:\/\/biblioteka.kolobrzeg.pl\/wp-content\/uploads\/2025\/11\/zaczytani1510252.jpg' title=\"\" data-rl_title=\"\" class=\"rl-gallery-link\" data-rl_caption=\"\" data-rel=\"lightbox-gallery-1\"><img loading=\"lazy\" decoding=\"async\" width=\"150\" height=\"150\" src=\"https:\/\/biblioteka.kolobrzeg.pl\/wp-content\/uploads\/2025\/11\/zaczytani1510252-150x150.jpg\" class=\"attachment-thumbnail size-thumbnail\" alt=\"Kreatywne warsztaty dla m\u0142odzie\u017cy\" srcset=\"https:\/\/biblioteka.kolobrzeg.pl\/wp-content\/uploads\/2025\/11\/zaczytani1510252-150x150.jpg 150w, https:\/\/biblioteka.kolobrzeg.pl\/wp-content\/uploads\/2025\/11\/zaczytani1510252-144x144.jpg 144w\" sizes=\"auto, (max-width: 150px) 100vw, 150px\" \/><\/a>\n\t\t\t<\/dt><\/dl><dl class='gallery-item'>\n\t\t\t<dt class='gallery-icon landscape'>\n\t\t\t\t<a href='https:\/\/biblioteka.kolobrzeg.pl\/wp-content\/uploads\/2025\/11\/zaczytani1510251.jpg' title=\"\" data-rl_title=\"\" class=\"rl-gallery-link\" data-rl_caption=\"\" data-rel=\"lightbox-gallery-1\"><img loading=\"lazy\" decoding=\"async\" width=\"150\" height=\"150\" src=\"https:\/\/biblioteka.kolobrzeg.pl\/wp-content\/uploads\/2025\/11\/zaczytani1510251-150x150.jpg\" class=\"attachment-thumbnail size-thumbnail\" alt=\"Kreatywne warsztaty dla m\u0142odzie\u017cy\" srcset=\"https:\/\/biblioteka.kolobrzeg.pl\/wp-content\/uploads\/2025\/11\/zaczytani1510251-150x150.jpg 150w, https:\/\/biblioteka.kolobrzeg.pl\/wp-content\/uploads\/2025\/11\/zaczytani1510251-144x144.jpg 144w\" sizes=\"auto, (max-width: 150px) 100vw, 150px\" \/><\/a>\n\t\t\t<\/dt><\/dl><br style=\"clear: both\" \/>\n\t\t<\/div>\n\n\n\n<p><\/p>\n","protected":false},"excerpt":{"rendered":"<p>Zaczytani i zainspirowani \u2013 kreatywne warsztaty dla m\u0142odzie\u017cy.<\/p><p><a class=\"more-link block-button\" href=\"https:\/\/biblioteka.kolobrzeg.pl\/index.php\/2025\/10\/15\/kreatywne-warsztaty-dla-mlodziezy\/\">Kontynuuj czytanie &raquo;<\/a><\/p>\n","protected":false},"author":1,"featured_media":33721,"comment_status":"closed","ping_status":"closed","sticky":false,"template":"","format":"standard","meta":{"jetpack_post_was_ever_published":false,"_jetpack_newsletter_access":"","_jetpack_dont_email_post_to_subs":false,"_jetpack_newsletter_tier_id":0,"_jetpack_memberships_contains_paywalled_content":false,"_jetpack_memberships_contains_paid_content":false,"footnotes":"","jetpack_publicize_message":"","jetpack_publicize_feature_enabled":true,"jetpack_social_post_already_shared":true,"jetpack_social_options":{"image_generator_settings":{"template":"highway","default_image_id":0,"font":"","enabled":false},"version":2}},"categories":[542,579],"tags":[],"class_list":["post-33718","post","type-post","status-publish","format-standard","has-post-thumbnail","hentry","category-biblioteka-glowna","category-biblioteka-naturalnie"],"jetpack_publicize_connections":[],"jetpack_featured_media_url":"https:\/\/biblioteka.kolobrzeg.pl\/wp-content\/uploads\/2025\/11\/zaczytani1510253.jpg","jetpack_likes_enabled":true,"jetpack_sharing_enabled":true,"_links":{"self":[{"href":"https:\/\/biblioteka.kolobrzeg.pl\/index.php\/wp-json\/wp\/v2\/posts\/33718","targetHints":{"allow":["GET"]}}],"collection":[{"href":"https:\/\/biblioteka.kolobrzeg.pl\/index.php\/wp-json\/wp\/v2\/posts"}],"about":[{"href":"https:\/\/biblioteka.kolobrzeg.pl\/index.php\/wp-json\/wp\/v2\/types\/post"}],"author":[{"embeddable":true,"href":"https:\/\/biblioteka.kolobrzeg.pl\/index.php\/wp-json\/wp\/v2\/users\/1"}],"replies":[{"embeddable":true,"href":"https:\/\/biblioteka.kolobrzeg.pl\/index.php\/wp-json\/wp\/v2\/comments?post=33718"}],"version-history":[{"count":1,"href":"https:\/\/biblioteka.kolobrzeg.pl\/index.php\/wp-json\/wp\/v2\/posts\/33718\/revisions"}],"predecessor-version":[{"id":33723,"href":"https:\/\/biblioteka.kolobrzeg.pl\/index.php\/wp-json\/wp\/v2\/posts\/33718\/revisions\/33723"}],"wp:featuredmedia":[{"embeddable":true,"href":"https:\/\/biblioteka.kolobrzeg.pl\/index.php\/wp-json\/wp\/v2\/media\/33721"}],"wp:attachment":[{"href":"https:\/\/biblioteka.kolobrzeg.pl\/index.php\/wp-json\/wp\/v2\/media?parent=33718"}],"wp:term":[{"taxonomy":"category","embeddable":true,"href":"https:\/\/biblioteka.kolobrzeg.pl\/index.php\/wp-json\/wp\/v2\/categories?post=33718"},{"taxonomy":"post_tag","embeddable":true,"href":"https:\/\/biblioteka.kolobrzeg.pl\/index.php\/wp-json\/wp\/v2\/tags?post=33718"}],"curies":[{"name":"wp","href":"https:\/\/api.w.org\/{rel}","templated":true}]}}