{"id":33729,"date":"2025-10-08T14:46:14","date_gmt":"2025-10-08T12:46:14","guid":{"rendered":"https:\/\/biblioteka.kolobrzeg.pl\/?p=33729"},"modified":"2025-11-18T14:51:00","modified_gmt":"2025-11-18T13:51:00","slug":"warsztaty-12","status":"publish","type":"post","link":"https:\/\/biblioteka.kolobrzeg.pl\/index.php\/2025\/10\/08\/warsztaty-12\/","title":{"rendered":"Warsztaty"},"content":{"rendered":"<div class=\"wp-block-image\"><img loading=\"lazy\" decoding=\"async\" class=\"wpa-warning wpa-image-missing-alt alignleft wp-image-33728 size-thumbnail\" src=\"https:\/\/biblioteka.kolobrzeg.pl\/wp-content\/uploads\/2025\/11\/zaczytani0810252-150x150.jpg\" alt=\"\" width=\"150\" height=\"150\" data-warning=\"Missing alt text\" srcset=\"https:\/\/biblioteka.kolobrzeg.pl\/wp-content\/uploads\/2025\/11\/zaczytani0810252-150x150.jpg 150w, https:\/\/biblioteka.kolobrzeg.pl\/wp-content\/uploads\/2025\/11\/zaczytani0810252-144x144.jpg 144w\" sizes=\"auto, (max-width: 150px) 100vw, 150px\" \/><\/div>\n<p>Jesie\u0144 w pe\u0142ni, a my tworzymy z u\u015bmiechem.<\/p>\n<p>Podczas warsztat\u00f3w z cyklu \u201eZaczytani i zainspirowani\u201d m\u0142odzie\u017c wykreowa\u0142a barwne grzyby z betonu i patyk\u00f3w.<\/p>\n<p>By\u0142o du\u017co tw\u00f3rczej zabawy &#8211; a smartfony posz\u0142y w odstawk\u0119. Wsp\u00f3lne tworzenie okaza\u0142o si\u0119 \u015bwietnym sposobem na relaks i jesienne odpr\u0119\u017cenie.<\/p>\n<p>Pomys\u0142odawczyni\u0105 projektu jest Ola Kaczmarek, kt\u00f3rej inicjatywa zosta\u0142a wyr\u00f3\u017cniona w konkursie \u201eRazem mo\u017cemy wi\u0119cej\u201d.<\/p>\n<p>Do\u0142\u0105czcie do nas. Czekaj\u0105 kolejne spotkania pe\u0142ne kolor\u00f3w, inspiracji i dobrej energii.<\/p>\n<p>Warsztaty odbywaj\u0105 si\u0119 w ramach zadania \u201eBiblioteka naturalnie\u201d, realizowanego w projekcie BLISKO \u2013 Biblioteka | Lokalno\u015b\u0107 | Inicjatywy | Spo\u0142eczno\u015b\u0107 | Kooperacja | Oddolno\u015b\u0107, Priorytet 4 Narodowego Programu Rozwoju Czytelnictwa 2.0 na lata 2021\u20132025.<\/p>\n<p>Dofinansowano ze \u015brodk\u00f3w Ministerstwa Kultury i Dziedzictwa Narodowego w ramach realizacji Narodowego Programu Rozwoju Czytelnictwa 2.0 na lata 2021\u20132025.<\/p>\n\n\t\t<style type=\"text\/css\">\n\t\t\t#gallery-1 {\n\t\t\t\tmargin: auto;\n\t\t\t}\n\t\t\t#gallery-1 .gallery-item {\n\t\t\t\tfloat: left;\n\t\t\t\tmargin-top: 10px;\n\t\t\t\ttext-align: center;\n\t\t\t\twidth: 50%;\n\t\t\t}\n\t\t\t#gallery-1 img {\n\t\t\t\tborder: 2px solid #cfcfcf;\n\t\t\t}\n\t\t\t#gallery-1 .gallery-caption {\n\t\t\t\tmargin-left: 0;\n\t\t\t}\n\t\t\t\/* see gallery_shortcode() in wp-includes\/media.php *\/\n\t\t<\/style>\n\t\t<div id='gallery-1' class='gallery galleryid-33729 gallery-columns-2 gallery-size-thumbnail'><dl class='gallery-item'>\n\t\t\t<dt class='gallery-icon landscape'>\n\t\t\t\t<a href='https:\/\/biblioteka.kolobrzeg.pl\/wp-content\/uploads\/2025\/11\/zaczytani0810252.jpg' title=\"\" data-rl_title=\"\" class=\"rl-gallery-link\" data-rl_caption=\"\" data-rel=\"lightbox-gallery-1\"><img loading=\"lazy\" decoding=\"async\" width=\"150\" height=\"150\" src=\"https:\/\/biblioteka.kolobrzeg.pl\/wp-content\/uploads\/2025\/11\/zaczytani0810252-150x150.jpg\" class=\"attachment-thumbnail size-thumbnail\" alt=\"Warsztaty dla m\u0142odzie\u017cy\" srcset=\"https:\/\/biblioteka.kolobrzeg.pl\/wp-content\/uploads\/2025\/11\/zaczytani0810252-150x150.jpg 150w, https:\/\/biblioteka.kolobrzeg.pl\/wp-content\/uploads\/2025\/11\/zaczytani0810252-144x144.jpg 144w\" sizes=\"auto, (max-width: 150px) 100vw, 150px\" \/><\/a>\n\t\t\t<\/dt><\/dl><dl class='gallery-item'>\n\t\t\t<dt class='gallery-icon landscape'>\n\t\t\t\t<a href='https:\/\/biblioteka.kolobrzeg.pl\/wp-content\/uploads\/2025\/11\/zaczytani0810251.jpg' title=\"\" data-rl_title=\"\" class=\"rl-gallery-link\" data-rl_caption=\"\" data-rel=\"lightbox-gallery-1\"><img loading=\"lazy\" decoding=\"async\" width=\"150\" height=\"150\" src=\"https:\/\/biblioteka.kolobrzeg.pl\/wp-content\/uploads\/2025\/11\/zaczytani0810251-150x150.jpg\" class=\"attachment-thumbnail size-thumbnail\" alt=\"Warsztaty dla m\u0142odzie\u017cy\" srcset=\"https:\/\/biblioteka.kolobrzeg.pl\/wp-content\/uploads\/2025\/11\/zaczytani0810251-150x150.jpg 150w, https:\/\/biblioteka.kolobrzeg.pl\/wp-content\/uploads\/2025\/11\/zaczytani0810251-144x144.jpg 144w\" sizes=\"auto, (max-width: 150px) 100vw, 150px\" \/><\/a>\n\t\t\t<\/dt><\/dl><br style=\"clear: both\" \/>\n\t\t<\/div>\n\n","protected":false},"excerpt":{"rendered":"<p>Jesie\u0144 w pe\u0142ni, a my tworzymy z u\u015bmiechem. Podczas warsztat\u00f3w z cyklu \u201eZaczytani i zainspirowani\u201d m\u0142odzie\u017c wykreowa\u0142a barwne grzyby z betonu i patyk\u00f3w. By\u0142o du\u017co tw\u00f3rczej zabawy &#8211; a smartfony posz\u0142y w odstawk\u0119. Wsp\u00f3lne tworzenie okaza\u0142o si\u0119 \u015bwietnym sposobem na relaks i jesienne odpr\u0119\u017cenie. Pomys\u0142odawczyni\u0105 projektu jest Ola Kaczmarek, kt\u00f3rej inicjatywa zosta\u0142a wyr\u00f3\u017cniona w konkursie &hellip; <\/p>\n<p><a class=\"more-link block-button\" href=\"https:\/\/biblioteka.kolobrzeg.pl\/index.php\/2025\/10\/08\/warsztaty-12\/\">Kontynuuj czytanie &raquo;<\/a><\/p>\n","protected":false},"author":1,"featured_media":33728,"comment_status":"closed","ping_status":"closed","sticky":false,"template":"","format":"standard","meta":{"jetpack_post_was_ever_published":false,"_jetpack_newsletter_access":"","_jetpack_dont_email_post_to_subs":false,"_jetpack_newsletter_tier_id":0,"_jetpack_memberships_contains_paywalled_content":false,"_jetpack_memberships_contains_paid_content":false,"footnotes":"","jetpack_publicize_message":"","jetpack_publicize_feature_enabled":true,"jetpack_social_post_already_shared":true,"jetpack_social_options":{"image_generator_settings":{"template":"highway","default_image_id":0,"font":"","enabled":false},"version":2}},"categories":[542,579],"tags":[],"class_list":["post-33729","post","type-post","status-publish","format-standard","has-post-thumbnail","hentry","category-biblioteka-glowna","category-biblioteka-naturalnie"],"jetpack_publicize_connections":[],"jetpack_featured_media_url":"https:\/\/biblioteka.kolobrzeg.pl\/wp-content\/uploads\/2025\/11\/zaczytani0810252.jpg","jetpack_likes_enabled":true,"jetpack_sharing_enabled":true,"_links":{"self":[{"href":"https:\/\/biblioteka.kolobrzeg.pl\/index.php\/wp-json\/wp\/v2\/posts\/33729","targetHints":{"allow":["GET"]}}],"collection":[{"href":"https:\/\/biblioteka.kolobrzeg.pl\/index.php\/wp-json\/wp\/v2\/posts"}],"about":[{"href":"https:\/\/biblioteka.kolobrzeg.pl\/index.php\/wp-json\/wp\/v2\/types\/post"}],"author":[{"embeddable":true,"href":"https:\/\/biblioteka.kolobrzeg.pl\/index.php\/wp-json\/wp\/v2\/users\/1"}],"replies":[{"embeddable":true,"href":"https:\/\/biblioteka.kolobrzeg.pl\/index.php\/wp-json\/wp\/v2\/comments?post=33729"}],"version-history":[{"count":1,"href":"https:\/\/biblioteka.kolobrzeg.pl\/index.php\/wp-json\/wp\/v2\/posts\/33729\/revisions"}],"predecessor-version":[{"id":33732,"href":"https:\/\/biblioteka.kolobrzeg.pl\/index.php\/wp-json\/wp\/v2\/posts\/33729\/revisions\/33732"}],"wp:featuredmedia":[{"embeddable":true,"href":"https:\/\/biblioteka.kolobrzeg.pl\/index.php\/wp-json\/wp\/v2\/media\/33728"}],"wp:attachment":[{"href":"https:\/\/biblioteka.kolobrzeg.pl\/index.php\/wp-json\/wp\/v2\/media?parent=33729"}],"wp:term":[{"taxonomy":"category","embeddable":true,"href":"https:\/\/biblioteka.kolobrzeg.pl\/index.php\/wp-json\/wp\/v2\/categories?post=33729"},{"taxonomy":"post_tag","embeddable":true,"href":"https:\/\/biblioteka.kolobrzeg.pl\/index.php\/wp-json\/wp\/v2\/tags?post=33729"}],"curies":[{"name":"wp","href":"https:\/\/api.w.org\/{rel}","templated":true}]}}