{"id":33769,"date":"2025-12-01T12:22:12","date_gmt":"2025-12-01T11:22:12","guid":{"rendered":"https:\/\/biblioteka.kolobrzeg.pl\/?p=33769"},"modified":"2025-12-01T12:27:28","modified_gmt":"2025-12-01T11:27:28","slug":"grudzien-w-bibliotece-3","status":"publish","type":"post","link":"https:\/\/biblioteka.kolobrzeg.pl\/index.php\/2025\/12\/01\/grudzien-w-bibliotece-3\/","title":{"rendered":"Grudzie\u0144 w Bibliotece"},"content":{"rendered":"<p><a href=\"https:\/\/biblioteka.kolobrzeg.pl\/wp-content\/uploads\/2025\/12\/grudzien2025.jpg\" data-rel=\"lightbox-image-0\" data-rl_title=\"\" data-rl_caption=\"\" title=\"\"><img loading=\"lazy\" decoding=\"async\" class=\"alignleft wp-image-33766 size-thumbnail\" src=\"https:\/\/biblioteka.kolobrzeg.pl\/wp-content\/uploads\/2025\/12\/grudzien2025-150x150.jpg\" alt=\"Kalendarz wydarze\u0144 w Bibliotece grudzie\u0144 2025\" width=\"150\" height=\"150\" srcset=\"https:\/\/biblioteka.kolobrzeg.pl\/wp-content\/uploads\/2025\/12\/grudzien2025-150x150.jpg 150w, https:\/\/biblioteka.kolobrzeg.pl\/wp-content\/uploads\/2025\/12\/grudzien2025-144x144.jpg 144w\" sizes=\"auto, (max-width: 150px) 100vw, 150px\" \/><\/a>Grudzie\u0144 w Bibliotece \u2013 miesi\u0105c pe\u0142en spotka\u0144, inspiracji i magii \u015bwi\u0105t.<\/p>\n<p>Kochani, ko\u0144c\u00f3wka roku to idealny czas, by zwolni\u0107, zadba\u0107 o siebie i\u2026 zanurzy\u0107 si\u0119 w dobrej lekturze. W grudniu przygotowali\u015bmy dla Was wyj\u0105tkowe wydarzenia \u2013 pe\u0142ne ciep\u0142a, kreatywno\u015bci i wsp\u00f3lnego czasu.<\/p>\n<p>Do zobaczenia mi\u0119dzy rega\u0142ami.<\/p>\n","protected":false},"excerpt":{"rendered":"<p>Grudzie\u0144 w Bibliotece \u2013 miesi\u0105c pe\u0142en spotka\u0144, inspiracji i magii \u015bwi\u0105t. Kochani, ko\u0144c\u00f3wka roku to idealny czas, by zwolni\u0107, zadba\u0107 o siebie i\u2026 zanurzy\u0107 si\u0119 w dobrej lekturze. W grudniu przygotowali\u015bmy dla Was wyj\u0105tkowe wydarzenia \u2013 pe\u0142ne ciep\u0142a, kreatywno\u015bci i wsp\u00f3lnego czasu. Do zobaczenia mi\u0119dzy rega\u0142ami.<\/p>\n","protected":false},"author":1,"featured_media":33766,"comment_status":"closed","ping_status":"closed","sticky":false,"template":"","format":"standard","meta":{"jetpack_post_was_ever_published":false,"_jetpack_newsletter_access":"","_jetpack_dont_email_post_to_subs":false,"_jetpack_newsletter_tier_id":0,"_jetpack_memberships_contains_paywalled_content":false,"_jetpack_memberships_contains_paid_content":false,"footnotes":"","jetpack_publicize_message":"","jetpack_publicize_feature_enabled":true,"jetpack_social_post_already_shared":true,"jetpack_social_options":{"image_generator_settings":{"template":"highway","default_image_id":0,"font":"","enabled":false},"version":2}},"categories":[1,543,542,541],"tags":[],"class_list":["post-33769","post","type-post","status-publish","format-standard","has-post-thumbnail","hentry","category-aktualnosci","category-biblioteka-brzozowa","category-biblioteka-glowna","category-biblioteka-ogrody"],"jetpack_publicize_connections":[],"jetpack_featured_media_url":"https:\/\/biblioteka.kolobrzeg.pl\/wp-content\/uploads\/2025\/12\/grudzien2025.jpg","jetpack_likes_enabled":true,"jetpack_sharing_enabled":true,"_links":{"self":[{"href":"https:\/\/biblioteka.kolobrzeg.pl\/index.php\/wp-json\/wp\/v2\/posts\/33769","targetHints":{"allow":["GET"]}}],"collection":[{"href":"https:\/\/biblioteka.kolobrzeg.pl\/index.php\/wp-json\/wp\/v2\/posts"}],"about":[{"href":"https:\/\/biblioteka.kolobrzeg.pl\/index.php\/wp-json\/wp\/v2\/types\/post"}],"author":[{"embeddable":true,"href":"https:\/\/biblioteka.kolobrzeg.pl\/index.php\/wp-json\/wp\/v2\/users\/1"}],"replies":[{"embeddable":true,"href":"https:\/\/biblioteka.kolobrzeg.pl\/index.php\/wp-json\/wp\/v2\/comments?post=33769"}],"version-history":[{"count":2,"href":"https:\/\/biblioteka.kolobrzeg.pl\/index.php\/wp-json\/wp\/v2\/posts\/33769\/revisions"}],"predecessor-version":[{"id":33773,"href":"https:\/\/biblioteka.kolobrzeg.pl\/index.php\/wp-json\/wp\/v2\/posts\/33769\/revisions\/33773"}],"wp:featuredmedia":[{"embeddable":true,"href":"https:\/\/biblioteka.kolobrzeg.pl\/index.php\/wp-json\/wp\/v2\/media\/33766"}],"wp:attachment":[{"href":"https:\/\/biblioteka.kolobrzeg.pl\/index.php\/wp-json\/wp\/v2\/media?parent=33769"}],"wp:term":[{"taxonomy":"category","embeddable":true,"href":"https:\/\/biblioteka.kolobrzeg.pl\/index.php\/wp-json\/wp\/v2\/categories?post=33769"},{"taxonomy":"post_tag","embeddable":true,"href":"https:\/\/biblioteka.kolobrzeg.pl\/index.php\/wp-json\/wp\/v2\/tags?post=33769"}],"curies":[{"name":"wp","href":"https:\/\/api.w.org\/{rel}","templated":true}]}}