{"id":33808,"date":"2025-10-24T14:30:16","date_gmt":"2025-10-24T12:30:16","guid":{"rendered":"https:\/\/biblioteka.kolobrzeg.pl\/?p=33808"},"modified":"2025-12-03T15:16:03","modified_gmt":"2025-12-03T14:16:03","slug":"festiwal-kobiety-w-dialogu-2","status":"publish","type":"post","link":"https:\/\/biblioteka.kolobrzeg.pl\/index.php\/2025\/10\/24\/festiwal-kobiety-w-dialogu-2\/","title":{"rendered":"Festiwal Kobiety w dialogu"},"content":{"rendered":"<p><a href=\"https:\/\/biblioteka.kolobrzeg.pl\/wp-content\/uploads\/2025\/12\/kobiety2410251.jpg\" data-rel=\"lightbox-image-0\" data-rl_title=\"\" data-rl_caption=\"\" title=\"\"><img loading=\"lazy\" decoding=\"async\" class=\"alignleft wp-image-33804 size-thumbnail\" src=\"https:\/\/biblioteka.kolobrzeg.pl\/wp-content\/uploads\/2025\/12\/kobiety2410251-150x150.jpg\" alt=\"Festiwal Kobiety w dialogu\" width=\"150\" height=\"150\" srcset=\"https:\/\/biblioteka.kolobrzeg.pl\/wp-content\/uploads\/2025\/12\/kobiety2410251-150x150.jpg 150w, https:\/\/biblioteka.kolobrzeg.pl\/wp-content\/uploads\/2025\/12\/kobiety2410251-144x144.jpg 144w\" sizes=\"auto, (max-width: 150px) 100vw, 150px\" \/><\/a>Spotkanie z Ma\u0142gorzat\u0105 Lebd\u0105 i Mart\u0105 Dzido.<\/p>\n<p>W przestrzeni pe\u0142nej uwa\u017cno\u015bci i wzajemnego zrozumienia spotka\u0142y si\u0119 dwie wyj\u0105tkowe autorki \u2013 Ma\u0142gorzata Lebda i Marta Dzido \u2013 by porozmawia\u0107 o kobiecym do\u015bwiadczeniu, ciele, wolno\u015bci i przemijaniu.<!--more--><\/p>\n<p>Rozmowa, kt\u00f3ra szybko sta\u0142a si\u0119 jedn\u0105 z najg\u0142\u0119bszych festiwalowych ods\u0142on, dotyczy\u0142a nie tylko literatury, lecz tak\u017ce emocji i pami\u0119ci zapisanych w ludzkim ciele. Autorki m\u00f3wi\u0142y o cielesno\u015bci nie jako o tabu, lecz jako o \u017ar\u00f3dle si\u0142y, czu\u0142o\u015bci i sprawczo\u015bci. O przemijaniu, kt\u00f3re potrafi bole\u0107, ale te\u017c wyostrza wra\u017cliwo\u015b\u0107. O wolno\u015bci, kt\u00f3ra przychodzi wraz z dojrza\u0142o\u015bci\u0105, oraz o odwadze bycia sob\u0105 \u2013 mimo presji, oczekiwa\u0144 i do\u015bwiadcze\u0144, kt\u00f3re zostawiaj\u0105 \u015blad na sk\u00f3rze i w sercu.<\/p>\n<p>Cho\u0107 rozmowa dotyczy\u0142a trudnych temat\u00f3w \u2013 utraty, choroby, pami\u0119ci, dorastania, kobiecego gniewu i kobiecej czu\u0142o\u015bci \u2013 atmosfera spotkania by\u0142a pe\u0142na blisko\u015bci.<\/p>\n<p>Po cz\u0119\u015bci oficjalnej odby\u0142a si\u0119 kameralna rozmowa kuluarowa. Go\u015bcie ch\u0119tnie skorzystali z okazji, by porozmawia\u0107 z autorkami indywidualnie, wymieni\u0107 osobiste refleksje, podzieli\u0107 si\u0119 w\u0142asnymi emocjami i do\u015bwiadczeniami zwi\u0105zanymi z literatur\u0105, a tak\u017ce zada\u0107 pytania, na kt\u00f3re cz\u0119sto brakuje czasu podczas scenicznych spotka\u0144. Nie zabrak\u0142o r\u00f3wnie\u017c autograf\u00f3w.<\/p>\n<p>Dofinansowano ze \u015brodk\u00f3w Ministra Kultury i Dziedzictwa Narodowego pochodz\u0105cych z Funduszu Promocji Kultury.<\/p>\n\n\t\t<style type=\"text\/css\">\n\t\t\t#gallery-1 {\n\t\t\t\tmargin: auto;\n\t\t\t}\n\t\t\t#gallery-1 .gallery-item {\n\t\t\t\tfloat: left;\n\t\t\t\tmargin-top: 10px;\n\t\t\t\ttext-align: center;\n\t\t\t\twidth: 25%;\n\t\t\t}\n\t\t\t#gallery-1 img {\n\t\t\t\tborder: 2px solid #cfcfcf;\n\t\t\t}\n\t\t\t#gallery-1 .gallery-caption {\n\t\t\t\tmargin-left: 0;\n\t\t\t}\n\t\t\t\/* see gallery_shortcode() in wp-includes\/media.php *\/\n\t\t<\/style>\n\t\t<div id='gallery-1' class='gallery galleryid-33808 gallery-columns-4 gallery-size-thumbnail'><dl class='gallery-item'>\n\t\t\t<dt class='gallery-icon landscape'>\n\t\t\t\t<a href='https:\/\/biblioteka.kolobrzeg.pl\/wp-content\/uploads\/2025\/12\/kobiety2410254.jpg' title=\"\" data-rl_title=\"\" class=\"rl-gallery-link\" data-rl_caption=\"\" data-rel=\"lightbox-gallery-1\"><img loading=\"lazy\" decoding=\"async\" width=\"150\" height=\"150\" src=\"https:\/\/biblioteka.kolobrzeg.pl\/wp-content\/uploads\/2025\/12\/kobiety2410254-150x150.jpg\" class=\"attachment-thumbnail size-thumbnail\" alt=\"Festiwal Kobiety w dialogu\" srcset=\"https:\/\/biblioteka.kolobrzeg.pl\/wp-content\/uploads\/2025\/12\/kobiety2410254-150x150.jpg 150w, https:\/\/biblioteka.kolobrzeg.pl\/wp-content\/uploads\/2025\/12\/kobiety2410254-144x144.jpg 144w\" sizes=\"auto, (max-width: 150px) 100vw, 150px\" \/><\/a>\n\t\t\t<\/dt><\/dl><dl class='gallery-item'>\n\t\t\t<dt class='gallery-icon landscape'>\n\t\t\t\t<a href='https:\/\/biblioteka.kolobrzeg.pl\/wp-content\/uploads\/2025\/12\/kobiety2410253.jpg' title=\"\" data-rl_title=\"\" class=\"rl-gallery-link\" data-rl_caption=\"\" data-rel=\"lightbox-gallery-1\"><img loading=\"lazy\" decoding=\"async\" width=\"150\" height=\"150\" src=\"https:\/\/biblioteka.kolobrzeg.pl\/wp-content\/uploads\/2025\/12\/kobiety2410253-150x150.jpg\" class=\"attachment-thumbnail size-thumbnail\" alt=\"Festiwal Kobiety w dialogu\" srcset=\"https:\/\/biblioteka.kolobrzeg.pl\/wp-content\/uploads\/2025\/12\/kobiety2410253-150x150.jpg 150w, https:\/\/biblioteka.kolobrzeg.pl\/wp-content\/uploads\/2025\/12\/kobiety2410253-144x144.jpg 144w\" sizes=\"auto, (max-width: 150px) 100vw, 150px\" \/><\/a>\n\t\t\t<\/dt><\/dl><dl class='gallery-item'>\n\t\t\t<dt class='gallery-icon landscape'>\n\t\t\t\t<a href='https:\/\/biblioteka.kolobrzeg.pl\/wp-content\/uploads\/2025\/12\/kobiety2410252.jpg' title=\"\" data-rl_title=\"\" class=\"rl-gallery-link\" data-rl_caption=\"\" data-rel=\"lightbox-gallery-1\"><img loading=\"lazy\" decoding=\"async\" width=\"150\" height=\"150\" src=\"https:\/\/biblioteka.kolobrzeg.pl\/wp-content\/uploads\/2025\/12\/kobiety2410252-150x150.jpg\" class=\"attachment-thumbnail size-thumbnail\" alt=\"Festiwal Kobiety w dialogu\" srcset=\"https:\/\/biblioteka.kolobrzeg.pl\/wp-content\/uploads\/2025\/12\/kobiety2410252-150x150.jpg 150w, https:\/\/biblioteka.kolobrzeg.pl\/wp-content\/uploads\/2025\/12\/kobiety2410252-144x144.jpg 144w\" sizes=\"auto, (max-width: 150px) 100vw, 150px\" \/><\/a>\n\t\t\t<\/dt><\/dl><dl class='gallery-item'>\n\t\t\t<dt class='gallery-icon landscape'>\n\t\t\t\t<a href='https:\/\/biblioteka.kolobrzeg.pl\/wp-content\/uploads\/2025\/12\/kobiety2410251.jpg' title=\"\" data-rl_title=\"\" class=\"rl-gallery-link\" data-rl_caption=\"\" data-rel=\"lightbox-gallery-1\"><img loading=\"lazy\" decoding=\"async\" width=\"150\" height=\"150\" src=\"https:\/\/biblioteka.kolobrzeg.pl\/wp-content\/uploads\/2025\/12\/kobiety2410251-150x150.jpg\" class=\"attachment-thumbnail size-thumbnail\" alt=\"Festiwal Kobiety w dialogu\" srcset=\"https:\/\/biblioteka.kolobrzeg.pl\/wp-content\/uploads\/2025\/12\/kobiety2410251-150x150.jpg 150w, https:\/\/biblioteka.kolobrzeg.pl\/wp-content\/uploads\/2025\/12\/kobiety2410251-144x144.jpg 144w\" sizes=\"auto, (max-width: 150px) 100vw, 150px\" \/><\/a>\n\t\t\t<\/dt><\/dl><br style=\"clear: both\" \/><dl class='gallery-item'>\n\t\t\t<dt class='gallery-icon landscape'>\n\t\t\t\t<a href='https:\/\/biblioteka.kolobrzeg.pl\/wp-content\/uploads\/2025\/12\/kobiety2410257.jpg' title=\"\" data-rl_title=\"\" class=\"rl-gallery-link\" data-rl_caption=\"\" data-rel=\"lightbox-gallery-1\"><img loading=\"lazy\" decoding=\"async\" width=\"150\" height=\"150\" src=\"https:\/\/biblioteka.kolobrzeg.pl\/wp-content\/uploads\/2025\/12\/kobiety2410257-150x150.jpg\" class=\"attachment-thumbnail size-thumbnail\" alt=\"Festiwal Kobiety w dialogu\" srcset=\"https:\/\/biblioteka.kolobrzeg.pl\/wp-content\/uploads\/2025\/12\/kobiety2410257-150x150.jpg 150w, https:\/\/biblioteka.kolobrzeg.pl\/wp-content\/uploads\/2025\/12\/kobiety2410257-144x144.jpg 144w\" sizes=\"auto, (max-width: 150px) 100vw, 150px\" \/><\/a>\n\t\t\t<\/dt><\/dl><dl class='gallery-item'>\n\t\t\t<dt class='gallery-icon landscape'>\n\t\t\t\t<a href='https:\/\/biblioteka.kolobrzeg.pl\/wp-content\/uploads\/2025\/12\/kobiety2410256.jpg' title=\"\" data-rl_title=\"\" class=\"rl-gallery-link\" data-rl_caption=\"\" data-rel=\"lightbox-gallery-1\"><img loading=\"lazy\" decoding=\"async\" width=\"150\" height=\"150\" src=\"https:\/\/biblioteka.kolobrzeg.pl\/wp-content\/uploads\/2025\/12\/kobiety2410256-150x150.jpg\" class=\"attachment-thumbnail size-thumbnail\" alt=\"Festiwal Kobiety w dialogu\" srcset=\"https:\/\/biblioteka.kolobrzeg.pl\/wp-content\/uploads\/2025\/12\/kobiety2410256-150x150.jpg 150w, https:\/\/biblioteka.kolobrzeg.pl\/wp-content\/uploads\/2025\/12\/kobiety2410256-144x144.jpg 144w\" sizes=\"auto, (max-width: 150px) 100vw, 150px\" \/><\/a>\n\t\t\t<\/dt><\/dl><dl class='gallery-item'>\n\t\t\t<dt class='gallery-icon landscape'>\n\t\t\t\t<a href='https:\/\/biblioteka.kolobrzeg.pl\/wp-content\/uploads\/2025\/12\/kobiety2410255.jpg' title=\"\" data-rl_title=\"\" class=\"rl-gallery-link\" data-rl_caption=\"\" data-rel=\"lightbox-gallery-1\"><img loading=\"lazy\" decoding=\"async\" width=\"150\" height=\"150\" src=\"https:\/\/biblioteka.kolobrzeg.pl\/wp-content\/uploads\/2025\/12\/kobiety2410255-150x150.jpg\" class=\"attachment-thumbnail size-thumbnail\" alt=\"Festiwal Kobiety w dialogu\" srcset=\"https:\/\/biblioteka.kolobrzeg.pl\/wp-content\/uploads\/2025\/12\/kobiety2410255-150x150.jpg 150w, https:\/\/biblioteka.kolobrzeg.pl\/wp-content\/uploads\/2025\/12\/kobiety2410255-144x144.jpg 144w\" sizes=\"auto, (max-width: 150px) 100vw, 150px\" \/><\/a>\n\t\t\t<\/dt><\/dl>\n\t\t\t<br style='clear: both' \/>\n\t\t<\/div>\n\n","protected":false},"excerpt":{"rendered":"<p>Spotkanie z Ma\u0142gorzat\u0105 Lebd\u0105 i Mart\u0105 Dzido. W przestrzeni pe\u0142nej uwa\u017cno\u015bci i wzajemnego zrozumienia spotka\u0142y si\u0119 dwie wyj\u0105tkowe autorki \u2013 Ma\u0142gorzata Lebda i Marta Dzido \u2013 by porozmawia\u0107 o kobiecym do\u015bwiadczeniu, ciele, wolno\u015bci i przemijaniu.<\/p><p><a class=\"more-link block-button\" href=\"https:\/\/biblioteka.kolobrzeg.pl\/index.php\/2025\/10\/24\/festiwal-kobiety-w-dialogu-2\/\">Kontynuuj czytanie &raquo;<\/a><\/p>\n","protected":false},"author":1,"featured_media":33804,"comment_status":"closed","ping_status":"closed","sticky":false,"template":"","format":"standard","meta":{"jetpack_post_was_ever_published":false,"_jetpack_newsletter_access":"","_jetpack_dont_email_post_to_subs":false,"_jetpack_newsletter_tier_id":0,"_jetpack_memberships_contains_paywalled_content":false,"_jetpack_memberships_contains_paid_content":false,"footnotes":"","jetpack_publicize_message":"","jetpack_publicize_feature_enabled":true,"jetpack_social_post_already_shared":true,"jetpack_social_options":{"image_generator_settings":{"template":"highway","default_image_id":0,"font":"","enabled":false},"version":2}},"categories":[542,21],"tags":[],"class_list":["post-33808","post","type-post","status-publish","format-standard","has-post-thumbnail","hentry","category-biblioteka-glowna","category-spotkania"],"jetpack_publicize_connections":[],"jetpack_featured_media_url":"https:\/\/biblioteka.kolobrzeg.pl\/wp-content\/uploads\/2025\/12\/kobiety2410251.jpg","jetpack_likes_enabled":true,"jetpack_sharing_enabled":true,"_links":{"self":[{"href":"https:\/\/biblioteka.kolobrzeg.pl\/index.php\/wp-json\/wp\/v2\/posts\/33808","targetHints":{"allow":["GET"]}}],"collection":[{"href":"https:\/\/biblioteka.kolobrzeg.pl\/index.php\/wp-json\/wp\/v2\/posts"}],"about":[{"href":"https:\/\/biblioteka.kolobrzeg.pl\/index.php\/wp-json\/wp\/v2\/types\/post"}],"author":[{"embeddable":true,"href":"https:\/\/biblioteka.kolobrzeg.pl\/index.php\/wp-json\/wp\/v2\/users\/1"}],"replies":[{"embeddable":true,"href":"https:\/\/biblioteka.kolobrzeg.pl\/index.php\/wp-json\/wp\/v2\/comments?post=33808"}],"version-history":[{"count":3,"href":"https:\/\/biblioteka.kolobrzeg.pl\/index.php\/wp-json\/wp\/v2\/posts\/33808\/revisions"}],"predecessor-version":[{"id":33812,"href":"https:\/\/biblioteka.kolobrzeg.pl\/index.php\/wp-json\/wp\/v2\/posts\/33808\/revisions\/33812"}],"wp:featuredmedia":[{"embeddable":true,"href":"https:\/\/biblioteka.kolobrzeg.pl\/index.php\/wp-json\/wp\/v2\/media\/33804"}],"wp:attachment":[{"href":"https:\/\/biblioteka.kolobrzeg.pl\/index.php\/wp-json\/wp\/v2\/media?parent=33808"}],"wp:term":[{"taxonomy":"category","embeddable":true,"href":"https:\/\/biblioteka.kolobrzeg.pl\/index.php\/wp-json\/wp\/v2\/categories?post=33808"},{"taxonomy":"post_tag","embeddable":true,"href":"https:\/\/biblioteka.kolobrzeg.pl\/index.php\/wp-json\/wp\/v2\/tags?post=33808"}],"curies":[{"name":"wp","href":"https:\/\/api.w.org\/{rel}","templated":true}]}}