{"id":33818,"date":"2025-10-22T15:30:02","date_gmt":"2025-10-22T13:30:02","guid":{"rendered":"https:\/\/biblioteka.kolobrzeg.pl\/?p=33818"},"modified":"2025-12-03T15:32:41","modified_gmt":"2025-12-03T14:32:41","slug":"festiwal-kobiety-w-dialogu-3","status":"publish","type":"post","link":"https:\/\/biblioteka.kolobrzeg.pl\/index.php\/2025\/10\/22\/festiwal-kobiety-w-dialogu-3\/","title":{"rendered":"Festiwal Kobiety w dialogu"},"content":{"rendered":"<p><a href=\"https:\/\/biblioteka.kolobrzeg.pl\/wp-content\/uploads\/2025\/12\/koniety2210253.jpg\" data-rel=\"lightbox-image-0\" data-rl_title=\"\" data-rl_caption=\"\" title=\"\"><img loading=\"lazy\" decoding=\"async\" class=\"alignleft wp-image-33817 size-thumbnail\" src=\"https:\/\/biblioteka.kolobrzeg.pl\/wp-content\/uploads\/2025\/12\/koniety2210253-150x150.jpg\" alt=\"Festiwal Kobiety w dialogu\" width=\"150\" height=\"150\" srcset=\"https:\/\/biblioteka.kolobrzeg.pl\/wp-content\/uploads\/2025\/12\/koniety2210253-150x150.jpg 150w, https:\/\/biblioteka.kolobrzeg.pl\/wp-content\/uploads\/2025\/12\/koniety2210253-144x144.jpg 144w\" sizes=\"auto, (max-width: 150px) 100vw, 150px\" \/><\/a>Spotkanie z Magdalen\u0105 Grzeba\u0142kowsk\u0105.<\/p>\n<p>Podczas Festiwalu Kobiety w dialogu odby\u0142o si\u0119 niezwykle inspiruj\u0105ce spotkanie z Magdalen\u0105 Grzeba\u0142kowsk\u0105, jedn\u0105 z najwa\u017cniejszych wsp\u00f3\u0142czesnych reporterek. Rozmow\u0119 poprowadzi\u0142a Sylwia Chutnik \u2013 pisarka, aktywistka i mistrzyni wywo\u0142ywania temat\u00f3w, o kt\u00f3rych trudno milcze\u0107. <!--more-->To by\u0142o spotkanie pe\u0142ne uwa\u017cno\u015bci, ironii, literackiej energii i odwa\u017cnych pyta\u0144 o to, jak opowiada\u0107 historie kobiet, kt\u00f3re rzadko mieszcz\u0105 si\u0119 w kanonie.<\/p>\n<p>Grzeba\u0142kowska opowiada\u0142a o kulisach pracy nad biografi\u0105 Marii Konopnickiej, kt\u00f3ra z impetem rozbija szkolne stereotypy. Autorka pokaza\u0142a, jak poprzez reporterski warsztat i empati\u0119 mo\u017cna wydoby\u0107 z przesz\u0142o\u015bci bohaterki, kt\u00f3re wymykaj\u0105 si\u0119 prostym ocenom. A Konopnicka \u2013 jak podkre\u015bla\u0142a \u2013 jest jedn\u0105 z nich: skandalizuj\u0105ca i niewygodna, czu\u0142a i surowa, nieprzewidywalna, intensywna, fascynuj\u0105ca.<\/p>\n<p>Podczas rozmowy pojawi\u0142y si\u0119 tematy emancypacji, kobiecej sprawczo\u015bci, dziedziczenia traum, relacji matek i c\u00f3rek oraz trudnych wybor\u00f3w, kt\u00f3re nigdy nie mieszcz\u0105 si\u0119 w czarno-bia\u0142ych kategoriach. Grzeba\u0142kowska podkre\u015bla\u0142a, \u017ce jej celem nie by\u0142o ani pomnikowanie, ani obalanie legendy poetki, ale zrozumienie cz\u0142owieka, kt\u00f3ry bywa\u0142 jednocze\u015bnie kochaj\u0105c\u0105 matk\u0105, wymagaj\u0105c\u0105 artystk\u0105, partnerk\u0105 \u017cyciow\u0105 Marii Dul\u0119bianki, spo\u0142eczniczk\u0105 i osob\u0105 uwik\u0142an\u0105 w skandale swoich czas\u00f3w.<\/p>\n<p>Autorka ods\u0142oni\u0142a przed publiczno\u015bci\u0105 z\u0142o\u017cony portret poetki: kobiety silnej, nieszablonowej, uwik\u0142anej w spo\u0142eczne oczekiwania swojej epoki, ale te\u017c podejmuj\u0105cej odwa\u017cne decyzje, za kt\u00f3re p\u0142aci\u0142a wysok\u0105 cen\u0119.<\/p>\n<p>Dofinansowano ze \u015brodk\u00f3w Ministra Kultury i Dziedzictwa Narodowego pochodz\u0105cych z Funduszu Promocji Kultury.<\/p>\n\n\t\t<style type=\"text\/css\">\n\t\t\t#gallery-1 {\n\t\t\t\tmargin: auto;\n\t\t\t}\n\t\t\t#gallery-1 .gallery-item {\n\t\t\t\tfloat: left;\n\t\t\t\tmargin-top: 10px;\n\t\t\t\ttext-align: center;\n\t\t\t\twidth: 20%;\n\t\t\t}\n\t\t\t#gallery-1 img {\n\t\t\t\tborder: 2px solid #cfcfcf;\n\t\t\t}\n\t\t\t#gallery-1 .gallery-caption {\n\t\t\t\tmargin-left: 0;\n\t\t\t}\n\t\t\t\/* see gallery_shortcode() in wp-includes\/media.php *\/\n\t\t<\/style>\n\t\t<div id='gallery-1' class='gallery galleryid-33818 gallery-columns-5 gallery-size-thumbnail'><dl class='gallery-item'>\n\t\t\t<dt class='gallery-icon landscape'>\n\t\t\t\t<a href='https:\/\/biblioteka.kolobrzeg.pl\/wp-content\/uploads\/2025\/12\/koniety2210253.jpg' title=\"\" data-rl_title=\"\" class=\"rl-gallery-link\" data-rl_caption=\"\" data-rel=\"lightbox-gallery-1\"><img loading=\"lazy\" decoding=\"async\" width=\"150\" height=\"150\" src=\"https:\/\/biblioteka.kolobrzeg.pl\/wp-content\/uploads\/2025\/12\/koniety2210253-150x150.jpg\" class=\"attachment-thumbnail size-thumbnail\" alt=\"Festiwal Kobiety w dialogu\" srcset=\"https:\/\/biblioteka.kolobrzeg.pl\/wp-content\/uploads\/2025\/12\/koniety2210253-150x150.jpg 150w, https:\/\/biblioteka.kolobrzeg.pl\/wp-content\/uploads\/2025\/12\/koniety2210253-144x144.jpg 144w\" sizes=\"auto, (max-width: 150px) 100vw, 150px\" \/><\/a>\n\t\t\t<\/dt><\/dl><dl class='gallery-item'>\n\t\t\t<dt class='gallery-icon landscape'>\n\t\t\t\t<a href='https:\/\/biblioteka.kolobrzeg.pl\/wp-content\/uploads\/2025\/12\/koniety2210252.jpg' title=\"\" data-rl_title=\"\" class=\"rl-gallery-link\" data-rl_caption=\"\" data-rel=\"lightbox-gallery-1\"><img loading=\"lazy\" decoding=\"async\" width=\"150\" height=\"150\" src=\"https:\/\/biblioteka.kolobrzeg.pl\/wp-content\/uploads\/2025\/12\/koniety2210252-150x150.jpg\" class=\"attachment-thumbnail size-thumbnail\" alt=\"Festiwal Kobiety w dialogu\" srcset=\"https:\/\/biblioteka.kolobrzeg.pl\/wp-content\/uploads\/2025\/12\/koniety2210252-150x150.jpg 150w, https:\/\/biblioteka.kolobrzeg.pl\/wp-content\/uploads\/2025\/12\/koniety2210252-144x144.jpg 144w\" sizes=\"auto, (max-width: 150px) 100vw, 150px\" \/><\/a>\n\t\t\t<\/dt><\/dl><dl class='gallery-item'>\n\t\t\t<dt class='gallery-icon landscape'>\n\t\t\t\t<a href='https:\/\/biblioteka.kolobrzeg.pl\/wp-content\/uploads\/2025\/12\/koniety2210251.jpg' title=\"\" data-rl_title=\"\" class=\"rl-gallery-link\" data-rl_caption=\"\" data-rel=\"lightbox-gallery-1\"><img loading=\"lazy\" decoding=\"async\" width=\"150\" height=\"150\" src=\"https:\/\/biblioteka.kolobrzeg.pl\/wp-content\/uploads\/2025\/12\/koniety2210251-150x150.jpg\" class=\"attachment-thumbnail size-thumbnail\" alt=\"Festiwal Kobiety w dialogu\" srcset=\"https:\/\/biblioteka.kolobrzeg.pl\/wp-content\/uploads\/2025\/12\/koniety2210251-150x150.jpg 150w, https:\/\/biblioteka.kolobrzeg.pl\/wp-content\/uploads\/2025\/12\/koniety2210251-144x144.jpg 144w\" sizes=\"auto, (max-width: 150px) 100vw, 150px\" \/><\/a>\n\t\t\t<\/dt><\/dl><dl class='gallery-item'>\n\t\t\t<dt class='gallery-icon landscape'>\n\t\t\t\t<a href='https:\/\/biblioteka.kolobrzeg.pl\/wp-content\/uploads\/2025\/12\/koniety2210255.jpg' title=\"\" data-rl_title=\"\" class=\"rl-gallery-link\" data-rl_caption=\"\" data-rel=\"lightbox-gallery-1\"><img loading=\"lazy\" decoding=\"async\" width=\"150\" height=\"150\" src=\"https:\/\/biblioteka.kolobrzeg.pl\/wp-content\/uploads\/2025\/12\/koniety2210255-150x150.jpg\" class=\"attachment-thumbnail size-thumbnail\" alt=\"Festiwal Kobiety w dialogu\" srcset=\"https:\/\/biblioteka.kolobrzeg.pl\/wp-content\/uploads\/2025\/12\/koniety2210255-150x150.jpg 150w, https:\/\/biblioteka.kolobrzeg.pl\/wp-content\/uploads\/2025\/12\/koniety2210255-144x144.jpg 144w\" sizes=\"auto, (max-width: 150px) 100vw, 150px\" \/><\/a>\n\t\t\t<\/dt><\/dl><dl class='gallery-item'>\n\t\t\t<dt class='gallery-icon landscape'>\n\t\t\t\t<a href='https:\/\/biblioteka.kolobrzeg.pl\/wp-content\/uploads\/2025\/12\/koniety2210254.jpg' title=\"\" data-rl_title=\"\" class=\"rl-gallery-link\" data-rl_caption=\"\" data-rel=\"lightbox-gallery-1\"><img loading=\"lazy\" decoding=\"async\" width=\"150\" height=\"150\" src=\"https:\/\/biblioteka.kolobrzeg.pl\/wp-content\/uploads\/2025\/12\/koniety2210254-150x150.jpg\" class=\"attachment-thumbnail size-thumbnail\" alt=\"Festiwal Kobiety w dialogu\" srcset=\"https:\/\/biblioteka.kolobrzeg.pl\/wp-content\/uploads\/2025\/12\/koniety2210254-150x150.jpg 150w, https:\/\/biblioteka.kolobrzeg.pl\/wp-content\/uploads\/2025\/12\/koniety2210254-144x144.jpg 144w\" sizes=\"auto, (max-width: 150px) 100vw, 150px\" \/><\/a>\n\t\t\t<\/dt><\/dl><br style=\"clear: both\" \/>\n\t\t<\/div>\n\n","protected":false},"excerpt":{"rendered":"<p>Spotkanie z Magdalen\u0105 Grzeba\u0142kowsk\u0105. Podczas Festiwalu Kobiety w dialogu odby\u0142o si\u0119 niezwykle inspiruj\u0105ce spotkanie z Magdalen\u0105 Grzeba\u0142kowsk\u0105, jedn\u0105 z najwa\u017cniejszych wsp\u00f3\u0142czesnych reporterek. Rozmow\u0119 poprowadzi\u0142a Sylwia Chutnik \u2013 pisarka, aktywistka i mistrzyni wywo\u0142ywania temat\u00f3w, o kt\u00f3rych trudno milcze\u0107.<\/p><p><a class=\"more-link block-button\" href=\"https:\/\/biblioteka.kolobrzeg.pl\/index.php\/2025\/10\/22\/festiwal-kobiety-w-dialogu-3\/\">Kontynuuj czytanie &raquo;<\/a><\/p>\n","protected":false},"author":1,"featured_media":33817,"comment_status":"closed","ping_status":"closed","sticky":false,"template":"","format":"standard","meta":{"jetpack_post_was_ever_published":false,"_jetpack_newsletter_access":"","_jetpack_dont_email_post_to_subs":false,"_jetpack_newsletter_tier_id":0,"_jetpack_memberships_contains_paywalled_content":false,"_jetpack_memberships_contains_paid_content":false,"footnotes":"","jetpack_publicize_message":"","jetpack_publicize_feature_enabled":true,"jetpack_social_post_already_shared":true,"jetpack_social_options":{"image_generator_settings":{"template":"highway","default_image_id":0,"font":"","enabled":false},"version":2}},"categories":[542,21],"tags":[],"class_list":["post-33818","post","type-post","status-publish","format-standard","has-post-thumbnail","hentry","category-biblioteka-glowna","category-spotkania"],"jetpack_publicize_connections":[],"jetpack_featured_media_url":"https:\/\/biblioteka.kolobrzeg.pl\/wp-content\/uploads\/2025\/12\/koniety2210253.jpg","jetpack_likes_enabled":true,"jetpack_sharing_enabled":true,"_links":{"self":[{"href":"https:\/\/biblioteka.kolobrzeg.pl\/index.php\/wp-json\/wp\/v2\/posts\/33818","targetHints":{"allow":["GET"]}}],"collection":[{"href":"https:\/\/biblioteka.kolobrzeg.pl\/index.php\/wp-json\/wp\/v2\/posts"}],"about":[{"href":"https:\/\/biblioteka.kolobrzeg.pl\/index.php\/wp-json\/wp\/v2\/types\/post"}],"author":[{"embeddable":true,"href":"https:\/\/biblioteka.kolobrzeg.pl\/index.php\/wp-json\/wp\/v2\/users\/1"}],"replies":[{"embeddable":true,"href":"https:\/\/biblioteka.kolobrzeg.pl\/index.php\/wp-json\/wp\/v2\/comments?post=33818"}],"version-history":[{"count":1,"href":"https:\/\/biblioteka.kolobrzeg.pl\/index.php\/wp-json\/wp\/v2\/posts\/33818\/revisions"}],"predecessor-version":[{"id":33819,"href":"https:\/\/biblioteka.kolobrzeg.pl\/index.php\/wp-json\/wp\/v2\/posts\/33818\/revisions\/33819"}],"wp:featuredmedia":[{"embeddable":true,"href":"https:\/\/biblioteka.kolobrzeg.pl\/index.php\/wp-json\/wp\/v2\/media\/33817"}],"wp:attachment":[{"href":"https:\/\/biblioteka.kolobrzeg.pl\/index.php\/wp-json\/wp\/v2\/media?parent=33818"}],"wp:term":[{"taxonomy":"category","embeddable":true,"href":"https:\/\/biblioteka.kolobrzeg.pl\/index.php\/wp-json\/wp\/v2\/categories?post=33818"},{"taxonomy":"post_tag","embeddable":true,"href":"https:\/\/biblioteka.kolobrzeg.pl\/index.php\/wp-json\/wp\/v2\/tags?post=33818"}],"curies":[{"name":"wp","href":"https:\/\/api.w.org\/{rel}","templated":true}]}}