{"id":33838,"date":"2025-10-18T16:14:21","date_gmt":"2025-10-18T14:14:21","guid":{"rendered":"https:\/\/biblioteka.kolobrzeg.pl\/?p=33838"},"modified":"2025-12-03T16:16:35","modified_gmt":"2025-12-03T15:16:35","slug":"warsztaty-podcastowe","status":"publish","type":"post","link":"https:\/\/biblioteka.kolobrzeg.pl\/index.php\/2025\/10\/18\/warsztaty-podcastowe\/","title":{"rendered":"Warsztaty podcastowe"},"content":{"rendered":"<p><a href=\"https:\/\/biblioteka.kolobrzeg.pl\/wp-content\/uploads\/2025\/12\/koiety1910255.jpg\" data-rel=\"lightbox-image-0\" data-rl_title=\"\" data-rl_caption=\"\" title=\"\"><img loading=\"lazy\" decoding=\"async\" class=\"alignleft wp-image-33833 size-thumbnail\" src=\"https:\/\/biblioteka.kolobrzeg.pl\/wp-content\/uploads\/2025\/12\/koiety1910255-150x150.jpg\" alt=\"Warsztaty podcastowe\" width=\"150\" height=\"150\" srcset=\"https:\/\/biblioteka.kolobrzeg.pl\/wp-content\/uploads\/2025\/12\/koiety1910255-150x150.jpg 150w, https:\/\/biblioteka.kolobrzeg.pl\/wp-content\/uploads\/2025\/12\/koiety1910255-144x144.jpg 144w\" sizes=\"auto, (max-width: 150px) 100vw, 150px\" \/><\/a>Festiwal Kobiety w dialogu.<\/p>\n<p>\u201eKobiety Biblioteki\u201d \u2014 trzy dni odkrywania d\u017awi\u0119ku, historii i dialogu.<!--more--><\/p>\n<p>Zako\u0144czyli\u015bmy trzydniowe warsztaty podcastowe organizowane w ramach Festiwalu Kobiety w Dialogu. Spotkania poprowadzi\u0142a do\u015bwiadczona reporta\u017cystka i podcasterka \u2014Hanna Bogoryja-Zakrzewska z Torby Reportera i Podcastera.<\/p>\n<p>Przez trzy intensywne popo\u0142udnia uczestnicy zg\u0142\u0119biali tajniki podcastingu: od pomys\u0142u, przez nagrania i prac\u0119 z d\u017awi\u0119kiem, a\u017c po monta\u017c i finalny odcinek. Towarzyszy\u0142o nam mn\u00f3stwo rozm\u00f3w, \u015bmiechu, skupienia i odkry\u0107, kt\u00f3re udowodni\u0142y, \u017ce podcast to znacznie wi\u0119cej ni\u017c tylko g\u0142os w s\u0142uchawkach \u2014 to narz\u0119dzie budowania relacji, opowiadania historii i tworzenia przestrzeni do dialogu.<\/p>\n<p>Efektem pracy uczestnik\u00f3w jest podcast \u201eKobiety Biblioteki\u201d, w kt\u00f3rym mo\u017cna us\u0142ysze\u0107 opowie\u015bci bibliotekarek \u2014 tych, kt\u00f3re tworzy\u0142y i nadal tworz\u0105 nasze biblioteczne \u017cycie.<\/p>\n<p>To rozmowa o codzienno\u015bci sprzed lat, o ksi\u0105\u017ckach pachn\u0105cych papierem i tuszem z maszyny do pisania, o czasach przed komputerami i o bibliotece, kt\u00f3ra zawsze by\u0142a miejscem pe\u0142nym energii, wspomnie\u0144 i ludzi.<\/p>\n<p>Pos\u0142uchaj podcastu: <a href=\"https:\/\/youtu.be\/rrXqqPuqo6s\">https:\/\/youtu.be\/rrXqqPuqo6s<\/a><\/p>\n<p>Dofinansowano ze \u015brodk\u00f3w Ministra Kultury i Dziedzictwa Narodowego pochodz\u0105cych z Funduszu Promocji Kultury.<\/p>\n\n\t\t<style type=\"text\/css\">\n\t\t\t#gallery-1 {\n\t\t\t\tmargin: auto;\n\t\t\t}\n\t\t\t#gallery-1 .gallery-item {\n\t\t\t\tfloat: left;\n\t\t\t\tmargin-top: 10px;\n\t\t\t\ttext-align: center;\n\t\t\t\twidth: 25%;\n\t\t\t}\n\t\t\t#gallery-1 img {\n\t\t\t\tborder: 2px solid #cfcfcf;\n\t\t\t}\n\t\t\t#gallery-1 .gallery-caption {\n\t\t\t\tmargin-left: 0;\n\t\t\t}\n\t\t\t\/* see gallery_shortcode() in wp-includes\/media.php *\/\n\t\t<\/style>\n\t\t<div id='gallery-1' class='gallery galleryid-33838 gallery-columns-4 gallery-size-thumbnail'><dl class='gallery-item'>\n\t\t\t<dt class='gallery-icon landscape'>\n\t\t\t\t<a href='https:\/\/biblioteka.kolobrzeg.pl\/wp-content\/uploads\/2025\/12\/koiety1910252.jpg' title=\"\" data-rl_title=\"\" class=\"rl-gallery-link\" data-rl_caption=\"\" data-rel=\"lightbox-gallery-1\"><img loading=\"lazy\" decoding=\"async\" width=\"150\" height=\"150\" src=\"https:\/\/biblioteka.kolobrzeg.pl\/wp-content\/uploads\/2025\/12\/koiety1910252-150x150.jpg\" class=\"attachment-thumbnail size-thumbnail\" alt=\"Warsztaty podcastowe\" srcset=\"https:\/\/biblioteka.kolobrzeg.pl\/wp-content\/uploads\/2025\/12\/koiety1910252-150x150.jpg 150w, https:\/\/biblioteka.kolobrzeg.pl\/wp-content\/uploads\/2025\/12\/koiety1910252-144x144.jpg 144w\" sizes=\"auto, (max-width: 150px) 100vw, 150px\" \/><\/a>\n\t\t\t<\/dt><\/dl><dl class='gallery-item'>\n\t\t\t<dt class='gallery-icon landscape'>\n\t\t\t\t<a href='https:\/\/biblioteka.kolobrzeg.pl\/wp-content\/uploads\/2025\/12\/koiety1910251.jpg' title=\"\" data-rl_title=\"\" class=\"rl-gallery-link\" data-rl_caption=\"\" data-rel=\"lightbox-gallery-1\"><img loading=\"lazy\" decoding=\"async\" width=\"150\" height=\"150\" src=\"https:\/\/biblioteka.kolobrzeg.pl\/wp-content\/uploads\/2025\/12\/koiety1910251-150x150.jpg\" class=\"attachment-thumbnail size-thumbnail\" alt=\"Warsztaty podcastowe\" srcset=\"https:\/\/biblioteka.kolobrzeg.pl\/wp-content\/uploads\/2025\/12\/koiety1910251-150x150.jpg 150w, https:\/\/biblioteka.kolobrzeg.pl\/wp-content\/uploads\/2025\/12\/koiety1910251-144x144.jpg 144w\" sizes=\"auto, (max-width: 150px) 100vw, 150px\" \/><\/a>\n\t\t\t<\/dt><\/dl><dl class='gallery-item'>\n\t\t\t<dt class='gallery-icon landscape'>\n\t\t\t\t<a href='https:\/\/biblioteka.kolobrzeg.pl\/wp-content\/uploads\/2025\/12\/koiety1910257.jpg' title=\"\" data-rl_title=\"\" class=\"rl-gallery-link\" data-rl_caption=\"\" data-rel=\"lightbox-gallery-1\"><img loading=\"lazy\" decoding=\"async\" width=\"150\" height=\"150\" src=\"https:\/\/biblioteka.kolobrzeg.pl\/wp-content\/uploads\/2025\/12\/koiety1910257-150x150.jpg\" class=\"attachment-thumbnail size-thumbnail\" alt=\"Warsztaty podcastowe\" srcset=\"https:\/\/biblioteka.kolobrzeg.pl\/wp-content\/uploads\/2025\/12\/koiety1910257-150x150.jpg 150w, https:\/\/biblioteka.kolobrzeg.pl\/wp-content\/uploads\/2025\/12\/koiety1910257-144x144.jpg 144w\" sizes=\"auto, (max-width: 150px) 100vw, 150px\" \/><\/a>\n\t\t\t<\/dt><\/dl><dl class='gallery-item'>\n\t\t\t<dt class='gallery-icon landscape'>\n\t\t\t\t<a href='https:\/\/biblioteka.kolobrzeg.pl\/wp-content\/uploads\/2025\/12\/koiety1910256.jpg' title=\"\" data-rl_title=\"\" class=\"rl-gallery-link\" data-rl_caption=\"\" data-rel=\"lightbox-gallery-1\"><img loading=\"lazy\" decoding=\"async\" width=\"150\" height=\"150\" src=\"https:\/\/biblioteka.kolobrzeg.pl\/wp-content\/uploads\/2025\/12\/koiety1910256-150x150.jpg\" class=\"attachment-thumbnail size-thumbnail\" alt=\"Warsztaty podcastowe\" srcset=\"https:\/\/biblioteka.kolobrzeg.pl\/wp-content\/uploads\/2025\/12\/koiety1910256-150x150.jpg 150w, https:\/\/biblioteka.kolobrzeg.pl\/wp-content\/uploads\/2025\/12\/koiety1910256-144x144.jpg 144w\" sizes=\"auto, (max-width: 150px) 100vw, 150px\" \/><\/a>\n\t\t\t<\/dt><\/dl><br style=\"clear: both\" \/><dl class='gallery-item'>\n\t\t\t<dt class='gallery-icon landscape'>\n\t\t\t\t<a href='https:\/\/biblioteka.kolobrzeg.pl\/wp-content\/uploads\/2025\/12\/koiety1910255.jpg' title=\"\" data-rl_title=\"\" class=\"rl-gallery-link\" data-rl_caption=\"\" data-rel=\"lightbox-gallery-1\"><img loading=\"lazy\" decoding=\"async\" width=\"150\" height=\"150\" src=\"https:\/\/biblioteka.kolobrzeg.pl\/wp-content\/uploads\/2025\/12\/koiety1910255-150x150.jpg\" class=\"attachment-thumbnail size-thumbnail\" alt=\"Warsztaty podcastowe\" srcset=\"https:\/\/biblioteka.kolobrzeg.pl\/wp-content\/uploads\/2025\/12\/koiety1910255-150x150.jpg 150w, https:\/\/biblioteka.kolobrzeg.pl\/wp-content\/uploads\/2025\/12\/koiety1910255-144x144.jpg 144w\" sizes=\"auto, (max-width: 150px) 100vw, 150px\" \/><\/a>\n\t\t\t<\/dt><\/dl><dl class='gallery-item'>\n\t\t\t<dt class='gallery-icon landscape'>\n\t\t\t\t<a href='https:\/\/biblioteka.kolobrzeg.pl\/wp-content\/uploads\/2025\/12\/koiety1910254.jpg' title=\"\" data-rl_title=\"\" class=\"rl-gallery-link\" data-rl_caption=\"\" data-rel=\"lightbox-gallery-1\"><img loading=\"lazy\" decoding=\"async\" width=\"150\" height=\"150\" src=\"https:\/\/biblioteka.kolobrzeg.pl\/wp-content\/uploads\/2025\/12\/koiety1910254-150x150.jpg\" class=\"attachment-thumbnail size-thumbnail\" alt=\"Warsztaty podcastowe\" srcset=\"https:\/\/biblioteka.kolobrzeg.pl\/wp-content\/uploads\/2025\/12\/koiety1910254-150x150.jpg 150w, https:\/\/biblioteka.kolobrzeg.pl\/wp-content\/uploads\/2025\/12\/koiety1910254-144x144.jpg 144w\" sizes=\"auto, (max-width: 150px) 100vw, 150px\" \/><\/a>\n\t\t\t<\/dt><\/dl><dl class='gallery-item'>\n\t\t\t<dt class='gallery-icon landscape'>\n\t\t\t\t<a href='https:\/\/biblioteka.kolobrzeg.pl\/wp-content\/uploads\/2025\/12\/koiety1910253.jpg' title=\"\" data-rl_title=\"\" class=\"rl-gallery-link\" data-rl_caption=\"\" data-rel=\"lightbox-gallery-1\"><img loading=\"lazy\" decoding=\"async\" width=\"150\" height=\"150\" src=\"https:\/\/biblioteka.kolobrzeg.pl\/wp-content\/uploads\/2025\/12\/koiety1910253-150x150.jpg\" class=\"attachment-thumbnail size-thumbnail\" alt=\"Warsztaty podcastowe\" srcset=\"https:\/\/biblioteka.kolobrzeg.pl\/wp-content\/uploads\/2025\/12\/koiety1910253-150x150.jpg 150w, https:\/\/biblioteka.kolobrzeg.pl\/wp-content\/uploads\/2025\/12\/koiety1910253-144x144.jpg 144w\" sizes=\"auto, (max-width: 150px) 100vw, 150px\" \/><\/a>\n\t\t\t<\/dt><\/dl>\n\t\t\t<br style='clear: both' \/>\n\t\t<\/div>\n\n","protected":false},"excerpt":{"rendered":"<p>Festiwal Kobiety w dialogu. \u201eKobiety Biblioteki\u201d \u2014 trzy dni odkrywania d\u017awi\u0119ku, historii i dialogu.<\/p><p><a class=\"more-link block-button\" href=\"https:\/\/biblioteka.kolobrzeg.pl\/index.php\/2025\/10\/18\/warsztaty-podcastowe\/\">Kontynuuj czytanie &raquo;<\/a><\/p>\n","protected":false},"author":1,"featured_media":33833,"comment_status":"closed","ping_status":"closed","sticky":false,"template":"","format":"standard","meta":{"jetpack_post_was_ever_published":false,"_jetpack_newsletter_access":"","_jetpack_dont_email_post_to_subs":false,"_jetpack_newsletter_tier_id":0,"_jetpack_memberships_contains_paywalled_content":false,"_jetpack_memberships_contains_paid_content":false,"footnotes":"","jetpack_publicize_message":"","jetpack_publicize_feature_enabled":true,"jetpack_social_post_already_shared":true,"jetpack_social_options":{"image_generator_settings":{"template":"highway","default_image_id":0,"font":"","enabled":false},"version":2}},"categories":[542],"tags":[],"class_list":["post-33838","post","type-post","status-publish","format-standard","has-post-thumbnail","hentry","category-biblioteka-glowna"],"jetpack_publicize_connections":[],"jetpack_featured_media_url":"https:\/\/biblioteka.kolobrzeg.pl\/wp-content\/uploads\/2025\/12\/koiety1910255.jpg","jetpack_likes_enabled":true,"jetpack_sharing_enabled":true,"_links":{"self":[{"href":"https:\/\/biblioteka.kolobrzeg.pl\/index.php\/wp-json\/wp\/v2\/posts\/33838","targetHints":{"allow":["GET"]}}],"collection":[{"href":"https:\/\/biblioteka.kolobrzeg.pl\/index.php\/wp-json\/wp\/v2\/posts"}],"about":[{"href":"https:\/\/biblioteka.kolobrzeg.pl\/index.php\/wp-json\/wp\/v2\/types\/post"}],"author":[{"embeddable":true,"href":"https:\/\/biblioteka.kolobrzeg.pl\/index.php\/wp-json\/wp\/v2\/users\/1"}],"replies":[{"embeddable":true,"href":"https:\/\/biblioteka.kolobrzeg.pl\/index.php\/wp-json\/wp\/v2\/comments?post=33838"}],"version-history":[{"count":1,"href":"https:\/\/biblioteka.kolobrzeg.pl\/index.php\/wp-json\/wp\/v2\/posts\/33838\/revisions"}],"predecessor-version":[{"id":33839,"href":"https:\/\/biblioteka.kolobrzeg.pl\/index.php\/wp-json\/wp\/v2\/posts\/33838\/revisions\/33839"}],"wp:featuredmedia":[{"embeddable":true,"href":"https:\/\/biblioteka.kolobrzeg.pl\/index.php\/wp-json\/wp\/v2\/media\/33833"}],"wp:attachment":[{"href":"https:\/\/biblioteka.kolobrzeg.pl\/index.php\/wp-json\/wp\/v2\/media?parent=33838"}],"wp:term":[{"taxonomy":"category","embeddable":true,"href":"https:\/\/biblioteka.kolobrzeg.pl\/index.php\/wp-json\/wp\/v2\/categories?post=33838"},{"taxonomy":"post_tag","embeddable":true,"href":"https:\/\/biblioteka.kolobrzeg.pl\/index.php\/wp-json\/wp\/v2\/tags?post=33838"}],"curies":[{"name":"wp","href":"https:\/\/api.w.org\/{rel}","templated":true}]}}