{"id":33852,"date":"2025-12-08T10:38:13","date_gmt":"2025-12-08T09:38:13","guid":{"rendered":"https:\/\/biblioteka.kolobrzeg.pl\/?p=33852"},"modified":"2025-12-08T10:38:35","modified_gmt":"2025-12-08T09:38:35","slug":"spotkanie-autorskie-79","status":"publish","type":"post","link":"https:\/\/biblioteka.kolobrzeg.pl\/index.php\/2025\/12\/08\/spotkanie-autorskie-79\/","title":{"rendered":"Spotkanie autorskie"},"content":{"rendered":"<p><a href=\"https:\/\/biblioteka.kolobrzeg.pl\/wp-content\/uploads\/2025\/12\/guzowska151225.jpg\" data-rel=\"lightbox-image-0\" data-rl_title=\"\" data-rl_caption=\"\" title=\"\"><img loading=\"lazy\" decoding=\"async\" class=\"alignleft wp-image-33851 size-thumbnail\" src=\"https:\/\/biblioteka.kolobrzeg.pl\/wp-content\/uploads\/2025\/12\/guzowska151225-150x150.jpg\" alt=\"Spotkanie autorskie - Iwona Guzowska\" width=\"150\" height=\"150\" srcset=\"https:\/\/biblioteka.kolobrzeg.pl\/wp-content\/uploads\/2025\/12\/guzowska151225-150x150.jpg 150w, https:\/\/biblioteka.kolobrzeg.pl\/wp-content\/uploads\/2025\/12\/guzowska151225-144x144.jpg 144w\" sizes=\"auto, (max-width: 150px) 100vw, 150px\" \/><\/a>Biblioteka Ogrody zaprasza na wyj\u0105tkowe wydarzenie ko\u0144cz\u0105ce rok 2025. Go\u015bciem specjalnym b\u0119dzie Iwona Guzowska \u2013 mistrzyni \u015bwiata w sportach walki, dzia\u0142aczka spo\u0142eczna i mentorka wspieraj\u0105ca rozw\u00f3j mentalny oraz emocjonalny.<!--more--><\/p>\n<p><strong>15.12.2025<\/strong> r. godz. <strong>17:00<\/strong>, Biblioteka Filia nr1 Ogrody ul. \u017b\u00f3\u0142kiewskiego 6<\/p>\n<p>Spotkanie b\u0119dzie okazj\u0105, by pozna\u0107 jej inspiruj\u0105c\u0105 histori\u0119, zada\u0107 pytania i porozmawia\u0107 na \u017cywo. To tak\u017ce doskona\u0142y moment na refleksj\u0119 nad mijaj\u0105cym rokiem oraz odwa\u017cne plany na przysz\u0142o\u015b\u0107.<\/p>\n<p>Organizatorzy podkre\u015blaj\u0105, \u017ce ka\u017cde spotkanie z Iwon\u0105 Guzowsk\u0105 to dawka motywacji i m\u0105drych przemy\u015ble\u0144, kt\u00f3re pomagaj\u0105 spojrze\u0107 na w\u0142asn\u0105 drog\u0119 z nowej perspektywy.<\/p>\n","protected":false},"excerpt":{"rendered":"<p>Biblioteka Ogrody zaprasza na wyj\u0105tkowe wydarzenie ko\u0144cz\u0105ce rok 2025. Go\u015bciem specjalnym b\u0119dzie Iwona Guzowska \u2013 mistrzyni \u015bwiata w sportach walki, dzia\u0142aczka spo\u0142eczna i mentorka wspieraj\u0105ca rozw\u00f3j mentalny oraz emocjonalny.<\/p><p><a class=\"more-link block-button\" href=\"https:\/\/biblioteka.kolobrzeg.pl\/index.php\/2025\/12\/08\/spotkanie-autorskie-79\/\">Kontynuuj czytanie &raquo;<\/a><\/p>\n","protected":false},"author":1,"featured_media":33851,"comment_status":"closed","ping_status":"closed","sticky":false,"template":"","format":"standard","meta":{"jetpack_post_was_ever_published":false,"_jetpack_newsletter_access":"","_jetpack_dont_email_post_to_subs":false,"_jetpack_newsletter_tier_id":0,"_jetpack_memberships_contains_paywalled_content":false,"_jetpack_memberships_contains_paid_content":false,"footnotes":"","jetpack_publicize_message":"","jetpack_publicize_feature_enabled":true,"jetpack_social_post_already_shared":true,"jetpack_social_options":{"image_generator_settings":{"template":"highway","default_image_id":0,"font":"","enabled":false},"version":2}},"categories":[1],"tags":[],"class_list":["post-33852","post","type-post","status-publish","format-standard","has-post-thumbnail","hentry","category-aktualnosci"],"jetpack_publicize_connections":[],"jetpack_featured_media_url":"https:\/\/biblioteka.kolobrzeg.pl\/wp-content\/uploads\/2025\/12\/guzowska151225.jpg","jetpack_likes_enabled":true,"jetpack_sharing_enabled":true,"_links":{"self":[{"href":"https:\/\/biblioteka.kolobrzeg.pl\/index.php\/wp-json\/wp\/v2\/posts\/33852","targetHints":{"allow":["GET"]}}],"collection":[{"href":"https:\/\/biblioteka.kolobrzeg.pl\/index.php\/wp-json\/wp\/v2\/posts"}],"about":[{"href":"https:\/\/biblioteka.kolobrzeg.pl\/index.php\/wp-json\/wp\/v2\/types\/post"}],"author":[{"embeddable":true,"href":"https:\/\/biblioteka.kolobrzeg.pl\/index.php\/wp-json\/wp\/v2\/users\/1"}],"replies":[{"embeddable":true,"href":"https:\/\/biblioteka.kolobrzeg.pl\/index.php\/wp-json\/wp\/v2\/comments?post=33852"}],"version-history":[{"count":1,"href":"https:\/\/biblioteka.kolobrzeg.pl\/index.php\/wp-json\/wp\/v2\/posts\/33852\/revisions"}],"predecessor-version":[{"id":33853,"href":"https:\/\/biblioteka.kolobrzeg.pl\/index.php\/wp-json\/wp\/v2\/posts\/33852\/revisions\/33853"}],"wp:featuredmedia":[{"embeddable":true,"href":"https:\/\/biblioteka.kolobrzeg.pl\/index.php\/wp-json\/wp\/v2\/media\/33851"}],"wp:attachment":[{"href":"https:\/\/biblioteka.kolobrzeg.pl\/index.php\/wp-json\/wp\/v2\/media?parent=33852"}],"wp:term":[{"taxonomy":"category","embeddable":true,"href":"https:\/\/biblioteka.kolobrzeg.pl\/index.php\/wp-json\/wp\/v2\/categories?post=33852"},{"taxonomy":"post_tag","embeddable":true,"href":"https:\/\/biblioteka.kolobrzeg.pl\/index.php\/wp-json\/wp\/v2\/tags?post=33852"}],"curies":[{"name":"wp","href":"https:\/\/api.w.org\/{rel}","templated":true}]}}