{"id":34084,"date":"2026-03-03T15:29:03","date_gmt":"2026-03-03T14:29:03","guid":{"rendered":"https:\/\/biblioteka.kolobrzeg.pl\/?p=34084"},"modified":"2026-03-04T15:37:23","modified_gmt":"2026-03-04T14:37:23","slug":"historylive-2","status":"publish","type":"post","link":"https:\/\/biblioteka.kolobrzeg.pl\/index.php\/2026\/03\/03\/historylive-2\/","title":{"rendered":"HistoryLive"},"content":{"rendered":"<p><a href=\"https:\/\/biblioteka.kolobrzeg.pl\/wp-content\/uploads\/2026\/03\/historylive0403265.jpg\" data-rel=\"lightbox-image-0\" data-rl_title=\"\" data-rl_caption=\"\" title=\"\"><img loading=\"lazy\" decoding=\"async\" class=\"alignleft wp-image-34087 size-thumbnail\" src=\"https:\/\/biblioteka.kolobrzeg.pl\/wp-content\/uploads\/2026\/03\/historylive0403265-150x150.jpg\" alt=\"Relacja historylive\" width=\"150\" height=\"150\" \/><\/a>Za nami spotkanie z cyklu HistoryLive pt. \u201eWojsko Polskie w boju o Ko\u0142obrzeg&#8221;. W miejscu, w kt\u00f3rym dzi\u015b toczy si\u0119 spokojne, codzienne \u017cycie miasta, pr\u00f3bowali\u015bmy cofn\u0105\u0107 si\u0119 my\u015bl\u0105 do marca 1945 roku i spojrze\u0107 na wydarzenia sprzed ponad 80 lat z historycznym dystansem.<!--more--><\/p>\n<p>Rozmawiali\u015bmy o drodze Wojska Polskiego formowanego na wschodzie, o dzia\u0142aniach 1 Armii WP w ramach operacji pomorskiej oraz o samym przebiegu walk o Ko\u0142obrzeg &#8211; od pierwszych nieudanych natar\u0107, przez ci\u0119\u017ckie boje uliczne i forsowanie Pars\u0119ty, a\u017c po zdobycie portu i symboliczne za\u015blubiny z Ba\u0142tykiem 18 marca.<\/p>\n<p>Wybrzmia\u0142o r\u00f3wnie\u017c, \u017ce cho\u0107 znaczenie strategiczne bitwy bywa dzi\u015b r\u00f3\u017cnie oceniane, jedno pozostaje niepodwa\u017calne &#8211; dla \u017co\u0142nierzy by\u0142a to realna, dramatyczna walka o \u017cycie i o Polsk\u0119. Walczyli w niezwykle trudnych warunkach, przelewali krew i ponosili ofiary, wierz\u0105c, \u017ce uczestnicz\u0105 w czym\u015b wa\u017cnym dla przysz\u0142o\u015bci kraju.<\/p>\n<p>Spotkanie poprowadzi\u0142 \u0141ukasz G\u0142adysiak z Studio Historyczne Huzar, dzi\u0119kujemy za merytoryczne i wywa\u017cone spojrzenie na te wydarzenia.<\/p>\n<p>Dzi\u0119kujemy wszystkim za obecno\u015b\u0107 i wsp\u00f3ln\u0105 refleksj\u0119 nad histori\u0105 miasta oraz losem ludzi, kt\u00f3rzy zapisali j\u0105 swoim wysi\u0142kiem i po\u015bwi\u0119ceniem.<\/p>\n","protected":false},"excerpt":{"rendered":"<p>Za nami spotkanie z cyklu HistoryLive pt. \u201eWojsko Polskie w boju o Ko\u0142obrzeg&#8221;. W miejscu, w kt\u00f3rym dzi\u015b toczy si\u0119 spokojne, codzienne \u017cycie miasta, pr\u00f3bowali\u015bmy cofn\u0105\u0107 si\u0119 my\u015bl\u0105 do marca 1945 roku i spojrze\u0107 na wydarzenia sprzed ponad 80 lat z historycznym dystansem.<\/p><p><a class=\"more-link block-button\" href=\"https:\/\/biblioteka.kolobrzeg.pl\/index.php\/2026\/03\/03\/historylive-2\/\">Kontynuuj czytanie &raquo;<\/a><\/p>\n","protected":false},"author":1,"featured_media":34087,"comment_status":"closed","ping_status":"closed","sticky":false,"template":"","format":"standard","meta":{"jetpack_post_was_ever_published":false,"_jetpack_newsletter_access":"","_jetpack_dont_email_post_to_subs":false,"_jetpack_newsletter_tier_id":0,"_jetpack_memberships_contains_paywalled_content":false,"_jetpack_memberships_contains_paid_content":false,"footnotes":"","jetpack_publicize_message":"","jetpack_publicize_feature_enabled":true,"jetpack_social_post_already_shared":true,"jetpack_social_options":{"image_generator_settings":{"template":"highway","default_image_id":0,"font":"","enabled":false},"version":2}},"categories":[542],"tags":[],"class_list":["post-34084","post","type-post","status-publish","format-standard","has-post-thumbnail","hentry","category-biblioteka-glowna"],"jetpack_publicize_connections":[],"jetpack_featured_media_url":"https:\/\/biblioteka.kolobrzeg.pl\/wp-content\/uploads\/2026\/03\/historylive0403265.jpg","jetpack_likes_enabled":true,"jetpack_sharing_enabled":true,"_links":{"self":[{"href":"https:\/\/biblioteka.kolobrzeg.pl\/index.php\/wp-json\/wp\/v2\/posts\/34084","targetHints":{"allow":["GET"]}}],"collection":[{"href":"https:\/\/biblioteka.kolobrzeg.pl\/index.php\/wp-json\/wp\/v2\/posts"}],"about":[{"href":"https:\/\/biblioteka.kolobrzeg.pl\/index.php\/wp-json\/wp\/v2\/types\/post"}],"author":[{"embeddable":true,"href":"https:\/\/biblioteka.kolobrzeg.pl\/index.php\/wp-json\/wp\/v2\/users\/1"}],"replies":[{"embeddable":true,"href":"https:\/\/biblioteka.kolobrzeg.pl\/index.php\/wp-json\/wp\/v2\/comments?post=34084"}],"version-history":[{"count":1,"href":"https:\/\/biblioteka.kolobrzeg.pl\/index.php\/wp-json\/wp\/v2\/posts\/34084\/revisions"}],"predecessor-version":[{"id":34092,"href":"https:\/\/biblioteka.kolobrzeg.pl\/index.php\/wp-json\/wp\/v2\/posts\/34084\/revisions\/34092"}],"wp:featuredmedia":[{"embeddable":true,"href":"https:\/\/biblioteka.kolobrzeg.pl\/index.php\/wp-json\/wp\/v2\/media\/34087"}],"wp:attachment":[{"href":"https:\/\/biblioteka.kolobrzeg.pl\/index.php\/wp-json\/wp\/v2\/media?parent=34084"}],"wp:term":[{"taxonomy":"category","embeddable":true,"href":"https:\/\/biblioteka.kolobrzeg.pl\/index.php\/wp-json\/wp\/v2\/categories?post=34084"},{"taxonomy":"post_tag","embeddable":true,"href":"https:\/\/biblioteka.kolobrzeg.pl\/index.php\/wp-json\/wp\/v2\/tags?post=34084"}],"curies":[{"name":"wp","href":"https:\/\/api.w.org\/{rel}","templated":true}]}}