{"id":34304,"date":"2026-03-24T15:46:08","date_gmt":"2026-03-24T14:46:08","guid":{"rendered":"https:\/\/biblioteka.kolobrzeg.pl\/?p=34304"},"modified":"2026-04-07T15:26:13","modified_gmt":"2026-04-07T13:26:13","slug":"spotkanie-autorskie-87","status":"publish","type":"post","link":"https:\/\/biblioteka.kolobrzeg.pl\/index.php\/2026\/03\/24\/spotkanie-autorskie-87\/","title":{"rendered":"Spotkanie autorskie"},"content":{"rendered":"<p><a href=\"https:\/\/biblioteka.kolobrzeg.pl\/wp-content\/uploads\/2026\/04\/polferries2403261.jpg\" data-rel=\"lightbox-image-0\" data-rl_title=\"\" data-rl_caption=\"\" title=\"\"><img loading=\"lazy\" decoding=\"async\" class=\"alignleft wp-image-34651 size-thumbnail\" src=\"https:\/\/biblioteka.kolobrzeg.pl\/wp-content\/uploads\/2026\/04\/polferries2403261-150x150.jpg\" alt=\"Relacja z jubileuszu 50-lecia Polskiej \u017beglugi Ba\u0142tyckiej.\" width=\"150\" height=\"150\" \/><\/a>24 marca 2026 odby\u0142o si\u0119 wyj\u0105tkowe spotkanie autorskie po\u015bwi\u0119cone jubileuszowi 50-lecia Polskiej \u017beglugi Ba\u0142tyckiej.<!--more--><\/p>\n<p>To by\u0142 wiecz\u00f3r pe\u0142en wspomnie\u0144, rozm\u00f3w i historii, kt\u00f3re przez dekady tworzyli ludzie zwi\u0105zani z Polferries \u2013 zar\u00f3wno na morzu, jak i na l\u0105dzie. Wydarzenie zgromadzi\u0142o mieszka\u0144c\u00f3w Ko\u0142obrzegu, sympatyk\u00f3w \u017ceglugi oraz by\u0142ych pracownik\u00f3w sp\u00f3\u0142ki.<\/p>\n<p>G\u0142\u00f3wnym punktem wieczoru by\u0142a prezentacja ksi\u0105\u017cki Edwarda Wi\u015bniewskiego, przygotowana wsp\u00f3lnie z Polferries. W wydarzeniu udzia\u0142 wzi\u0105\u0142 r\u00f3wnie\u017c Prezes Zarz\u0105du P\u017bB Piotr Redmerski.<\/p>\n<p>Dzi\u0119kujemy za obecno\u015b\u0107 tak\u017ce Senatorowi Januszowi Gromkowi oraz W\u00f3jtowi Gminy Ko\u0142obrzeg Jerzemu Wolskiemu.<\/p>\n<p>To wydarzenie pokaza\u0142o, jak wa\u017cn\u0105 cz\u0119\u015bci\u0105 historii Ko\u0142obrzegu jest Polska \u017begluga Ba\u0142tycka.<\/p>\n<p>Dzi\u0119kujemy wszystkim za obecno\u015b\u0107.<\/p>\n<p>Tekst. Polferries<\/p>\n<p>Marta Biel\u0119da<\/p>\n\n\t\t<style type=\"text\/css\">\n\t\t\t#gallery-1 {\n\t\t\t\tmargin: auto;\n\t\t\t}\n\t\t\t#gallery-1 .gallery-item {\n\t\t\t\tfloat: left;\n\t\t\t\tmargin-top: 10px;\n\t\t\t\ttext-align: center;\n\t\t\t\twidth: 33%;\n\t\t\t}\n\t\t\t#gallery-1 img {\n\t\t\t\tborder: 2px solid #cfcfcf;\n\t\t\t}\n\t\t\t#gallery-1 .gallery-caption {\n\t\t\t\tmargin-left: 0;\n\t\t\t}\n\t\t\t\/* see gallery_shortcode() in wp-includes\/media.php *\/\n\t\t<\/style>\n\t\t<div id='gallery-1' class='gallery galleryid-34304 gallery-columns-3 gallery-size-thumbnail'><dl class='gallery-item'>\n\t\t\t<dt class='gallery-icon landscape'>\n\t\t\t\t<a href='https:\/\/biblioteka.kolobrzeg.pl\/wp-content\/uploads\/2026\/04\/polferries2403263.jpg' title=\"\" data-rl_title=\"\" class=\"rl-gallery-link\" data-rl_caption=\"\" data-rel=\"lightbox-gallery-1\"><img loading=\"lazy\" decoding=\"async\" width=\"150\" height=\"150\" src=\"https:\/\/biblioteka.kolobrzeg.pl\/wp-content\/uploads\/2026\/04\/polferries2403263-150x150.jpg\" class=\"attachment-thumbnail size-thumbnail\" alt=\"Relacja z jubileuszu 50-lecia Polskiej \u017beglugi Ba\u0142tyckiej.\" \/><\/a>\n\t\t\t<\/dt><\/dl><dl class='gallery-item'>\n\t\t\t<dt class='gallery-icon landscape'>\n\t\t\t\t<a href='https:\/\/biblioteka.kolobrzeg.pl\/wp-content\/uploads\/2026\/04\/polferries2403262.jpg' title=\"\" data-rl_title=\"\" class=\"rl-gallery-link\" data-rl_caption=\"\" data-rel=\"lightbox-gallery-1\"><img loading=\"lazy\" decoding=\"async\" width=\"150\" height=\"150\" src=\"https:\/\/biblioteka.kolobrzeg.pl\/wp-content\/uploads\/2026\/04\/polferries2403262-150x150.jpg\" class=\"attachment-thumbnail size-thumbnail\" alt=\"Relacja z jubileuszu 50-lecia Polskiej \u017beglugi Ba\u0142tyckiej.\" \/><\/a>\n\t\t\t<\/dt><\/dl><dl class='gallery-item'>\n\t\t\t<dt class='gallery-icon landscape'>\n\t\t\t\t<a href='https:\/\/biblioteka.kolobrzeg.pl\/wp-content\/uploads\/2026\/04\/polferries2403261.jpg' title=\"\" data-rl_title=\"\" class=\"rl-gallery-link\" data-rl_caption=\"\" data-rel=\"lightbox-gallery-1\"><img loading=\"lazy\" decoding=\"async\" width=\"150\" height=\"150\" src=\"https:\/\/biblioteka.kolobrzeg.pl\/wp-content\/uploads\/2026\/04\/polferries2403261-150x150.jpg\" class=\"attachment-thumbnail size-thumbnail\" alt=\"Relacja z jubileuszu 50-lecia Polskiej \u017beglugi Ba\u0142tyckiej.\" \/><\/a>\n\t\t\t<\/dt><\/dl><br style=\"clear: both\" \/>\n\t\t<\/div>\n\n","protected":false},"excerpt":{"rendered":"<p>24 marca 2026 odby\u0142o si\u0119 wyj\u0105tkowe spotkanie autorskie po\u015bwi\u0119cone jubileuszowi 50-lecia Polskiej \u017beglugi Ba\u0142tyckiej.<\/p><p><a class=\"more-link block-button\" href=\"https:\/\/biblioteka.kolobrzeg.pl\/index.php\/2026\/03\/24\/spotkanie-autorskie-87\/\">Kontynuuj czytanie &raquo;<\/a><\/p>\n","protected":false},"author":1,"featured_media":34651,"comment_status":"closed","ping_status":"closed","sticky":false,"template":"","format":"standard","meta":{"jetpack_post_was_ever_published":false,"_jetpack_newsletter_access":"","_jetpack_dont_email_post_to_subs":false,"_jetpack_newsletter_tier_id":0,"_jetpack_memberships_contains_paywalled_content":false,"_jetpack_memberships_contains_paid_content":false,"footnotes":"","jetpack_publicize_message":"","jetpack_publicize_feature_enabled":true,"jetpack_social_post_already_shared":true,"jetpack_social_options":{"image_generator_settings":{"template":"highway","default_image_id":0,"font":"","enabled":false},"version":2}},"categories":[542],"tags":[37,30],"class_list":["post-34304","post","type-post","status-publish","format-standard","has-post-thumbnail","hentry","category-biblioteka-glowna","tag-autorskie","tag-spotkanie"],"jetpack_publicize_connections":[],"jetpack_featured_media_url":"https:\/\/biblioteka.kolobrzeg.pl\/wp-content\/uploads\/2026\/04\/polferries2403261.jpg","jetpack_likes_enabled":true,"jetpack_sharing_enabled":true,"_links":{"self":[{"href":"https:\/\/biblioteka.kolobrzeg.pl\/index.php\/wp-json\/wp\/v2\/posts\/34304","targetHints":{"allow":["GET"]}}],"collection":[{"href":"https:\/\/biblioteka.kolobrzeg.pl\/index.php\/wp-json\/wp\/v2\/posts"}],"about":[{"href":"https:\/\/biblioteka.kolobrzeg.pl\/index.php\/wp-json\/wp\/v2\/types\/post"}],"author":[{"embeddable":true,"href":"https:\/\/biblioteka.kolobrzeg.pl\/index.php\/wp-json\/wp\/v2\/users\/1"}],"replies":[{"embeddable":true,"href":"https:\/\/biblioteka.kolobrzeg.pl\/index.php\/wp-json\/wp\/v2\/comments?post=34304"}],"version-history":[{"count":2,"href":"https:\/\/biblioteka.kolobrzeg.pl\/index.php\/wp-json\/wp\/v2\/posts\/34304\/revisions"}],"predecessor-version":[{"id":34654,"href":"https:\/\/biblioteka.kolobrzeg.pl\/index.php\/wp-json\/wp\/v2\/posts\/34304\/revisions\/34654"}],"wp:featuredmedia":[{"embeddable":true,"href":"https:\/\/biblioteka.kolobrzeg.pl\/index.php\/wp-json\/wp\/v2\/media\/34651"}],"wp:attachment":[{"href":"https:\/\/biblioteka.kolobrzeg.pl\/index.php\/wp-json\/wp\/v2\/media?parent=34304"}],"wp:term":[{"taxonomy":"category","embeddable":true,"href":"https:\/\/biblioteka.kolobrzeg.pl\/index.php\/wp-json\/wp\/v2\/categories?post=34304"},{"taxonomy":"post_tag","embeddable":true,"href":"https:\/\/biblioteka.kolobrzeg.pl\/index.php\/wp-json\/wp\/v2\/tags?post=34304"}],"curies":[{"name":"wp","href":"https:\/\/api.w.org\/{rel}","templated":true}]}}