{"id":34784,"date":"2026-04-27T12:11:16","date_gmt":"2026-04-27T10:11:16","guid":{"rendered":"https:\/\/biblioteka.kolobrzeg.pl\/?p=34784"},"modified":"2026-04-27T12:11:35","modified_gmt":"2026-04-27T10:11:35","slug":"maj-w-bibliotece-3","status":"publish","type":"post","link":"https:\/\/biblioteka.kolobrzeg.pl\/index.php\/2026\/04\/27\/maj-w-bibliotece-3\/","title":{"rendered":"Maj w Bibliotece"},"content":{"rendered":"<p><a href=\"https:\/\/biblioteka.kolobrzeg.pl\/wp-content\/uploads\/2026\/04\/maj2026.jpg\" data-rel=\"lightbox-image-0\" data-rl_title=\"\" data-rl_caption=\"\" title=\"\"><img loading=\"lazy\" decoding=\"async\" class=\"alignleft wp-image-34783 size-thumbnail\" src=\"https:\/\/biblioteka.kolobrzeg.pl\/wp-content\/uploads\/2026\/04\/maj2026-150x150.jpg\" alt=\"Plakat maj w Bibliotece - program imprez\" width=\"150\" height=\"150\" \/><\/a>Maj w Bibliotece program imprez<\/p>\n<p><strong>Biblioteka, ul. Frankowskiego 3<\/strong>, tel. 94 35-228-70 wew. 3<!--more--><br \/>\n5.05. godz. 17:00 &#8211; HistoryLive. Od Mieszka I do Boles\u0142awa III &#8211; pocz\u0105tek polskiej wojskowo\u015bci, prowadzenie: \u0141ukasz G\u0142adysiak<br \/>\n6.05. godz. 17:00 &#8211; Oblicza \u015awiata. Marta Pieprzyk &#8211; Etiopia &#8211; relacja podr\u00f3\u017cnicza *<br \/>\n13.05. godz. 17:00 \u2013 Oblicza \u015awiata. Jacek Pa\u0142kiewicz &#8211; 50 lat reporterskich podr\u00f3\u017cy *<br \/>\n19.05. godz. 17:00 &#8211; Przemys\u0142aw Piotrowski. Spotkanie z autorem krymina\u0142\u00f3w i thriller\u00f3w *<br \/>\n26.05. godz. 17:00 \u2013 Pawe\u0142 So\u0142tys, Pablopavo. Spotkanie z pisarzem, muzykiem i autorem piosenek*<\/p>\n<p>wtorki, godz. 17:00 \u2013 HistoryLive. Ko\u0142o historyczne dla m\u0142odzie\u017cy, wiek: 13+<br \/>\n\u015brody, godz. 17:00 &#8211; #naRega\u0142ach. M\u0142odzie\u017cowa przestrze\u0144 spotka\u0144, wiek: 13+ (obowi\u0105zuj\u0105 zapisy)<br \/>\nczwartki, godz. 16:00 &#8211; Klub Gier Planszowych \u201e,O&#8217;gry&#8221;, Klub Scrabble, Stowarzyszenie Ko\u0142obrzeskich Poet\u00f3w<\/p>\n<p><strong>Biblioteka Brzozowy Zak\u0105tek<\/strong>, ul. Brzozowa 9A, tel. 94 35-472-03<br \/>\n7.05. godz. 17:00 &#8211; Przysta\u0144 Rodzic\u00f3w. Talenty (obowi\u0105zuj\u0105 zapisy)<br \/>\n14.05. godz. 17:00 \u2013 Przysta\u0144 Rodzic\u00f3w. W morzu oczek (obowi\u0105zuj\u0105 zapisy)<br \/>\n16.05. godz. 12:00 \u2013 Spotkanie Rodzinne. Scrapbooking (obowi\u0105zuj\u0105 zapisy)<br \/>\n20.05. godz. 16:30 \u2013 Dyskusyjny Klub Ksi\u0105\u017cki dla doros\u0142ych. Pies w literaturze<\/p>\n<p>wtorki (12.05. 19.05.), godz. 11:00 \u2013 Klub Krasnala, wiek: do 6 lat<br \/>\n\u015brody (13.05. 20.05.), godz. 12:30 &#8211; Godziny dla seniora<\/p>\n<p><strong>Biblioteka Ogrody, ul. \u017b\u00f3\u0142kiewskiego 6<\/strong>, tel. 94 35-176-58<br \/>\n9.05. godz. 18:00 \u2013 Noc gier planszowych<br \/>\n12.05. godz. 17:00 \u2013 Ma\u0142gorzata Sobczak. Spotkanie z autork\u0105 krymina\u0142\u00f3w*<br \/>\n13.05. godz. 11:00 &#8211; Spotkanie Rodzinne z TupTaniem. Stawonogi &#8211; patrz pod nogi! (obowi\u0105zuj\u0105 zapisy)<br \/>\n14.05. godz. 17:00 &#8211; Marek Lubacz. Spotkanie z fotografem. Ba\u0142tycki \u015awit &#8211; historia zdj\u0119\u0107, kt\u00f3ra zacz\u0119\u0142a si\u0119 wcze\u015bnie rano.*<\/p>\n<p>Poniedzia\u0142ki, godz. 11:00 \u2013 Artystyczna S\u0105siedzka Przestrze\u0144<br \/>\nWtorki, godz. 16:00 \u2013 Klub Gier Planszowych O\u2019gry<br \/>\n\u015broda (20.05.), godz. 16:45 &#8211; Kreatywne zaj\u0119cia dla doros\u0142ych z Ew\u0105 Tomczak (obowi\u0105zuj\u0105 zapisy)<br \/>\nCzwartki, godz. 10:30 \u2013 Mamy malucha, spotkania dla rodzic\u00f3w z dzie\u0107mi (wiek:1-3)<\/p>\n<p>* Na spotkania autorskie obowi\u0105zuj\u0105 wej\u015bci\u00f3wki, dost\u0119pne 2 tygodnie przed wydarzeniem w: Czytelni Prasy (ul. Frankowskiego 3). Beletrystyce (ul. Brzozowa 9a), Bibliotece Ogrody (ul. \u017b\u00f3\u0142kiewskiego 6).<\/p>\n","protected":false},"excerpt":{"rendered":"<p>Maj w Bibliotece program imprez Biblioteka, ul. Frankowskiego 3, tel. 94 35-228-70 wew. 3<\/p><p><a class=\"more-link block-button\" href=\"https:\/\/biblioteka.kolobrzeg.pl\/index.php\/2026\/04\/27\/maj-w-bibliotece-3\/\">Kontynuuj czytanie &raquo;<\/a><\/p>\n","protected":false},"author":1,"featured_media":34783,"comment_status":"closed","ping_status":"closed","sticky":false,"template":"","format":"standard","meta":{"jetpack_post_was_ever_published":false,"_jetpack_newsletter_access":"","_jetpack_dont_email_post_to_subs":false,"_jetpack_newsletter_tier_id":0,"_jetpack_memberships_contains_paywalled_content":false,"_jetpack_memberships_contains_paid_content":false,"footnotes":"","jetpack_publicize_message":"","jetpack_publicize_feature_enabled":true,"jetpack_social_post_already_shared":true,"jetpack_social_options":{"image_generator_settings":{"template":"highway","default_image_id":0,"font":"","enabled":false},"version":2}},"categories":[543,542,541],"tags":[],"class_list":["post-34784","post","type-post","status-publish","format-standard","has-post-thumbnail","hentry","category-biblioteka-brzozowa","category-biblioteka-glowna","category-biblioteka-ogrody"],"jetpack_publicize_connections":[],"jetpack_featured_media_url":"https:\/\/biblioteka.kolobrzeg.pl\/wp-content\/uploads\/2026\/04\/maj2026.jpg","jetpack_likes_enabled":true,"jetpack_sharing_enabled":true,"_links":{"self":[{"href":"https:\/\/biblioteka.kolobrzeg.pl\/index.php\/wp-json\/wp\/v2\/posts\/34784","targetHints":{"allow":["GET"]}}],"collection":[{"href":"https:\/\/biblioteka.kolobrzeg.pl\/index.php\/wp-json\/wp\/v2\/posts"}],"about":[{"href":"https:\/\/biblioteka.kolobrzeg.pl\/index.php\/wp-json\/wp\/v2\/types\/post"}],"author":[{"embeddable":true,"href":"https:\/\/biblioteka.kolobrzeg.pl\/index.php\/wp-json\/wp\/v2\/users\/1"}],"replies":[{"embeddable":true,"href":"https:\/\/biblioteka.kolobrzeg.pl\/index.php\/wp-json\/wp\/v2\/comments?post=34784"}],"version-history":[{"count":1,"href":"https:\/\/biblioteka.kolobrzeg.pl\/index.php\/wp-json\/wp\/v2\/posts\/34784\/revisions"}],"predecessor-version":[{"id":34785,"href":"https:\/\/biblioteka.kolobrzeg.pl\/index.php\/wp-json\/wp\/v2\/posts\/34784\/revisions\/34785"}],"wp:featuredmedia":[{"embeddable":true,"href":"https:\/\/biblioteka.kolobrzeg.pl\/index.php\/wp-json\/wp\/v2\/media\/34783"}],"wp:attachment":[{"href":"https:\/\/biblioteka.kolobrzeg.pl\/index.php\/wp-json\/wp\/v2\/media?parent=34784"}],"wp:term":[{"taxonomy":"category","embeddable":true,"href":"https:\/\/biblioteka.kolobrzeg.pl\/index.php\/wp-json\/wp\/v2\/categories?post=34784"},{"taxonomy":"post_tag","embeddable":true,"href":"https:\/\/biblioteka.kolobrzeg.pl\/index.php\/wp-json\/wp\/v2\/tags?post=34784"}],"curies":[{"name":"wp","href":"https:\/\/api.w.org\/{rel}","templated":true}]}}