{"id":34787,"date":"2026-04-27T14:27:34","date_gmt":"2026-04-27T12:27:34","guid":{"rendered":"https:\/\/biblioteka.kolobrzeg.pl\/?p=34787"},"modified":"2026-04-27T14:27:51","modified_gmt":"2026-04-27T12:27:51","slug":"oblicza-swiata-marta-pieprzyk-etiopia","status":"publish","type":"post","link":"https:\/\/biblioteka.kolobrzeg.pl\/index.php\/2026\/04\/27\/oblicza-swiata-marta-pieprzyk-etiopia\/","title":{"rendered":"Oblicza \u015bwiata. Marta Pieprzyk. Etiopia"},"content":{"rendered":"<p><a href=\"https:\/\/biblioteka.kolobrzeg.pl\/wp-content\/uploads\/2026\/04\/pieprzyk060526.jpg\" data-rel=\"lightbox-image-0\" data-rl_title=\"\" data-rl_caption=\"\" title=\"\"><img loading=\"lazy\" decoding=\"async\" class=\"alignleft wp-image-34788 size-thumbnail\" src=\"https:\/\/biblioteka.kolobrzeg.pl\/wp-content\/uploads\/2026\/04\/pieprzyk060526-150x150.jpg\" alt=\"Oblicza \u015bwiata - Etiopia - Marta Pieprzyk\" width=\"150\" height=\"150\" \/><\/a>Oblicza \u015bwiata. Marta Pieprzyk. Spotkanie podr\u00f3\u017cnicze. Etiopia<\/p>\n<p>6 maja 2026 | godz. 17:00, Biblioteka, ul. Frankowskiego 3<\/p>\n<p>Wej\u015bci\u00f3wki dost\u0119pne w naszych plac\u00f3wkach.<!--more--><\/p>\n<p>Czy wiecie, \u017ce istnieje kraj, kt\u00f3ry nigdy nie zosta\u0142 skolonizowany, ma w\u0142asny kalendarz z 13 miesi\u0105cami i inaczej liczy czas?<\/p>\n<p>Zapraszamy na spotkanie z Mart\u0105 Pieprzyk, kt\u00f3ra zabierze nas w podr\u00f3\u017c do Etiopii \u2013 jednego z najbardziej fascynuj\u0105cych i r\u00f3\u017cnorodnych miejsc w Afryce.<\/p>\n<p>To w\u0142a\u015bnie tutaj odkryto \u201eLucy\u201d \u2013 najstarszy znany szkielet cz\u0142owieka, dlatego Etiopia nazywana jest kolebk\u0105 ludzko\u015bci. To tak\u017ce kraj s\u0142yn\u0105cy z wyj\u0105tkowej kultury picia kawy oraz niezwyk\u0142ych, wykutych w skale ko\u015bcio\u0142\u00f3w.<\/p>\n<p>Podczas spotkania odwiedzimy r\u00f3wnie\u017c po\u0142udnie kraju \u2013 dolin\u0119 rzeki Omo, gdzie \u017cyj\u0105 liczne, barwne i r\u00f3\u017cnorodne plemiona, tworz\u0105ce jedno z najbardziej zr\u00f3\u017cnicowanych kulturowo miejsc na \u015bwiecie.<\/p>\n<p>Opowie\u015b\u0107 o podr\u00f3\u017cy, spotkaniach i \u015bwiecie, kt\u00f3ry wci\u0105\u017c potrafi zaskakiwa\u0107.<\/p>\n<p>Zapraszamy do Biblioteki.<\/p>\n","protected":false},"excerpt":{"rendered":"<p>Oblicza \u015bwiata. Marta Pieprzyk. Spotkanie podr\u00f3\u017cnicze. Etiopia 6 maja 2026 | godz. 17:00, Biblioteka, ul. Frankowskiego 3 Wej\u015bci\u00f3wki dost\u0119pne w naszych plac\u00f3wkach.<\/p><p><a class=\"more-link block-button\" href=\"https:\/\/biblioteka.kolobrzeg.pl\/index.php\/2026\/04\/27\/oblicza-swiata-marta-pieprzyk-etiopia\/\">Kontynuuj czytanie &raquo;<\/a><\/p>\n","protected":false},"author":1,"featured_media":34788,"comment_status":"closed","ping_status":"closed","sticky":false,"template":"","format":"standard","meta":{"jetpack_post_was_ever_published":false,"_jetpack_newsletter_access":"","_jetpack_dont_email_post_to_subs":false,"_jetpack_newsletter_tier_id":0,"_jetpack_memberships_contains_paywalled_content":false,"_jetpack_memberships_contains_paid_content":false,"footnotes":"","jetpack_publicize_message":"","jetpack_publicize_feature_enabled":true,"jetpack_social_post_already_shared":true,"jetpack_social_options":{"image_generator_settings":{"template":"highway","default_image_id":0,"font":"","enabled":false},"version":2}},"categories":[542],"tags":[30],"class_list":["post-34787","post","type-post","status-publish","format-standard","has-post-thumbnail","hentry","category-biblioteka-glowna","tag-spotkanie"],"jetpack_publicize_connections":[],"jetpack_featured_media_url":"https:\/\/biblioteka.kolobrzeg.pl\/wp-content\/uploads\/2026\/04\/pieprzyk060526.jpg","jetpack_likes_enabled":true,"jetpack_sharing_enabled":true,"_links":{"self":[{"href":"https:\/\/biblioteka.kolobrzeg.pl\/index.php\/wp-json\/wp\/v2\/posts\/34787","targetHints":{"allow":["GET"]}}],"collection":[{"href":"https:\/\/biblioteka.kolobrzeg.pl\/index.php\/wp-json\/wp\/v2\/posts"}],"about":[{"href":"https:\/\/biblioteka.kolobrzeg.pl\/index.php\/wp-json\/wp\/v2\/types\/post"}],"author":[{"embeddable":true,"href":"https:\/\/biblioteka.kolobrzeg.pl\/index.php\/wp-json\/wp\/v2\/users\/1"}],"replies":[{"embeddable":true,"href":"https:\/\/biblioteka.kolobrzeg.pl\/index.php\/wp-json\/wp\/v2\/comments?post=34787"}],"version-history":[{"count":1,"href":"https:\/\/biblioteka.kolobrzeg.pl\/index.php\/wp-json\/wp\/v2\/posts\/34787\/revisions"}],"predecessor-version":[{"id":34789,"href":"https:\/\/biblioteka.kolobrzeg.pl\/index.php\/wp-json\/wp\/v2\/posts\/34787\/revisions\/34789"}],"wp:featuredmedia":[{"embeddable":true,"href":"https:\/\/biblioteka.kolobrzeg.pl\/index.php\/wp-json\/wp\/v2\/media\/34788"}],"wp:attachment":[{"href":"https:\/\/biblioteka.kolobrzeg.pl\/index.php\/wp-json\/wp\/v2\/media?parent=34787"}],"wp:term":[{"taxonomy":"category","embeddable":true,"href":"https:\/\/biblioteka.kolobrzeg.pl\/index.php\/wp-json\/wp\/v2\/categories?post=34787"},{"taxonomy":"post_tag","embeddable":true,"href":"https:\/\/biblioteka.kolobrzeg.pl\/index.php\/wp-json\/wp\/v2\/tags?post=34787"}],"curies":[{"name":"wp","href":"https:\/\/api.w.org\/{rel}","templated":true}]}}