{"id":34790,"date":"2026-04-27T14:47:50","date_gmt":"2026-04-27T12:47:50","guid":{"rendered":"https:\/\/biblioteka.kolobrzeg.pl\/?p=34790"},"modified":"2026-04-27T15:13:06","modified_gmt":"2026-04-27T13:13:06","slug":"historylive-4","status":"publish","type":"post","link":"https:\/\/biblioteka.kolobrzeg.pl\/index.php\/2026\/04\/27\/historylive-4\/","title":{"rendered":"HistoryLive"},"content":{"rendered":"<p><a href=\"https:\/\/biblioteka.kolobrzeg.pl\/wp-content\/uploads\/2026\/04\/historylive050526.jpg\" data-rel=\"lightbox-image-0\" data-rl_title=\"\" data-rl_caption=\"\" title=\"\"><img loading=\"lazy\" decoding=\"async\" class=\"alignleft wp-image-34791 size-thumbnail\" src=\"https:\/\/biblioteka.kolobrzeg.pl\/wp-content\/uploads\/2026\/04\/historylive050526-150x150.jpg\" alt=\"HistoryLive plakat\" width=\"150\" height=\"150\" \/><\/a>Zapraszamy na kolejne spotkanie z cyklu HistoryLive.<\/p>\n<p><strong>5 maja 2026<\/strong> (wtorek), godz. <strong>17.00<\/strong>, Biblioteka, ul. Frankowskiego 3<!--more--><\/p>\n<p>Prowadzenie: \u0141ukasz G\u0142adysiak<\/p>\n<p>Ju\u017c 5 maja przeniesiemy si\u0119 do pocz\u0105tk\u00f3w polskiej pa\u0144stwowo\u015bci i przyjrzymy si\u0119 narodzinom rodzimej wojskowo\u015bci \u2013 od czas\u00f3w Mieszka I a\u017c po panowanie Boles\u0142awa III Krzywoustego. Jak wygl\u0105da\u0142a organizacja si\u0142 zbrojnych? W jaki spos\u00f3b prowadzono wojny? I co decydowa\u0142o o sile wczesnopiastowskiego pa\u0144stwa?<\/p>\n<p>Zapraszamy wszystkich mi\u0142o\u015bnik\u00f3w historii &#8211; zar\u00f3wno tych, kt\u00f3rzy chc\u0105 pog\u0142\u0119bi\u0107 swoj\u0105 wiedz\u0119, jak i tych, kt\u00f3rzy dopiero zaczynaj\u0105 swoj\u0105 przygod\u0119 z przesz\u0142o\u015bci\u0105.<\/p>\n","protected":false},"excerpt":{"rendered":"<p>Zapraszamy na kolejne spotkanie z cyklu HistoryLive. 5 maja 2026 (wtorek), godz. 17.00, Biblioteka, ul. Frankowskiego 3<\/p><p><a class=\"more-link block-button\" href=\"https:\/\/biblioteka.kolobrzeg.pl\/index.php\/2026\/04\/27\/historylive-4\/\">Kontynuuj czytanie &raquo;<\/a><\/p>\n","protected":false},"author":1,"featured_media":34791,"comment_status":"closed","ping_status":"closed","sticky":false,"template":"","format":"standard","meta":{"jetpack_post_was_ever_published":false,"_jetpack_newsletter_access":"","_jetpack_dont_email_post_to_subs":false,"_jetpack_newsletter_tier_id":0,"_jetpack_memberships_contains_paywalled_content":false,"_jetpack_memberships_contains_paid_content":false,"footnotes":"","jetpack_publicize_message":"","jetpack_publicize_feature_enabled":true,"jetpack_social_post_already_shared":true,"jetpack_social_options":{"image_generator_settings":{"template":"highway","default_image_id":0,"font":"","enabled":false},"version":2}},"categories":[542],"tags":[30],"class_list":["post-34790","post","type-post","status-publish","format-standard","has-post-thumbnail","hentry","category-biblioteka-glowna","tag-spotkanie"],"jetpack_publicize_connections":[],"jetpack_featured_media_url":"https:\/\/biblioteka.kolobrzeg.pl\/wp-content\/uploads\/2026\/04\/historylive050526.jpg","jetpack_likes_enabled":true,"jetpack_sharing_enabled":true,"_links":{"self":[{"href":"https:\/\/biblioteka.kolobrzeg.pl\/index.php\/wp-json\/wp\/v2\/posts\/34790","targetHints":{"allow":["GET"]}}],"collection":[{"href":"https:\/\/biblioteka.kolobrzeg.pl\/index.php\/wp-json\/wp\/v2\/posts"}],"about":[{"href":"https:\/\/biblioteka.kolobrzeg.pl\/index.php\/wp-json\/wp\/v2\/types\/post"}],"author":[{"embeddable":true,"href":"https:\/\/biblioteka.kolobrzeg.pl\/index.php\/wp-json\/wp\/v2\/users\/1"}],"replies":[{"embeddable":true,"href":"https:\/\/biblioteka.kolobrzeg.pl\/index.php\/wp-json\/wp\/v2\/comments?post=34790"}],"version-history":[{"count":3,"href":"https:\/\/biblioteka.kolobrzeg.pl\/index.php\/wp-json\/wp\/v2\/posts\/34790\/revisions"}],"predecessor-version":[{"id":34794,"href":"https:\/\/biblioteka.kolobrzeg.pl\/index.php\/wp-json\/wp\/v2\/posts\/34790\/revisions\/34794"}],"wp:featuredmedia":[{"embeddable":true,"href":"https:\/\/biblioteka.kolobrzeg.pl\/index.php\/wp-json\/wp\/v2\/media\/34791"}],"wp:attachment":[{"href":"https:\/\/biblioteka.kolobrzeg.pl\/index.php\/wp-json\/wp\/v2\/media?parent=34790"}],"wp:term":[{"taxonomy":"category","embeddable":true,"href":"https:\/\/biblioteka.kolobrzeg.pl\/index.php\/wp-json\/wp\/v2\/categories?post=34790"},{"taxonomy":"post_tag","embeddable":true,"href":"https:\/\/biblioteka.kolobrzeg.pl\/index.php\/wp-json\/wp\/v2\/tags?post=34790"}],"curies":[{"name":"wp","href":"https:\/\/api.w.org\/{rel}","templated":true}]}}