{"id":34796,"date":"2026-04-28T15:15:55","date_gmt":"2026-04-28T13:15:55","guid":{"rendered":"https:\/\/biblioteka.kolobrzeg.pl\/?p=34796"},"modified":"2026-04-28T15:16:14","modified_gmt":"2026-04-28T13:16:14","slug":"przystan-rodzicow","status":"publish","type":"post","link":"https:\/\/biblioteka.kolobrzeg.pl\/index.php\/2026\/04\/28\/przystan-rodzicow\/","title":{"rendered":"Przysta\u0144 Rodzic\u00f3w"},"content":{"rendered":"<p><a href=\"https:\/\/biblioteka.kolobrzeg.pl\/wp-content\/uploads\/2026\/04\/gajdowska070526.jpg\" data-rel=\"lightbox-image-0\" data-rl_title=\"\" data-rl_caption=\"\" title=\"\"><img loading=\"lazy\" decoding=\"async\" class=\"alignleft wp-image-34795 size-thumbnail\" src=\"https:\/\/biblioteka.kolobrzeg.pl\/wp-content\/uploads\/2026\/04\/gajdowska070526-150x150.jpg\" alt=\"Spotkanie - Agnieszka Gajdowska\" width=\"150\" height=\"150\" \/><\/a>Biblioteka Dzieci\u0119ca zaprasza na kolejne spotkanie w ramach Przystani Rodzic\u00f3w.<\/p>\n<p>Tym razem porozmawiamy o tym, co w nas (i naszych dzieciach) wyj\u0105tkowe &#8211; czyli o talentach.<\/p>\n<p><strong>7 maja 2026<\/strong> (czwartek), godz. <strong>17.00<\/strong>, Biblioteka Brzozowy Zak\u0105tek ul. Brzozowa 9a<!--more--><\/p>\n<p>Jak je zauwa\u017ca\u0107? Jak wspiera\u0107 ich rozw\u00f3j? I jak nie przeoczy\u0107 tego, co cz\u0119sto wida\u0107 w codzienno\u015bci, ale \u0142atwo to zbagatelizowa\u0107?<\/p>\n<p>Spotkanie \u201eTalenty \u2013 jak je odkrywa\u0107 u siebie i swoich dzieci\u201d poprowadzi Agnieszka Gajdowska \u2013 \u017cona i mama czw\u00f3rki dzieci, magister nauk o rodzinie oraz filolog, kt\u00f3ra z bliska zna codzienno\u015b\u0107 \u017cycia rodzinnego i towarzyszenia dzieciom w ich rozwoju.<\/p>\n<p>Zapisy w Bibliotece Dzieci\u0119cej tel. 94 35-472-03<\/p>\n<p>Jak zawsze &#8211; b\u0119dzie to czas na rozmow\u0119, wymian\u0119 do\u015bwiadcze\u0144 i chwil\u0119 oddechu w dobrym towarzystwie.<\/p>\n<p>Do zobaczenia w Bibliotece.<\/p>\n","protected":false},"excerpt":{"rendered":"<p>Biblioteka Dzieci\u0119ca zaprasza na kolejne spotkanie w ramach Przystani Rodzic\u00f3w. Tym razem porozmawiamy o tym, co w nas (i naszych dzieciach) wyj\u0105tkowe &#8211; czyli o talentach. 7 maja 2026 (czwartek), godz. 17.00, Biblioteka Brzozowy Zak\u0105tek ul. Brzozowa 9a<\/p><p><a class=\"more-link block-button\" href=\"https:\/\/biblioteka.kolobrzeg.pl\/index.php\/2026\/04\/28\/przystan-rodzicow\/\">Kontynuuj czytanie &raquo;<\/a><\/p>\n","protected":false},"author":1,"featured_media":34795,"comment_status":"closed","ping_status":"closed","sticky":false,"template":"","format":"standard","meta":{"jetpack_post_was_ever_published":false,"_jetpack_newsletter_access":"","_jetpack_dont_email_post_to_subs":false,"_jetpack_newsletter_tier_id":0,"_jetpack_memberships_contains_paywalled_content":false,"_jetpack_memberships_contains_paid_content":false,"footnotes":"","jetpack_publicize_message":"","jetpack_publicize_feature_enabled":true,"jetpack_social_post_already_shared":true,"jetpack_social_options":{"image_generator_settings":{"template":"highway","default_image_id":0,"font":"","enabled":false},"version":2}},"categories":[543],"tags":[30],"class_list":["post-34796","post","type-post","status-publish","format-standard","has-post-thumbnail","hentry","category-biblioteka-brzozowa","tag-spotkanie"],"jetpack_publicize_connections":[],"jetpack_featured_media_url":"https:\/\/biblioteka.kolobrzeg.pl\/wp-content\/uploads\/2026\/04\/gajdowska070526.jpg","jetpack_likes_enabled":true,"jetpack_sharing_enabled":true,"_links":{"self":[{"href":"https:\/\/biblioteka.kolobrzeg.pl\/index.php\/wp-json\/wp\/v2\/posts\/34796","targetHints":{"allow":["GET"]}}],"collection":[{"href":"https:\/\/biblioteka.kolobrzeg.pl\/index.php\/wp-json\/wp\/v2\/posts"}],"about":[{"href":"https:\/\/biblioteka.kolobrzeg.pl\/index.php\/wp-json\/wp\/v2\/types\/post"}],"author":[{"embeddable":true,"href":"https:\/\/biblioteka.kolobrzeg.pl\/index.php\/wp-json\/wp\/v2\/users\/1"}],"replies":[{"embeddable":true,"href":"https:\/\/biblioteka.kolobrzeg.pl\/index.php\/wp-json\/wp\/v2\/comments?post=34796"}],"version-history":[{"count":1,"href":"https:\/\/biblioteka.kolobrzeg.pl\/index.php\/wp-json\/wp\/v2\/posts\/34796\/revisions"}],"predecessor-version":[{"id":34797,"href":"https:\/\/biblioteka.kolobrzeg.pl\/index.php\/wp-json\/wp\/v2\/posts\/34796\/revisions\/34797"}],"wp:featuredmedia":[{"embeddable":true,"href":"https:\/\/biblioteka.kolobrzeg.pl\/index.php\/wp-json\/wp\/v2\/media\/34795"}],"wp:attachment":[{"href":"https:\/\/biblioteka.kolobrzeg.pl\/index.php\/wp-json\/wp\/v2\/media?parent=34796"}],"wp:term":[{"taxonomy":"category","embeddable":true,"href":"https:\/\/biblioteka.kolobrzeg.pl\/index.php\/wp-json\/wp\/v2\/categories?post=34796"},{"taxonomy":"post_tag","embeddable":true,"href":"https:\/\/biblioteka.kolobrzeg.pl\/index.php\/wp-json\/wp\/v2\/tags?post=34796"}],"curies":[{"name":"wp","href":"https:\/\/api.w.org\/{rel}","templated":true}]}}