{"id":34807,"date":"2026-04-29T08:08:00","date_gmt":"2026-04-29T06:08:00","guid":{"rendered":"https:\/\/biblioteka.kolobrzeg.pl\/?p=34807"},"modified":"2026-04-29T13:52:54","modified_gmt":"2026-04-29T11:52:54","slug":"oblicza-swiata-jacek-palkiewicz","status":"publish","type":"post","link":"https:\/\/biblioteka.kolobrzeg.pl\/index.php\/2026\/04\/29\/oblicza-swiata-jacek-palkiewicz\/","title":{"rendered":"Oblicza \u015awiata &#8211; Jacek Pa\u0142kiewicz."},"content":{"rendered":"<p><a href=\"https:\/\/biblioteka.kolobrzeg.pl\/wp-content\/uploads\/2026\/04\/palkiewicz130526.jpg\" data-rel=\"lightbox-image-0\" data-rl_title=\"\" data-rl_caption=\"\" title=\"\"><img loading=\"lazy\" decoding=\"async\" class=\"alignleft wp-image-34806 size-thumbnail\" src=\"https:\/\/biblioteka.kolobrzeg.pl\/wp-content\/uploads\/2026\/04\/palkiewicz130526-150x150.jpg\" alt=\"Oblicza \u015awiata - spotkanie Jacek Pa\u0142kiewicz\" width=\"150\" height=\"150\" \/><\/a>Oblicza \u015awiata &#8211; Jacek Pa\u0142kiewicz. 50 lat reporterskich podr\u00f3\u017cy.<\/p>\n<p>Zapraszamy na wyj\u0105tkowe spotkanie z jednym z najbardziej niezwyk\u0142ych polskich podr\u00f3\u017cnik\u00f3w i reporter\u00f3w.<\/p>\n<p><strong>13 maja<\/strong> 2026 (\u015broda), godz. <strong>17:00<\/strong>, Biblioteka, ul. Frankowskiego 3<\/p>\n<p>Jacek Pa\u0142kiewicz to reporter i eksplorator, kt\u00f3ry od ponad 50 lat przemierza najdalsze zak\u0105tki \u015bwiata. W 1975 roku samotnie pokona\u0142 Atlantyk szalup\u0105 ratunkow\u0105, zyskuj\u0105c mi\u0119dzynarodowy rozg\u0142os. Kierowa\u0142 licznymi wyprawami w poszukiwaniu zaginionych cywilizacji i miejsc niedost\u0119pnych dla wsp\u00f3\u0142czesnego cz\u0142owieka.<\/p>\n<p>W 1996 roku dokona\u0142 jednego z ostatnich wielkich odkry\u0107 geograficznych \u2013 ustali\u0142 \u017ar\u00f3d\u0142o Amazonki w Peru. Za swoje dokonania zosta\u0142 przyj\u0119ty do presti\u017cowego Kr\u00f3lewskiego Towarzystwa Geograficznego w Londynie.<\/p>\n<p>Tw\u00f3rca survivalu w Europie, autorytet w dziedzinie przetrwania, szkoli\u0142 m.in. kosmonaut\u00f3w i jednostki specjalne. Autor ponad 30 ksi\u0105\u017cek, w tym bestseller\u00f3w inspiruj\u0105cych kolejne pokolenia podr\u00f3\u017cnik\u00f3w.<\/p>\n<p>Podczas spotkania opowie o swoich najbardziej niezwyk\u0142ych wyprawach, granicach ludzkich mo\u017cliwo\u015bci i o tym, dlaczego \u201eniemo\u017cliwe\u201d cz\u0119sto istnieje tylko w naszej g\u0142owie.<\/p>\n<p>Wst\u0119p wolny \u2013 bezp\u0142atne wej\u015bci\u00f3wki dost\u0119pne od 29 kwietnia 2026 w:<\/p>\n<ul>\n<li>Czytelni Prasy \u2013 ul. Frankowskiego 3<\/li>\n<li>Beletrystyce \u2013 ul. Brzozowa 9a<\/li>\n<li>Bibliotece Ogrody \u2013 ul. \u017b\u00f3\u0142kiewskiego 6<\/li>\n<\/ul>\n<p>Nie przegapcie tej inspiruj\u0105cej podr\u00f3\u017cy przez \u015bwiat przyg\u00f3d i odkry\u0107.<\/p>\n<p>Do zobaczenia w Bibliotece.<\/p>\n","protected":false},"excerpt":{"rendered":"<p>Oblicza \u015awiata &#8211; Jacek Pa\u0142kiewicz. 50 lat reporterskich podr\u00f3\u017cy. Zapraszamy na wyj\u0105tkowe spotkanie z jednym z najbardziej niezwyk\u0142ych polskich podr\u00f3\u017cnik\u00f3w i reporter\u00f3w. 13 maja 2026 (\u015broda), godz. 17:00, Biblioteka, ul. Frankowskiego 3 Jacek Pa\u0142kiewicz to reporter i eksplorator, kt\u00f3ry od ponad 50 lat przemierza najdalsze zak\u0105tki \u015bwiata. W 1975 roku samotnie pokona\u0142 Atlantyk szalup\u0105 ratunkow\u0105, &hellip; <\/p>\n<p><a class=\"more-link block-button\" href=\"https:\/\/biblioteka.kolobrzeg.pl\/index.php\/2026\/04\/29\/oblicza-swiata-jacek-palkiewicz\/\">Kontynuuj czytanie &raquo;<\/a><\/p>\n","protected":false},"author":1,"featured_media":34806,"comment_status":"closed","ping_status":"closed","sticky":false,"template":"","format":"standard","meta":{"jetpack_post_was_ever_published":false,"_jetpack_newsletter_access":"","_jetpack_dont_email_post_to_subs":false,"_jetpack_newsletter_tier_id":0,"_jetpack_memberships_contains_paywalled_content":false,"_jetpack_memberships_contains_paid_content":false,"footnotes":"","jetpack_publicize_message":"","jetpack_publicize_feature_enabled":true,"jetpack_social_post_already_shared":true,"jetpack_social_options":{"image_generator_settings":{"template":"highway","default_image_id":0,"font":"","enabled":false},"version":2}},"categories":[542,21],"tags":[30],"class_list":["post-34807","post","type-post","status-publish","format-standard","has-post-thumbnail","hentry","category-biblioteka-glowna","category-spotkania","tag-spotkanie"],"jetpack_publicize_connections":[],"jetpack_featured_media_url":"https:\/\/biblioteka.kolobrzeg.pl\/wp-content\/uploads\/2026\/04\/palkiewicz130526.jpg","jetpack_likes_enabled":true,"jetpack_sharing_enabled":true,"_links":{"self":[{"href":"https:\/\/biblioteka.kolobrzeg.pl\/index.php\/wp-json\/wp\/v2\/posts\/34807","targetHints":{"allow":["GET"]}}],"collection":[{"href":"https:\/\/biblioteka.kolobrzeg.pl\/index.php\/wp-json\/wp\/v2\/posts"}],"about":[{"href":"https:\/\/biblioteka.kolobrzeg.pl\/index.php\/wp-json\/wp\/v2\/types\/post"}],"author":[{"embeddable":true,"href":"https:\/\/biblioteka.kolobrzeg.pl\/index.php\/wp-json\/wp\/v2\/users\/1"}],"replies":[{"embeddable":true,"href":"https:\/\/biblioteka.kolobrzeg.pl\/index.php\/wp-json\/wp\/v2\/comments?post=34807"}],"version-history":[{"count":1,"href":"https:\/\/biblioteka.kolobrzeg.pl\/index.php\/wp-json\/wp\/v2\/posts\/34807\/revisions"}],"predecessor-version":[{"id":34808,"href":"https:\/\/biblioteka.kolobrzeg.pl\/index.php\/wp-json\/wp\/v2\/posts\/34807\/revisions\/34808"}],"wp:featuredmedia":[{"embeddable":true,"href":"https:\/\/biblioteka.kolobrzeg.pl\/index.php\/wp-json\/wp\/v2\/media\/34806"}],"wp:attachment":[{"href":"https:\/\/biblioteka.kolobrzeg.pl\/index.php\/wp-json\/wp\/v2\/media?parent=34807"}],"wp:term":[{"taxonomy":"category","embeddable":true,"href":"https:\/\/biblioteka.kolobrzeg.pl\/index.php\/wp-json\/wp\/v2\/categories?post=34807"},{"taxonomy":"post_tag","embeddable":true,"href":"https:\/\/biblioteka.kolobrzeg.pl\/index.php\/wp-json\/wp\/v2\/tags?post=34807"}],"curies":[{"name":"wp","href":"https:\/\/api.w.org\/{rel}","templated":true}]}}