{"id":34816,"date":"2026-04-29T03:42:00","date_gmt":"2026-04-29T01:42:00","guid":{"rendered":"https:\/\/biblioteka.kolobrzeg.pl\/?p=34816"},"modified":"2026-04-30T13:45:31","modified_gmt":"2026-04-30T11:45:31","slug":"spotkanie-z-fotografem","status":"publish","type":"post","link":"https:\/\/biblioteka.kolobrzeg.pl\/index.php\/2026\/04\/29\/spotkanie-z-fotografem\/","title":{"rendered":"Spotkanie z fotografem"},"content":{"rendered":"<p><a href=\"https:\/\/biblioteka.kolobrzeg.pl\/wp-content\/uploads\/2026\/04\/lubacz140526.jpg\" data-rel=\"lightbox-image-0\" data-rl_title=\"\" data-rl_caption=\"\" title=\"\"><img loading=\"lazy\" decoding=\"async\" class=\"alignleft wp-image-34815 size-thumbnail\" src=\"https:\/\/biblioteka.kolobrzeg.pl\/wp-content\/uploads\/2026\/04\/lubacz140526-150x150.jpg\" alt=\"Spotkanie Marek Lubacz\" width=\"150\" height=\"150\" \/><\/a>Spotkanie z Markiem Lubaczem \u2013 \u201eBa\u0142tycki \u015awit\u201d<\/p>\n<p>Zapraszamy na inspiruj\u0105ce spotkanie z fotografem Markiem Lubaczem, organizowane w ramach Tygodnia Bibliotek.<\/p>\n<p><strong>14 maja<\/strong> 2026 (czwartek), godz. <strong>17:00<\/strong>, Biblioteka Ogrody ul.\u017b\u00f3\u0142kiewskiego 6<!--more--><\/p>\n<p>Marek Lubacz to 35-letni fotograf z Ko\u0142obrzegu, kt\u00f3ry od ponad 10 lat rozwija swoj\u0105 pasj\u0119. Specjalizuje si\u0119 w fotografii wn\u0119trz oraz potraw, stawiaj\u0105c na autentyczno\u015b\u0107 i naturalne oddanie rzeczywisto\u015bci &#8211; tak, aby zdj\u0119cia by\u0142y jednocze\u015bnie prawdziwe i estetyczne.<\/p>\n<p>Podczas spotkania \u201eBa\u0142tycki \u015awit\u201d opowie o swojej mi\u0142o\u015bci do fotografowania natury, a szczeg\u00f3lnie o wschodach s\u0142o\u0144ca nad morzem, kt\u00f3re sta\u0142y si\u0119 inspiracj\u0105 dla jego fotograficznych historii.<\/p>\n<p>Wst\u0119p wolny \u2013 bezp\u0142atne wej\u015bci\u00f3wki dost\u0119pne od 30 kwietnia 2026 w:<\/p>\n<ul>\n<li>Czytelni Prasy \u2013 ul. Frankowskiego 3<\/li>\n<li>Beletrystyce \u2013 ul. Brzozowa 9a<\/li>\n<li>Bibliotece Ogrody \u2013 ul. \u017b\u00f3\u0142kiewskiego 6<\/li>\n<\/ul>\n<p>Zapraszamy wszystkich mi\u0142o\u015bnik\u00f3w fotografii i pi\u0119knych kadr\u00f3w.<\/p>\n<p>Do zobaczenia w Bibliotece.<\/p>\n","protected":false},"excerpt":{"rendered":"<p>Spotkanie z Markiem Lubaczem \u2013 \u201eBa\u0142tycki \u015awit\u201d Zapraszamy na inspiruj\u0105ce spotkanie z fotografem Markiem Lubaczem, organizowane w ramach Tygodnia Bibliotek. 14 maja 2026 (czwartek), godz. 17:00, Biblioteka Ogrody ul.\u017b\u00f3\u0142kiewskiego 6<\/p><p><a class=\"more-link block-button\" href=\"https:\/\/biblioteka.kolobrzeg.pl\/index.php\/2026\/04\/29\/spotkanie-z-fotografem\/\">Kontynuuj czytanie &raquo;<\/a><\/p>\n","protected":false},"author":1,"featured_media":34815,"comment_status":"closed","ping_status":"closed","sticky":false,"template":"","format":"standard","meta":{"jetpack_post_was_ever_published":false,"_jetpack_newsletter_access":"","_jetpack_dont_email_post_to_subs":false,"_jetpack_newsletter_tier_id":0,"_jetpack_memberships_contains_paywalled_content":false,"_jetpack_memberships_contains_paid_content":false,"footnotes":"","jetpack_publicize_message":"","jetpack_publicize_feature_enabled":true,"jetpack_social_post_already_shared":true,"jetpack_social_options":{"image_generator_settings":{"template":"highway","default_image_id":0,"font":"","enabled":false},"version":2}},"categories":[1],"tags":[],"class_list":["post-34816","post","type-post","status-publish","format-standard","has-post-thumbnail","hentry","category-aktualnosci"],"jetpack_publicize_connections":[],"jetpack_featured_media_url":"https:\/\/biblioteka.kolobrzeg.pl\/wp-content\/uploads\/2026\/04\/lubacz140526.jpg","jetpack_likes_enabled":true,"jetpack_sharing_enabled":true,"_links":{"self":[{"href":"https:\/\/biblioteka.kolobrzeg.pl\/index.php\/wp-json\/wp\/v2\/posts\/34816","targetHints":{"allow":["GET"]}}],"collection":[{"href":"https:\/\/biblioteka.kolobrzeg.pl\/index.php\/wp-json\/wp\/v2\/posts"}],"about":[{"href":"https:\/\/biblioteka.kolobrzeg.pl\/index.php\/wp-json\/wp\/v2\/types\/post"}],"author":[{"embeddable":true,"href":"https:\/\/biblioteka.kolobrzeg.pl\/index.php\/wp-json\/wp\/v2\/users\/1"}],"replies":[{"embeddable":true,"href":"https:\/\/biblioteka.kolobrzeg.pl\/index.php\/wp-json\/wp\/v2\/comments?post=34816"}],"version-history":[{"count":1,"href":"https:\/\/biblioteka.kolobrzeg.pl\/index.php\/wp-json\/wp\/v2\/posts\/34816\/revisions"}],"predecessor-version":[{"id":34817,"href":"https:\/\/biblioteka.kolobrzeg.pl\/index.php\/wp-json\/wp\/v2\/posts\/34816\/revisions\/34817"}],"wp:featuredmedia":[{"embeddable":true,"href":"https:\/\/biblioteka.kolobrzeg.pl\/index.php\/wp-json\/wp\/v2\/media\/34815"}],"wp:attachment":[{"href":"https:\/\/biblioteka.kolobrzeg.pl\/index.php\/wp-json\/wp\/v2\/media?parent=34816"}],"wp:term":[{"taxonomy":"category","embeddable":true,"href":"https:\/\/biblioteka.kolobrzeg.pl\/index.php\/wp-json\/wp\/v2\/categories?post=34816"},{"taxonomy":"post_tag","embeddable":true,"href":"https:\/\/biblioteka.kolobrzeg.pl\/index.php\/wp-json\/wp\/v2\/tags?post=34816"}],"curies":[{"name":"wp","href":"https:\/\/api.w.org\/{rel}","templated":true}]}}