{"id":34819,"date":"2026-04-29T08:47:00","date_gmt":"2026-04-29T06:47:00","guid":{"rendered":"https:\/\/biblioteka.kolobrzeg.pl\/?p=34819"},"modified":"2026-04-30T13:54:10","modified_gmt":"2026-04-30T11:54:10","slug":"spotkanie-autorskie-93","status":"publish","type":"post","link":"https:\/\/biblioteka.kolobrzeg.pl\/index.php\/2026\/04\/29\/spotkanie-autorskie-93\/","title":{"rendered":"Spotkanie autorskie"},"content":{"rendered":"<p><a href=\"https:\/\/biblioteka.kolobrzeg.pl\/wp-content\/uploads\/2026\/04\/sobczak120526.jpg\" data-rel=\"lightbox-image-0\" data-rl_title=\"\" data-rl_caption=\"\" title=\"\"><img loading=\"lazy\" decoding=\"async\" class=\"alignleft wp-image-34818 size-thumbnail\" src=\"https:\/\/biblioteka.kolobrzeg.pl\/wp-content\/uploads\/2026\/04\/sobczak120526-150x150.jpg\" alt=\"Spotkanie autorskie Ma\u0142gorzata Oliwia Sobczak\" width=\"150\" height=\"150\" \/><\/a>Spotkanie autorskie z Ma\u0142gorzat\u0105 Sobczak.<\/p>\n<p>Zapraszamy na wyj\u0105tkowe spotkanie z jedn\u0105 z najpopularniejszych autorek polskich krymina\u0142\u00f3w.<\/p>\n<p><strong>12 maja<\/strong> 2026 (wtorek), godz. <strong>17:00<\/strong>, Biblioteka Ogrody ul.\u017b\u00f3\u0142kiewskiego 6<!--more--><\/p>\n<p>Go\u015bcini\u0105 wydarzenia b\u0119dzie Ma\u0142gorzata Sobczak &#8211; pisarka, kulturoznawczyni i dziennikarka pochodz\u0105ca z Tr\u00f3jmiasta. Autorka bestsellerowych serii \u201eKolory z\u0142a\u201d (m.in. \u201eCzerwie\u0144\u201d, \u201eCzer\u0144\u201d, \u201eBiel\u201d, \u201e\u017b\u00f3\u0142\u0107\u201d, \u201eB\u0142\u0119kit\u201d, \u201eZiele\u0144\u201d, \u201eFiolet\u201d) oraz \u201eGranice ryzyka\u201d (\u201eSzelest\u201d, \u201eSzum\u201d, \u201eSzrama\u201d).<\/p>\n<p>Jej ksi\u0105\u017cki i audiobooki zdoby\u0142y liczne nagrody, w tym Best Audio Empik Go oraz Bestsellery Empiku. Seria \u201eKolory z\u0142a\u201d doczeka\u0142a si\u0119 ekranizacji \u2013 \u201eCzerwie\u0144\u201d i \u201eCzer\u0144\u201d mo\u017cna ogl\u0105da\u0107 na Netflixie, gdzie w rol\u0119 prokuratora Leopolda Bilskiego wcieli\u0142 si\u0119 Jakub Giersza\u0142.<\/p>\n<p>Wst\u0119p wolny \u2013 bezp\u0142atne wej\u015bci\u00f3wki dost\u0119pne od 28 kwietnia 2026 w:<\/p>\n<ul>\n<li>Czytelni Prasy \u2013 ul. Frankowskiego 3<\/li>\n<li>Beletrystyce \u2013 ul. Brzozowa 9a<\/li>\n<li>Bibliotece Ogrody \u2013 ul. \u017b\u00f3\u0142kiewskiego 6<\/li>\n<\/ul>\n<p>Do zobaczenia w Bibliotece.<\/p>\n","protected":false},"excerpt":{"rendered":"<p>Spotkanie autorskie z Ma\u0142gorzat\u0105 Sobczak. Zapraszamy na wyj\u0105tkowe spotkanie z jedn\u0105 z najpopularniejszych autorek polskich krymina\u0142\u00f3w. 12 maja 2026 (wtorek), godz. 17:00, Biblioteka Ogrody ul.\u017b\u00f3\u0142kiewskiego 6<\/p><p><a class=\"more-link block-button\" href=\"https:\/\/biblioteka.kolobrzeg.pl\/index.php\/2026\/04\/29\/spotkanie-autorskie-93\/\">Kontynuuj czytanie &raquo;<\/a><\/p>\n","protected":false},"author":1,"featured_media":34818,"comment_status":"closed","ping_status":"closed","sticky":false,"template":"","format":"standard","meta":{"jetpack_post_was_ever_published":false,"_jetpack_newsletter_access":"","_jetpack_dont_email_post_to_subs":false,"_jetpack_newsletter_tier_id":0,"_jetpack_memberships_contains_paywalled_content":false,"_jetpack_memberships_contains_paid_content":false,"footnotes":"","jetpack_publicize_message":"","jetpack_publicize_feature_enabled":true,"jetpack_social_post_already_shared":true,"jetpack_social_options":{"image_generator_settings":{"template":"highway","default_image_id":0,"font":"","enabled":false},"version":2}},"categories":[541,21],"tags":[30],"class_list":["post-34819","post","type-post","status-publish","format-standard","has-post-thumbnail","hentry","category-biblioteka-ogrody","category-spotkania","tag-spotkanie"],"jetpack_publicize_connections":[],"jetpack_featured_media_url":"https:\/\/biblioteka.kolobrzeg.pl\/wp-content\/uploads\/2026\/04\/sobczak120526.jpg","jetpack_likes_enabled":true,"jetpack_sharing_enabled":true,"_links":{"self":[{"href":"https:\/\/biblioteka.kolobrzeg.pl\/index.php\/wp-json\/wp\/v2\/posts\/34819","targetHints":{"allow":["GET"]}}],"collection":[{"href":"https:\/\/biblioteka.kolobrzeg.pl\/index.php\/wp-json\/wp\/v2\/posts"}],"about":[{"href":"https:\/\/biblioteka.kolobrzeg.pl\/index.php\/wp-json\/wp\/v2\/types\/post"}],"author":[{"embeddable":true,"href":"https:\/\/biblioteka.kolobrzeg.pl\/index.php\/wp-json\/wp\/v2\/users\/1"}],"replies":[{"embeddable":true,"href":"https:\/\/biblioteka.kolobrzeg.pl\/index.php\/wp-json\/wp\/v2\/comments?post=34819"}],"version-history":[{"count":1,"href":"https:\/\/biblioteka.kolobrzeg.pl\/index.php\/wp-json\/wp\/v2\/posts\/34819\/revisions"}],"predecessor-version":[{"id":34820,"href":"https:\/\/biblioteka.kolobrzeg.pl\/index.php\/wp-json\/wp\/v2\/posts\/34819\/revisions\/34820"}],"wp:featuredmedia":[{"embeddable":true,"href":"https:\/\/biblioteka.kolobrzeg.pl\/index.php\/wp-json\/wp\/v2\/media\/34818"}],"wp:attachment":[{"href":"https:\/\/biblioteka.kolobrzeg.pl\/index.php\/wp-json\/wp\/v2\/media?parent=34819"}],"wp:term":[{"taxonomy":"category","embeddable":true,"href":"https:\/\/biblioteka.kolobrzeg.pl\/index.php\/wp-json\/wp\/v2\/categories?post=34819"},{"taxonomy":"post_tag","embeddable":true,"href":"https:\/\/biblioteka.kolobrzeg.pl\/index.php\/wp-json\/wp\/v2\/tags?post=34819"}],"curies":[{"name":"wp","href":"https:\/\/api.w.org\/{rel}","templated":true}]}}