{"id":3568,"date":"2017-11-17T14:49:31","date_gmt":"2017-11-17T13:49:31","guid":{"rendered":"https:\/\/biblioteka.kolobrzeg.pl\/?p=3568"},"modified":"2018-01-19T13:11:01","modified_gmt":"2018-01-19T12:11:01","slug":"biblioteczna-akademia-dziecieca-2","status":"publish","type":"post","link":"https:\/\/biblioteka.kolobrzeg.pl\/index.php\/2017\/11\/17\/biblioteczna-akademia-dziecieca-2\/","title":{"rendered":"Biblioteczna Akademia Dzieci\u0119ca"},"content":{"rendered":"<h3><a href=\"https:\/\/biblioteka.kolobrzeg.pl\/wp-content\/uploads\/2017\/11\/badplakat2017.jpg\" data-rel=\"lightbox-image-0\" data-rl_title=\"\" data-rl_caption=\"\" title=\"\"><img loading=\"lazy\" decoding=\"async\" class=\"alignleft wp-image-3569\" src=\"https:\/\/biblioteka.kolobrzeg.pl\/wp-content\/uploads\/2017\/11\/badplakat2017.jpg\" alt=\"Biblioteczna Akademia Dzieci\u0119ca plakat\" width=\"106\" height=\"150\" srcset=\"https:\/\/biblioteka.kolobrzeg.pl\/wp-content\/uploads\/2017\/11\/badplakat2017.jpg 546w, https:\/\/biblioteka.kolobrzeg.pl\/wp-content\/uploads\/2017\/11\/badplakat2017-213x300.jpg 213w\" sizes=\"auto, (max-width: 106px) 100vw, 106px\" \/><\/a>Czyli biblioteczny spos\u00f3b na zach\u0119cenie dziecka do czytania.<\/h3>\n<p>Zaj\u0119cia, podczas kt\u00f3rych dzieci ucz\u0105 si\u0119 tak\u017ce komunikatywno\u015bci i wsp\u00f3\u0142pracy, rozwijaj\u0105 kreatywno\u015b\u0107 i zdolno\u015bci plastyczno \u2013 manualne.\u00a0 <!--more--><\/p>\n<p>&nbsp;<\/p>\n<p>&nbsp;<\/p>\n<p>&nbsp;<\/p>\n<p>Program na listopad 2017:<\/p>\n<p><strong>Bajkowe poranki \u2013 poniedzia\u0142ki, godz. 10.00<\/strong><br \/>\n06.11 &#8211; J. i W. Grimm: \u201eKr\u00f3lewna \u015anie\u017cka\u201d (teatrzyk Kamishibai)<br \/>\n13.11 &#8211; U. Koz\u0142owska: \u201eM\u0105dra sowa\u201d<br \/>\n20.11 &#8211; R. Mcritchie, C. Hulme: \u201eEdward i jego wielkie odkrycie\u201d<br \/>\n27.11 &#8211; K. Reider, S. Kraushaar: \u201eU\u015bmiechnij si\u0119 Misiu\u201d<\/p>\n<p><strong>Literackie \u015brody \u2013 \u015brody, godz. 15.00<\/strong><br \/>\n15, 22, 29.11 &#8211; temat miesi\u0105ca : \u201eW zaczarowanym \u015bwiecie ksi\u0105\u017cki\u201d<\/p>\n<p><strong>Artystyczne czwartki \u2013 czwartki, godz. 16.00<\/strong><br \/>\n16, 23, 30.11 &#8211; temat miesi\u0105ca : \u201eListopadowe cuda, czyli co\u015b z niczego\u201d<\/p>\n","protected":false},"excerpt":{"rendered":"<p>Czyli biblioteczny spos\u00f3b na zach\u0119cenie dziecka do czytania. Zaj\u0119cia, podczas kt\u00f3rych dzieci ucz\u0105 si\u0119 tak\u017ce komunikatywno\u015bci i wsp\u00f3\u0142pracy, rozwijaj\u0105 kreatywno\u015b\u0107 i zdolno\u015bci plastyczno \u2013 manualne.\u00a0<\/p><p><a class=\"more-link block-button\" href=\"https:\/\/biblioteka.kolobrzeg.pl\/index.php\/2017\/11\/17\/biblioteczna-akademia-dziecieca-2\/\">Kontynuuj czytanie &raquo;<\/a><\/p>\n","protected":false},"author":1,"featured_media":3569,"comment_status":"closed","ping_status":"closed","sticky":false,"template":"","format":"standard","meta":{"jetpack_post_was_ever_published":false,"_jetpack_newsletter_access":"","_jetpack_dont_email_post_to_subs":false,"_jetpack_newsletter_tier_id":0,"_jetpack_memberships_contains_paywalled_content":false,"_jetpack_memberships_contains_paid_content":false,"footnotes":"","jetpack_publicize_message":"","jetpack_publicize_feature_enabled":true,"jetpack_social_post_already_shared":true,"jetpack_social_options":{"image_generator_settings":{"template":"highway","default_image_id":0,"font":"","enabled":false},"version":2}},"categories":[1],"tags":[93,33,45],"class_list":["post-3568","post","type-post","status-publish","format-standard","has-post-thumbnail","hentry","category-aktualnosci","tag-akademia","tag-biblioteka","tag-dzieci"],"jetpack_publicize_connections":[],"jetpack_featured_media_url":"https:\/\/biblioteka.kolobrzeg.pl\/wp-content\/uploads\/2017\/11\/badplakat2017.jpg","jetpack_likes_enabled":true,"jetpack_sharing_enabled":true,"_links":{"self":[{"href":"https:\/\/biblioteka.kolobrzeg.pl\/index.php\/wp-json\/wp\/v2\/posts\/3568","targetHints":{"allow":["GET"]}}],"collection":[{"href":"https:\/\/biblioteka.kolobrzeg.pl\/index.php\/wp-json\/wp\/v2\/posts"}],"about":[{"href":"https:\/\/biblioteka.kolobrzeg.pl\/index.php\/wp-json\/wp\/v2\/types\/post"}],"author":[{"embeddable":true,"href":"https:\/\/biblioteka.kolobrzeg.pl\/index.php\/wp-json\/wp\/v2\/users\/1"}],"replies":[{"embeddable":true,"href":"https:\/\/biblioteka.kolobrzeg.pl\/index.php\/wp-json\/wp\/v2\/comments?post=3568"}],"version-history":[{"count":0,"href":"https:\/\/biblioteka.kolobrzeg.pl\/index.php\/wp-json\/wp\/v2\/posts\/3568\/revisions"}],"wp:featuredmedia":[{"embeddable":true,"href":"https:\/\/biblioteka.kolobrzeg.pl\/index.php\/wp-json\/wp\/v2\/media\/3569"}],"wp:attachment":[{"href":"https:\/\/biblioteka.kolobrzeg.pl\/index.php\/wp-json\/wp\/v2\/media?parent=3568"}],"wp:term":[{"taxonomy":"category","embeddable":true,"href":"https:\/\/biblioteka.kolobrzeg.pl\/index.php\/wp-json\/wp\/v2\/categories?post=3568"},{"taxonomy":"post_tag","embeddable":true,"href":"https:\/\/biblioteka.kolobrzeg.pl\/index.php\/wp-json\/wp\/v2\/tags?post=3568"}],"curies":[{"name":"wp","href":"https:\/\/api.w.org\/{rel}","templated":true}]}}