{"id":3662,"date":"2017-11-21T13:22:21","date_gmt":"2017-11-21T12:22:21","guid":{"rendered":"https:\/\/biblioteka.kolobrzeg.pl\/?p=3662"},"modified":"2017-11-29T13:33:44","modified_gmt":"2017-11-29T12:33:44","slug":"cyberpulapka-spektakl-dla-dzieci","status":"publish","type":"post","link":"https:\/\/biblioteka.kolobrzeg.pl\/index.php\/2017\/11\/21\/cyberpulapka-spektakl-dla-dzieci\/","title":{"rendered":"Cyberpu\u0142apka &#8211; spektakl dla dzieci"},"content":{"rendered":"<p><a href=\"https:\/\/biblioteka.kolobrzeg.pl\/wp-content\/uploads\/2017\/11\/spektakl21111171.jpg\" data-rel=\"lightbox-image-0\" data-rl_title=\"\" data-rl_caption=\"\" title=\"\"><img loading=\"lazy\" decoding=\"async\" class=\"alignleft wp-image-3664 size-thumbnail\" src=\"https:\/\/biblioteka.kolobrzeg.pl\/wp-content\/uploads\/2017\/11\/spektakl21111171-150x150.jpg\" alt=\"Spektakl\" width=\"150\" height=\"150\" srcset=\"https:\/\/biblioteka.kolobrzeg.pl\/wp-content\/uploads\/2017\/11\/spektakl21111171-150x150.jpg 150w, https:\/\/biblioteka.kolobrzeg.pl\/wp-content\/uploads\/2017\/11\/spektakl21111171-144x144.jpg 144w\" sizes=\"auto, (max-width: 150px) 100vw, 150px\" \/><\/a>\u017byjemy w czasach, w kt\u00f3rych ju\u017c praktycznie ka\u017cde dziecko posiada swoj\u0105 w\u0142asn\u0105 kom\u00f3rk\u0119, tablet czy komputer, w \u015bwiecie gdzie panuje przekonanie, \u017ce \u201eten, kto nie ma Facebooka, nie istnieje\u201d. Po szkole uczniowie od razu przenosz\u0105 si\u0119 do wirtualnego \u015bwiata. Tam zamieszczaj\u0105 zdj\u0119cia, komentuj\u0105 posty, graj\u0105, lecz nie zdaj\u0105 sobie sprawy, ile niebezpiecze\u0144stw mo\u017ce ich tam spotka\u0107.<!--more--><\/p>\n<p>W zwi\u0105zku z tym w dniu 21.11.2017 r. mieli\u015bmy przyjemno\u015b\u0107 go\u015bci\u0107 w Miejskiej Bibliotece Publicznej w Ko\u0142obrzegu teatr EDU-ARTIS, kt\u00f3ry przyjecha\u0142 do nas ze swoim spektaklem pt. \u201eCyberprzemoc\u201d.<\/p>\n<p>Przedstawienie porusza\u0142o wiele istotnych kwestii w \u017cyciu m\u0142odzie\u017cy. Mowa by\u0142a o tym, jak \u0142atwo m\u0142odej osobie zagubi\u0107 si\u0119 w wirtualnej przestrzeni, uzale\u017cni\u0107 od komputera, b\u0105d\u017a telefonu. M\u0142odzi, niczego nie\u015bwiadomi, wci\u0105\u017c komentuj\u0105cy, licz\u0105cy na \u201elajki\u201d, dla kt\u00f3rych liczy si\u0119 \u201efejm\u201d, nie dostrzegali czego\u015b takiego jak \u201ehejt\u201d. Zjawiska, kt\u00f3re mo\u017ce dotkn\u0105\u0107 ka\u017cdego z nas. Zaczyna si\u0119 niewinnie. Jeden nieprzychylny komentarz, drugi\u2026, a p\u00f3\u017aniej ju\u017c z g\u00f3rki \u2013 robi si\u0119 ich coraz wi\u0119cej. Osoba dotkni\u0119ta takimi docinkami nie potrafi sobie z tym poradzi\u0107. Przerasta j\u0105 to. Zaczyna opuszcza\u0107 szko\u0142\u0119, gdzie wszyscy si\u0119 \u015bmiej\u0105 \u2013 bo nie zapominajmy \u2013 w internecie nic nie zginie i ka\u017cdy mo\u017ce zobaczy\u0107 nasz nieprzychylny komentarz, nasze zdj\u0119cia, wszystko to, co opublikujemy. Wa\u017cne jest, aby w takich sytuacjach reagowa\u0107, nie przygl\u0105da\u0107 si\u0119 temu z boku, nie sta\u0107 biernie. Pom\u00f3c osobie dotkni\u0119tej cyberprzemoc\u0105.<\/p>\n<p>Celem przedstawienia by\u0142o zwi\u0119kszenie \u015bwiadomo\u015bci m\u0142odzie\u017cy, nauka asertywno\u015bci, ostro\u017cno\u015bci w cyberprzestrzeni. Tego, \u017ce \u015bwiat wirtualny nie zast\u0105pi nam rzeczywisto\u015bci, prawdziwych, realnych przyjaci\u00f3\u0142. Po spektaklu aktorzy zach\u0119cali w rozmowie z publiczno\u015bci\u0105 do bycia empatycznym, wra\u017cliwym na ludzk\u0105 krzywd\u0119, do reagowania na nieetyczne zachowania. Cyberprzemoc mo\u017ce dotkn\u0105\u0107 ka\u017cdego, tak\u017ce i nas.<\/p>\n\n\t\t<style type=\"text\/css\">\n\t\t\t#gallery-1 {\n\t\t\t\tmargin: auto;\n\t\t\t}\n\t\t\t#gallery-1 .gallery-item {\n\t\t\t\tfloat: left;\n\t\t\t\tmargin-top: 10px;\n\t\t\t\ttext-align: center;\n\t\t\t\twidth: 33%;\n\t\t\t}\n\t\t\t#gallery-1 img {\n\t\t\t\tborder: 2px solid #cfcfcf;\n\t\t\t}\n\t\t\t#gallery-1 .gallery-caption {\n\t\t\t\tmargin-left: 0;\n\t\t\t}\n\t\t\t\/* see gallery_shortcode() in wp-includes\/media.php *\/\n\t\t<\/style>\n\t\t<div id='gallery-1' class='gallery galleryid-3662 gallery-columns-3 gallery-size-thumbnail'><dl class='gallery-item'>\n\t\t\t<dt class='gallery-icon landscape'>\n\t\t\t\t<a href='https:\/\/biblioteka.kolobrzeg.pl\/wp-content\/uploads\/2017\/11\/spektakl21111173.jpg' title=\"\" data-rl_title=\"\" class=\"rl-gallery-link\" data-rl_caption=\"\" data-rel=\"lightbox-gallery-1\"><img loading=\"lazy\" decoding=\"async\" width=\"150\" height=\"150\" src=\"https:\/\/biblioteka.kolobrzeg.pl\/wp-content\/uploads\/2017\/11\/spektakl21111173-150x150.jpg\" class=\"attachment-thumbnail size-thumbnail\" alt=\"Spektakl\" srcset=\"https:\/\/biblioteka.kolobrzeg.pl\/wp-content\/uploads\/2017\/11\/spektakl21111173-150x150.jpg 150w, https:\/\/biblioteka.kolobrzeg.pl\/wp-content\/uploads\/2017\/11\/spektakl21111173-144x144.jpg 144w\" sizes=\"auto, (max-width: 150px) 100vw, 150px\" \/><\/a>\n\t\t\t<\/dt><\/dl><dl class='gallery-item'>\n\t\t\t<dt class='gallery-icon landscape'>\n\t\t\t\t<a href='https:\/\/biblioteka.kolobrzeg.pl\/wp-content\/uploads\/2017\/11\/spektakl21111171.jpg' title=\"\" data-rl_title=\"\" class=\"rl-gallery-link\" data-rl_caption=\"\" data-rel=\"lightbox-gallery-1\"><img loading=\"lazy\" decoding=\"async\" width=\"150\" height=\"150\" src=\"https:\/\/biblioteka.kolobrzeg.pl\/wp-content\/uploads\/2017\/11\/spektakl21111171-150x150.jpg\" class=\"attachment-thumbnail size-thumbnail\" alt=\"Spektakl\" srcset=\"https:\/\/biblioteka.kolobrzeg.pl\/wp-content\/uploads\/2017\/11\/spektakl21111171-150x150.jpg 150w, https:\/\/biblioteka.kolobrzeg.pl\/wp-content\/uploads\/2017\/11\/spektakl21111171-144x144.jpg 144w\" sizes=\"auto, (max-width: 150px) 100vw, 150px\" \/><\/a>\n\t\t\t<\/dt><\/dl><dl class='gallery-item'>\n\t\t\t<dt class='gallery-icon landscape'>\n\t\t\t\t<a href='https:\/\/biblioteka.kolobrzeg.pl\/wp-content\/uploads\/2017\/11\/spektakl21111172.jpg' title=\"\" data-rl_title=\"\" class=\"rl-gallery-link\" data-rl_caption=\"\" data-rel=\"lightbox-gallery-1\"><img loading=\"lazy\" decoding=\"async\" width=\"150\" height=\"150\" src=\"https:\/\/biblioteka.kolobrzeg.pl\/wp-content\/uploads\/2017\/11\/spektakl21111172-150x150.jpg\" class=\"attachment-thumbnail size-thumbnail\" alt=\"Spektakl\" srcset=\"https:\/\/biblioteka.kolobrzeg.pl\/wp-content\/uploads\/2017\/11\/spektakl21111172-150x150.jpg 150w, https:\/\/biblioteka.kolobrzeg.pl\/wp-content\/uploads\/2017\/11\/spektakl21111172-144x144.jpg 144w\" sizes=\"auto, (max-width: 150px) 100vw, 150px\" \/><\/a>\n\t\t\t<\/dt><\/dl><br style=\"clear: both\" \/>\n\t\t<\/div>\n\n<p>Przedstawienie dofinansowane zosta\u0142o przez Gmin\u0119 Miasto Ko\u0142obrzeg ze \u015brodk\u00f3w MPPiRPA.<\/p>\n","protected":false},"excerpt":{"rendered":"<p>\u017byjemy w czasach, w kt\u00f3rych ju\u017c praktycznie ka\u017cde dziecko posiada swoj\u0105 w\u0142asn\u0105 kom\u00f3rk\u0119, tablet czy komputer, w \u015bwiecie gdzie panuje przekonanie, \u017ce \u201eten, kto nie ma Facebooka, nie istnieje\u201d. Po szkole uczniowie od razu przenosz\u0105 si\u0119 do wirtualnego \u015bwiata. Tam zamieszczaj\u0105 zdj\u0119cia, komentuj\u0105 posty, graj\u0105, lecz nie zdaj\u0105 sobie sprawy, ile niebezpiecze\u0144stw mo\u017ce ich tam &hellip; <\/p>\n<p><a class=\"more-link block-button\" href=\"https:\/\/biblioteka.kolobrzeg.pl\/index.php\/2017\/11\/21\/cyberpulapka-spektakl-dla-dzieci\/\">Kontynuuj czytanie &raquo;<\/a><\/p>\n","protected":false},"author":1,"featured_media":3664,"comment_status":"closed","ping_status":"closed","sticky":false,"template":"","format":"standard","meta":{"jetpack_post_was_ever_published":false,"_jetpack_newsletter_access":"","_jetpack_dont_email_post_to_subs":false,"_jetpack_newsletter_tier_id":0,"_jetpack_memberships_contains_paywalled_content":false,"_jetpack_memberships_contains_paid_content":false,"footnotes":"","jetpack_publicize_message":"","jetpack_publicize_feature_enabled":true,"jetpack_social_post_already_shared":true,"jetpack_social_options":{"image_generator_settings":{"template":"highway","default_image_id":0,"font":"","enabled":false},"version":2}},"categories":[23],"tags":[45,77],"class_list":["post-3662","post","type-post","status-publish","format-standard","has-post-thumbnail","hentry","category-spotkania_wydarzenia","tag-dzieci","tag-spektakl"],"jetpack_publicize_connections":[],"jetpack_featured_media_url":"https:\/\/biblioteka.kolobrzeg.pl\/wp-content\/uploads\/2017\/11\/spektakl21111171.jpg","jetpack_likes_enabled":true,"jetpack_sharing_enabled":true,"_links":{"self":[{"href":"https:\/\/biblioteka.kolobrzeg.pl\/index.php\/wp-json\/wp\/v2\/posts\/3662","targetHints":{"allow":["GET"]}}],"collection":[{"href":"https:\/\/biblioteka.kolobrzeg.pl\/index.php\/wp-json\/wp\/v2\/posts"}],"about":[{"href":"https:\/\/biblioteka.kolobrzeg.pl\/index.php\/wp-json\/wp\/v2\/types\/post"}],"author":[{"embeddable":true,"href":"https:\/\/biblioteka.kolobrzeg.pl\/index.php\/wp-json\/wp\/v2\/users\/1"}],"replies":[{"embeddable":true,"href":"https:\/\/biblioteka.kolobrzeg.pl\/index.php\/wp-json\/wp\/v2\/comments?post=3662"}],"version-history":[{"count":0,"href":"https:\/\/biblioteka.kolobrzeg.pl\/index.php\/wp-json\/wp\/v2\/posts\/3662\/revisions"}],"wp:featuredmedia":[{"embeddable":true,"href":"https:\/\/biblioteka.kolobrzeg.pl\/index.php\/wp-json\/wp\/v2\/media\/3664"}],"wp:attachment":[{"href":"https:\/\/biblioteka.kolobrzeg.pl\/index.php\/wp-json\/wp\/v2\/media?parent=3662"}],"wp:term":[{"taxonomy":"category","embeddable":true,"href":"https:\/\/biblioteka.kolobrzeg.pl\/index.php\/wp-json\/wp\/v2\/categories?post=3662"},{"taxonomy":"post_tag","embeddable":true,"href":"https:\/\/biblioteka.kolobrzeg.pl\/index.php\/wp-json\/wp\/v2\/tags?post=3662"}],"curies":[{"name":"wp","href":"https:\/\/api.w.org\/{rel}","templated":true}]}}