{"id":3706,"date":"2017-11-28T13:57:19","date_gmt":"2017-11-28T12:57:19","guid":{"rendered":"https:\/\/biblioteka.kolobrzeg.pl\/?p=3706"},"modified":"2017-12-04T14:08:49","modified_gmt":"2017-12-04T13:08:49","slug":"wizyta-w-osrodku-rehabilitacyjno-edukacyjno-wychowawczym","status":"publish","type":"post","link":"https:\/\/biblioteka.kolobrzeg.pl\/index.php\/2017\/11\/28\/wizyta-w-osrodku-rehabilitacyjno-edukacyjno-wychowawczym\/","title":{"rendered":"Wizyta w O\u015brodku Rehabilitacyjno-Edukacyjno-Wychowawczym."},"content":{"rendered":"<p><a href=\"https:\/\/biblioteka.kolobrzeg.pl\/wp-content\/uploads\/2017\/12\/wizyta2811171.jpg\" data-rel=\"lightbox-image-0\" data-rl_title=\"\" data-rl_caption=\"\" title=\"\"><img loading=\"lazy\" decoding=\"async\" class=\"alignleft wp-image-3711 size-thumbnail\" src=\"https:\/\/biblioteka.kolobrzeg.pl\/wp-content\/uploads\/2017\/12\/wizyta2811171-150x150.jpg\" alt=\"Wizyta w O\u015brodku Rehabilitacyjno-Edukacyjno-Wychowawczym\" width=\"150\" height=\"150\" srcset=\"https:\/\/biblioteka.kolobrzeg.pl\/wp-content\/uploads\/2017\/12\/wizyta2811171-150x150.jpg 150w, https:\/\/biblioteka.kolobrzeg.pl\/wp-content\/uploads\/2017\/12\/wizyta2811171-144x144.jpg 144w\" sizes=\"auto, (max-width: 150px) 100vw, 150px\" \/><\/a>Tak niewiele trzeba, by dziecku sprawi\u0107 rado\u015b\u0107. Dzieci ogl\u0105da\u0142y ksi\u0105\u017ceczki d\u017awi\u0119kowe, pluszowe, dotykowe o r\u00f3\u017cnej strukturze. Wys\u0142ucha\u0142y weso\u0142ych opowiada\u0144 o misiach, ksi\u0119\u017cniczkach i ulubionych zwierz\u0105tkach.<!--more--><\/p>\n<p>Bardzo dzi\u0119kujemy za mi\u0142e przyj\u0119cie.<\/p>\n<p>&nbsp;<\/p>\n<p>&nbsp;<\/p>\n<p>&nbsp;<\/p>\n\n\t\t<style type=\"text\/css\">\n\t\t\t#gallery-1 {\n\t\t\t\tmargin: auto;\n\t\t\t}\n\t\t\t#gallery-1 .gallery-item {\n\t\t\t\tfloat: left;\n\t\t\t\tmargin-top: 10px;\n\t\t\t\ttext-align: center;\n\t\t\t\twidth: 20%;\n\t\t\t}\n\t\t\t#gallery-1 img {\n\t\t\t\tborder: 2px solid #cfcfcf;\n\t\t\t}\n\t\t\t#gallery-1 .gallery-caption {\n\t\t\t\tmargin-left: 0;\n\t\t\t}\n\t\t\t\/* see gallery_shortcode() in wp-includes\/media.php *\/\n\t\t<\/style>\n\t\t<div id='gallery-1' class='gallery galleryid-3706 gallery-columns-5 gallery-size-thumbnail'><dl class='gallery-item'>\n\t\t\t<dt class='gallery-icon landscape'>\n\t\t\t\t<a href='https:\/\/biblioteka.kolobrzeg.pl\/wp-content\/uploads\/2017\/12\/wizyta2811172.jpg' title=\"\" data-rl_title=\"\" class=\"rl-gallery-link\" data-rl_caption=\"\" data-rel=\"lightbox-gallery-1\"><img loading=\"lazy\" decoding=\"async\" width=\"150\" height=\"150\" src=\"https:\/\/biblioteka.kolobrzeg.pl\/wp-content\/uploads\/2017\/12\/wizyta2811172-150x150.jpg\" class=\"attachment-thumbnail size-thumbnail\" alt=\"Wizyta w O\u00b6rodku Rehabilitacyjno-Edukacyjno-Wychowawczym\" srcset=\"https:\/\/biblioteka.kolobrzeg.pl\/wp-content\/uploads\/2017\/12\/wizyta2811172-150x150.jpg 150w, https:\/\/biblioteka.kolobrzeg.pl\/wp-content\/uploads\/2017\/12\/wizyta2811172-144x144.jpg 144w\" sizes=\"auto, (max-width: 150px) 100vw, 150px\" \/><\/a>\n\t\t\t<\/dt><\/dl><dl class='gallery-item'>\n\t\t\t<dt class='gallery-icon landscape'>\n\t\t\t\t<a href='https:\/\/biblioteka.kolobrzeg.pl\/wp-content\/uploads\/2017\/12\/wizyta2811173.jpg' title=\"\" data-rl_title=\"\" class=\"rl-gallery-link\" data-rl_caption=\"\" data-rel=\"lightbox-gallery-1\"><img loading=\"lazy\" decoding=\"async\" width=\"150\" height=\"150\" src=\"https:\/\/biblioteka.kolobrzeg.pl\/wp-content\/uploads\/2017\/12\/wizyta2811173-150x150.jpg\" class=\"attachment-thumbnail size-thumbnail\" alt=\"Wizyta w O\u00b6rodku Rehabilitacyjno-Edukacyjno-Wychowawczym\" srcset=\"https:\/\/biblioteka.kolobrzeg.pl\/wp-content\/uploads\/2017\/12\/wizyta2811173-150x150.jpg 150w, https:\/\/biblioteka.kolobrzeg.pl\/wp-content\/uploads\/2017\/12\/wizyta2811173-144x144.jpg 144w\" sizes=\"auto, (max-width: 150px) 100vw, 150px\" \/><\/a>\n\t\t\t<\/dt><\/dl><dl class='gallery-item'>\n\t\t\t<dt class='gallery-icon landscape'>\n\t\t\t\t<a href='https:\/\/biblioteka.kolobrzeg.pl\/wp-content\/uploads\/2017\/12\/wizyta2811174.jpg' title=\"\" data-rl_title=\"\" class=\"rl-gallery-link\" data-rl_caption=\"\" data-rel=\"lightbox-gallery-1\"><img loading=\"lazy\" decoding=\"async\" width=\"150\" height=\"150\" src=\"https:\/\/biblioteka.kolobrzeg.pl\/wp-content\/uploads\/2017\/12\/wizyta2811174-150x150.jpg\" class=\"attachment-thumbnail size-thumbnail\" alt=\"Wizyta w O\u00b6rodku Rehabilitacyjno-Edukacyjno-Wychowawczym\" srcset=\"https:\/\/biblioteka.kolobrzeg.pl\/wp-content\/uploads\/2017\/12\/wizyta2811174-150x150.jpg 150w, https:\/\/biblioteka.kolobrzeg.pl\/wp-content\/uploads\/2017\/12\/wizyta2811174-144x144.jpg 144w\" sizes=\"auto, (max-width: 150px) 100vw, 150px\" \/><\/a>\n\t\t\t<\/dt><\/dl><dl class='gallery-item'>\n\t\t\t<dt class='gallery-icon landscape'>\n\t\t\t\t<a href='https:\/\/biblioteka.kolobrzeg.pl\/wp-content\/uploads\/2017\/12\/wizyta2811175.jpg' title=\"\" data-rl_title=\"\" class=\"rl-gallery-link\" data-rl_caption=\"\" data-rel=\"lightbox-gallery-1\"><img loading=\"lazy\" decoding=\"async\" width=\"150\" height=\"150\" src=\"https:\/\/biblioteka.kolobrzeg.pl\/wp-content\/uploads\/2017\/12\/wizyta2811175-150x150.jpg\" class=\"attachment-thumbnail size-thumbnail\" alt=\"Wizyta w O\u00b6rodku Rehabilitacyjno-Edukacyjno-Wychowawczym\" srcset=\"https:\/\/biblioteka.kolobrzeg.pl\/wp-content\/uploads\/2017\/12\/wizyta2811175-150x150.jpg 150w, https:\/\/biblioteka.kolobrzeg.pl\/wp-content\/uploads\/2017\/12\/wizyta2811175-144x144.jpg 144w\" sizes=\"auto, (max-width: 150px) 100vw, 150px\" \/><\/a>\n\t\t\t<\/dt><\/dl><dl class='gallery-item'>\n\t\t\t<dt class='gallery-icon landscape'>\n\t\t\t\t<a href='https:\/\/biblioteka.kolobrzeg.pl\/wp-content\/uploads\/2017\/12\/wizyta2811171.jpg' title=\"\" data-rl_title=\"\" class=\"rl-gallery-link\" data-rl_caption=\"\" data-rel=\"lightbox-gallery-1\"><img loading=\"lazy\" decoding=\"async\" width=\"150\" height=\"150\" src=\"https:\/\/biblioteka.kolobrzeg.pl\/wp-content\/uploads\/2017\/12\/wizyta2811171-150x150.jpg\" class=\"attachment-thumbnail size-thumbnail\" alt=\"Wizyta w O\u00b6rodku Rehabilitacyjno-Edukacyjno-Wychowawczym\" srcset=\"https:\/\/biblioteka.kolobrzeg.pl\/wp-content\/uploads\/2017\/12\/wizyta2811171-150x150.jpg 150w, https:\/\/biblioteka.kolobrzeg.pl\/wp-content\/uploads\/2017\/12\/wizyta2811171-144x144.jpg 144w\" sizes=\"auto, (max-width: 150px) 100vw, 150px\" \/><\/a>\n\t\t\t<\/dt><\/dl><br style=\"clear: both\" \/>\n\t\t<\/div>\n\n","protected":false},"excerpt":{"rendered":"<p>Tak niewiele trzeba, by dziecku sprawi\u0107 rado\u015b\u0107. Dzieci ogl\u0105da\u0142y ksi\u0105\u017ceczki d\u017awi\u0119kowe, pluszowe, dotykowe o r\u00f3\u017cnej strukturze. Wys\u0142ucha\u0142y weso\u0142ych opowiada\u0144 o misiach, ksi\u0119\u017cniczkach i ulubionych zwierz\u0105tkach.<\/p><p><a class=\"more-link block-button\" href=\"https:\/\/biblioteka.kolobrzeg.pl\/index.php\/2017\/11\/28\/wizyta-w-osrodku-rehabilitacyjno-edukacyjno-wychowawczym\/\">Kontynuuj czytanie &raquo;<\/a><\/p>\n","protected":false},"author":1,"featured_media":3711,"comment_status":"closed","ping_status":"closed","sticky":false,"template":"","format":"standard","meta":{"jetpack_post_was_ever_published":false,"_jetpack_newsletter_access":"","_jetpack_dont_email_post_to_subs":false,"_jetpack_newsletter_tier_id":0,"_jetpack_memberships_contains_paywalled_content":false,"_jetpack_memberships_contains_paid_content":false,"footnotes":"","jetpack_publicize_message":"","jetpack_publicize_feature_enabled":true,"jetpack_social_post_already_shared":false,"jetpack_social_options":{"image_generator_settings":{"template":"highway","default_image_id":0,"font":"","enabled":false},"version":2}},"categories":[1],"tags":[228,201,47],"class_list":["post-3706","post","type-post","status-publish","format-standard","has-post-thumbnail","hentry","category-aktualnosci","tag-bibliotekarz","tag-osrodek","tag-wizyta"],"jetpack_publicize_connections":[],"jetpack_featured_media_url":"https:\/\/biblioteka.kolobrzeg.pl\/wp-content\/uploads\/2017\/12\/wizyta2811171.jpg","jetpack_likes_enabled":true,"jetpack_sharing_enabled":true,"_links":{"self":[{"href":"https:\/\/biblioteka.kolobrzeg.pl\/index.php\/wp-json\/wp\/v2\/posts\/3706","targetHints":{"allow":["GET"]}}],"collection":[{"href":"https:\/\/biblioteka.kolobrzeg.pl\/index.php\/wp-json\/wp\/v2\/posts"}],"about":[{"href":"https:\/\/biblioteka.kolobrzeg.pl\/index.php\/wp-json\/wp\/v2\/types\/post"}],"author":[{"embeddable":true,"href":"https:\/\/biblioteka.kolobrzeg.pl\/index.php\/wp-json\/wp\/v2\/users\/1"}],"replies":[{"embeddable":true,"href":"https:\/\/biblioteka.kolobrzeg.pl\/index.php\/wp-json\/wp\/v2\/comments?post=3706"}],"version-history":[{"count":0,"href":"https:\/\/biblioteka.kolobrzeg.pl\/index.php\/wp-json\/wp\/v2\/posts\/3706\/revisions"}],"wp:featuredmedia":[{"embeddable":true,"href":"https:\/\/biblioteka.kolobrzeg.pl\/index.php\/wp-json\/wp\/v2\/media\/3711"}],"wp:attachment":[{"href":"https:\/\/biblioteka.kolobrzeg.pl\/index.php\/wp-json\/wp\/v2\/media?parent=3706"}],"wp:term":[{"taxonomy":"category","embeddable":true,"href":"https:\/\/biblioteka.kolobrzeg.pl\/index.php\/wp-json\/wp\/v2\/categories?post=3706"},{"taxonomy":"post_tag","embeddable":true,"href":"https:\/\/biblioteka.kolobrzeg.pl\/index.php\/wp-json\/wp\/v2\/tags?post=3706"}],"curies":[{"name":"wp","href":"https:\/\/api.w.org\/{rel}","templated":true}]}}