{"id":4017,"date":"2018-01-16T15:17:22","date_gmt":"2018-01-16T14:17:22","guid":{"rendered":"https:\/\/biblioteka.kolobrzeg.pl\/?p=4017"},"modified":"2018-02-02T17:05:27","modified_gmt":"2018-02-02T16:05:27","slug":"ibuk-libra-2","status":"publish","type":"post","link":"https:\/\/biblioteka.kolobrzeg.pl\/index.php\/2018\/01\/16\/ibuk-libra-2\/","title":{"rendered":"IBUK Libra"},"content":{"rendered":"<p><a href=\"https:\/\/biblioteka.kolobrzeg.pl\/wp-content\/uploads\/2016\/03\/ibuklibralogo.jpg\" data-rel=\"lightbox-image-0\" data-rl_title=\"\" data-rl_caption=\"\" title=\"\"><img loading=\"lazy\" decoding=\"async\" class=\"alignleft wp-image-281 size-thumbnail\" src=\"https:\/\/biblioteka.kolobrzeg.pl\/wp-content\/uploads\/2016\/03\/ibuklibralogo-150x150.jpg\" alt=\"Ibuk Libra logo\" width=\"150\" height=\"150\" \/><\/a>Przypominamy, \u017ce od 16.01.2018 r. obowi\u0105zuj\u0105 nowe kody dost\u0119pu (kody PIN) oraz nowa lista tytu\u0142\u00f3w ksi\u0105\u017cek zakupionych dla naszych czytelnik\u00f3w w 2018 roku. Zach\u0119camy do korzystania z czytelni wirtualnej IBUK LIBRA.<!--more--><\/p>\n<p>Kody mo\u017cna pobra\u0107 w Czytelni G\u0142\u00f3wnej (ul. J. Frankowskiego 3, I pi\u0119tro)<br \/>\nlub otrzyma\u0107 drog\u0105 mailow\u0105, podaj\u0105c imi\u0119, nazwisko i numer karty bibliotecznej<br \/>\n(kontakt: ibukkg@biblioteka.kolobrzeg.pl).<\/p>\n<p>List\u0119 zawieraj\u0105c\u0105 tytu\u0142y ksi\u0105\u017cek, zakupionych dla naszych czytelnik\u00f3w w 2017 roku, mo\u017cna znale\u017a\u0107 w za\u0142\u0105czniku.<\/p>\n<p>&nbsp;<\/p>\n<p><a href=\"http:\/\/biblioteka.kolobrzeg.pl\/wp-content\/uploads\/2017\/02\/ibuklzakladka.jpg\" data-rel=\"lightbox-image-1\" data-rl_title=\"\" data-rl_caption=\"\" title=\"\"><img loading=\"lazy\" decoding=\"async\" class=\"aligncenter size-full wp-image-1711\" src=\"http:\/\/biblioteka.kolobrzeg.pl\/wp-content\/uploads\/2017\/02\/ibuklzakladka.jpg\" alt=\"ibuk libra zakladka\" width=\"600\" height=\"110\" srcset=\"https:\/\/biblioteka.kolobrzeg.pl\/wp-content\/uploads\/2017\/02\/ibuklzakladka.jpg 600w, https:\/\/biblioteka.kolobrzeg.pl\/wp-content\/uploads\/2017\/02\/ibuklzakladka-300x55.jpg 300w\" sizes=\"auto, (max-width: 600px) 100vw, 600px\" \/><\/a><\/p>\n<p>Pliki:<\/p>\n<p><a href=\"https:\/\/biblioteka.kolobrzeg.pl\/wp-content\/uploads\/2018\/01\/wykaz_ks_ibuk_2018.xls\">lista ksiazek ibuk 2018.xls<\/a><\/p>\n","protected":false},"excerpt":{"rendered":"<p>Przypominamy, \u017ce od 16.01.2018 r. obowi\u0105zuj\u0105 nowe kody dost\u0119pu (kody PIN) oraz nowa lista tytu\u0142\u00f3w ksi\u0105\u017cek zakupionych dla naszych czytelnik\u00f3w w 2018 roku. Zach\u0119camy do korzystania z czytelni wirtualnej IBUK LIBRA.<\/p><p><a class=\"more-link block-button\" href=\"https:\/\/biblioteka.kolobrzeg.pl\/index.php\/2018\/01\/16\/ibuk-libra-2\/\">Kontynuuj czytanie &raquo;<\/a><\/p>\n","protected":false},"author":1,"featured_media":281,"comment_status":"closed","ping_status":"closed","sticky":false,"template":"","format":"standard","meta":{"jetpack_post_was_ever_published":false,"_jetpack_newsletter_access":"","_jetpack_dont_email_post_to_subs":false,"_jetpack_newsletter_tier_id":0,"_jetpack_memberships_contains_paywalled_content":false,"_jetpack_memberships_contains_paid_content":false,"footnotes":"","jetpack_publicize_message":"","jetpack_publicize_feature_enabled":true,"jetpack_social_post_already_shared":false,"jetpack_social_options":{"image_generator_settings":{"template":"highway","default_image_id":0,"font":"","enabled":false},"version":2}},"categories":[1],"tags":[67,68],"class_list":["post-4017","post","type-post","status-publish","format-standard","has-post-thumbnail","hentry","category-aktualnosci","tag-ibuk","tag-libra"],"jetpack_publicize_connections":[],"jetpack_featured_media_url":"https:\/\/biblioteka.kolobrzeg.pl\/wp-content\/uploads\/2016\/03\/ibuklibralogo.jpg","jetpack_likes_enabled":true,"jetpack_sharing_enabled":true,"_links":{"self":[{"href":"https:\/\/biblioteka.kolobrzeg.pl\/index.php\/wp-json\/wp\/v2\/posts\/4017","targetHints":{"allow":["GET"]}}],"collection":[{"href":"https:\/\/biblioteka.kolobrzeg.pl\/index.php\/wp-json\/wp\/v2\/posts"}],"about":[{"href":"https:\/\/biblioteka.kolobrzeg.pl\/index.php\/wp-json\/wp\/v2\/types\/post"}],"author":[{"embeddable":true,"href":"https:\/\/biblioteka.kolobrzeg.pl\/index.php\/wp-json\/wp\/v2\/users\/1"}],"replies":[{"embeddable":true,"href":"https:\/\/biblioteka.kolobrzeg.pl\/index.php\/wp-json\/wp\/v2\/comments?post=4017"}],"version-history":[{"count":0,"href":"https:\/\/biblioteka.kolobrzeg.pl\/index.php\/wp-json\/wp\/v2\/posts\/4017\/revisions"}],"wp:featuredmedia":[{"embeddable":true,"href":"https:\/\/biblioteka.kolobrzeg.pl\/index.php\/wp-json\/wp\/v2\/media\/281"}],"wp:attachment":[{"href":"https:\/\/biblioteka.kolobrzeg.pl\/index.php\/wp-json\/wp\/v2\/media?parent=4017"}],"wp:term":[{"taxonomy":"category","embeddable":true,"href":"https:\/\/biblioteka.kolobrzeg.pl\/index.php\/wp-json\/wp\/v2\/categories?post=4017"},{"taxonomy":"post_tag","embeddable":true,"href":"https:\/\/biblioteka.kolobrzeg.pl\/index.php\/wp-json\/wp\/v2\/tags?post=4017"}],"curies":[{"name":"wp","href":"https:\/\/api.w.org\/{rel}","templated":true}]}}