{"id":4239,"date":"2018-02-14T12:59:43","date_gmt":"2018-02-14T11:59:43","guid":{"rendered":"https:\/\/biblioteka.kolobrzeg.pl\/?p=4239"},"modified":"2018-02-15T15:03:10","modified_gmt":"2018-02-15T14:03:10","slug":"spotkanie-dkk-16","status":"publish","type":"post","link":"https:\/\/biblioteka.kolobrzeg.pl\/index.php\/2018\/02\/14\/spotkanie-dkk-16\/","title":{"rendered":"Spotkanie DKK"},"content":{"rendered":"<p><a href=\"https:\/\/biblioteka.kolobrzeg.pl\/wp-content\/uploads\/2017\/02\/DKK_logotyp.jpeg\" data-rel=\"lightbox-image-0\" data-rl_title=\"\" data-rl_caption=\"\" title=\"\"><img loading=\"lazy\" decoding=\"async\" class=\"alignleft wp-image-1725 size-thumbnail\" src=\"https:\/\/biblioteka.kolobrzeg.pl\/wp-content\/uploads\/2017\/02\/DKK_logotyp-150x150.jpeg\" alt=\"DKK logo\" width=\"150\" height=\"150\" srcset=\"https:\/\/biblioteka.kolobrzeg.pl\/wp-content\/uploads\/2017\/02\/DKK_logotyp-150x150.jpeg 150w, https:\/\/biblioteka.kolobrzeg.pl\/wp-content\/uploads\/2017\/02\/DKK_logotyp-144x144.jpeg 144w\" sizes=\"auto, (max-width: 150px) 100vw, 150px\" \/><\/a>Helena Karpi\u0144ska pisz\u0105c swoje powiastki do szuflady, nie spodziewa\u0142a si\u0119 jak wiele rado\u015bci sprawi czytelnikom, wydana przez wnuka Jacka Dehnela, lektura jej ksi\u0105\u017cki.<!--more--> \u201e\u017bycie Lali przez ni\u0105 sam\u0105 opowiedziane\u201d to ciep\u0142e, m\u0105dre historie minionego stulecia, kt\u00f3re prze\u017cy\u0142a autorka. Rado\u015b\u0107 z ciekawej lektury dope\u0142ni\u0142a niespodzianka jak\u0105 przygotowa\u0142a jedna z Uczestniczek spotka\u0144 Dyskusyjnych Klub\u00f3w Ksi\u0105\u017cki. Podzieli\u0142a si\u0119 pi\u0119knymi pracami, kt\u00f3re s\u0105 efektem jej pasji i wyobra\u017ani.<\/p>\n<p>&nbsp;<\/p>\n","protected":false},"excerpt":{"rendered":"<p>Helena Karpi\u0144ska pisz\u0105c swoje powiastki do szuflady, nie spodziewa\u0142a si\u0119 jak wiele rado\u015bci sprawi czytelnikom, wydana przez wnuka Jacka Dehnela, lektura jej ksi\u0105\u017cki.<\/p><p><a class=\"more-link block-button\" href=\"https:\/\/biblioteka.kolobrzeg.pl\/index.php\/2018\/02\/14\/spotkanie-dkk-16\/\">Kontynuuj czytanie &raquo;<\/a><\/p>\n","protected":false},"author":1,"featured_media":1725,"comment_status":"closed","ping_status":"closed","sticky":false,"template":"","format":"standard","meta":{"jetpack_post_was_ever_published":false,"_jetpack_newsletter_access":"","_jetpack_dont_email_post_to_subs":false,"_jetpack_newsletter_tier_id":0,"_jetpack_memberships_contains_paywalled_content":false,"_jetpack_memberships_contains_paid_content":false,"footnotes":"","jetpack_publicize_message":"","jetpack_publicize_feature_enabled":true,"jetpack_social_post_already_shared":false,"jetpack_social_options":{"image_generator_settings":{"template":"highway","default_image_id":0,"font":"","enabled":false},"version":2}},"categories":[18],"tags":[29,30],"class_list":["post-4239","post","type-post","status-publish","format-standard","has-post-thumbnail","hentry","category-dkk","tag-dkk","tag-spotkanie"],"jetpack_publicize_connections":[],"jetpack_featured_media_url":"https:\/\/biblioteka.kolobrzeg.pl\/wp-content\/uploads\/2017\/02\/DKK_logotyp.jpeg","jetpack_likes_enabled":true,"jetpack_sharing_enabled":true,"_links":{"self":[{"href":"https:\/\/biblioteka.kolobrzeg.pl\/index.php\/wp-json\/wp\/v2\/posts\/4239","targetHints":{"allow":["GET"]}}],"collection":[{"href":"https:\/\/biblioteka.kolobrzeg.pl\/index.php\/wp-json\/wp\/v2\/posts"}],"about":[{"href":"https:\/\/biblioteka.kolobrzeg.pl\/index.php\/wp-json\/wp\/v2\/types\/post"}],"author":[{"embeddable":true,"href":"https:\/\/biblioteka.kolobrzeg.pl\/index.php\/wp-json\/wp\/v2\/users\/1"}],"replies":[{"embeddable":true,"href":"https:\/\/biblioteka.kolobrzeg.pl\/index.php\/wp-json\/wp\/v2\/comments?post=4239"}],"version-history":[{"count":0,"href":"https:\/\/biblioteka.kolobrzeg.pl\/index.php\/wp-json\/wp\/v2\/posts\/4239\/revisions"}],"wp:featuredmedia":[{"embeddable":true,"href":"https:\/\/biblioteka.kolobrzeg.pl\/index.php\/wp-json\/wp\/v2\/media\/1725"}],"wp:attachment":[{"href":"https:\/\/biblioteka.kolobrzeg.pl\/index.php\/wp-json\/wp\/v2\/media?parent=4239"}],"wp:term":[{"taxonomy":"category","embeddable":true,"href":"https:\/\/biblioteka.kolobrzeg.pl\/index.php\/wp-json\/wp\/v2\/categories?post=4239"},{"taxonomy":"post_tag","embeddable":true,"href":"https:\/\/biblioteka.kolobrzeg.pl\/index.php\/wp-json\/wp\/v2\/tags?post=4239"}],"curies":[{"name":"wp","href":"https:\/\/api.w.org\/{rel}","templated":true}]}}