{"id":4774,"date":"2018-04-27T18:11:06","date_gmt":"2018-04-27T16:11:06","guid":{"rendered":"https:\/\/biblioteka.kolobrzeg.pl\/?p=4774"},"modified":"2018-05-07T10:30:10","modified_gmt":"2018-05-07T08:30:10","slug":"powojenny-kolobrzeg-spotkanie-autorskie","status":"publish","type":"post","link":"https:\/\/biblioteka.kolobrzeg.pl\/index.php\/2018\/04\/27\/powojenny-kolobrzeg-spotkanie-autorskie\/","title":{"rendered":"Powojenny Ko\u0142obrzeg &#8211; spotkanie autorskie"},"content":{"rendered":"<p><a href=\"https:\/\/biblioteka.kolobrzeg.pl\/wp-content\/uploads\/2018\/04\/spotkanieaut2704186.jpg\" data-rel=\"lightbox-image-0\" data-rl_title=\"\" data-rl_caption=\"\" title=\"\"><img loading=\"lazy\" decoding=\"async\" class=\"alignleft wp-image-4838 size-thumbnail\" src=\"https:\/\/biblioteka.kolobrzeg.pl\/wp-content\/uploads\/2018\/04\/spotkanieaut2704186-150x150.jpg\" alt=\"Spotkanie autorskie Powojenny Ko\u0142obrzeg\" width=\"150\" height=\"150\" srcset=\"https:\/\/biblioteka.kolobrzeg.pl\/wp-content\/uploads\/2018\/04\/spotkanieaut2704186-150x150.jpg 150w, https:\/\/biblioteka.kolobrzeg.pl\/wp-content\/uploads\/2018\/04\/spotkanieaut2704186-144x144.jpg 144w\" sizes=\"auto, (max-width: 150px) 100vw, 150px\" \/><\/a>W Bibliotece mia\u0142o miejsce spotkanie promuj\u0105ce pierwsze dwa tomy &#8222;Rocznika Ko\u0142obrzeskiego&#8221;. Autorzy uczestnicz\u0105cy w spotkaniu &#8211; dr. Hieronim Kroczy\u0144ski, Wojciech Owsianowski, Marek Padjas, Antoni Szarmach, Kazimierz Ratajczyk (Wydawnictwo Reda).<\/p>\n<p><!--more--><\/p>\n<p>\u201eRocznik Ko\u0142obrzeski\u201d. Wydawnictwo REDA &#8211; \u201eZamierzeniem naszym jest zaprezentowanie dziej\u00f3w Ko\u0142obrzegu nie tylko z czas\u00f3w do drugiej wojny \u015bwiatowej ale przede wszystkim po 1945 roku, kiedy Ko\u0142obrzeg znalaz\u0142 si\u0119 w granicach pa\u0144stwa polskiego. Historia powojennego Ko\u0142obrzegu by\u0142a pisana przez ludzi, kt\u00f3rzy przybyli do tego zrujnowanego miasta nad Pars\u0119t\u0105 z ca\u0142ej Polski, a tak\u017ce z Litwy, Bia\u0142orusi, zza Buga i z innych stron Europy. (\u2026) Zamys\u0142em naszym jest, aby zamieszczane artyku\u0142y i wspomnienia przybli\u017cy\u0142y m\u0142odym pokoleniom Polak\u00f3w histori\u0119 tworzon\u0105 przez ich przodk\u00f3w\u201d. [Ze wst\u0119pu Wydawcy, Kazimierza Ratajczyka]<\/p>\n\n\t\t<style type=\"text\/css\">\n\t\t\t#gallery-1 {\n\t\t\t\tmargin: auto;\n\t\t\t}\n\t\t\t#gallery-1 .gallery-item {\n\t\t\t\tfloat: left;\n\t\t\t\tmargin-top: 10px;\n\t\t\t\ttext-align: center;\n\t\t\t\twidth: 33%;\n\t\t\t}\n\t\t\t#gallery-1 img {\n\t\t\t\tborder: 2px solid #cfcfcf;\n\t\t\t}\n\t\t\t#gallery-1 .gallery-caption {\n\t\t\t\tmargin-left: 0;\n\t\t\t}\n\t\t\t\/* see gallery_shortcode() in wp-includes\/media.php *\/\n\t\t<\/style>\n\t\t<div id='gallery-1' class='gallery galleryid-4774 gallery-columns-3 gallery-size-thumbnail'><dl class='gallery-item'>\n\t\t\t<dt class='gallery-icon landscape'>\n\t\t\t\t<a href='https:\/\/biblioteka.kolobrzeg.pl\/wp-content\/uploads\/2018\/04\/spotkanieaut2704183.jpg' title=\"\" data-rl_title=\"\" class=\"rl-gallery-link\" data-rl_caption=\"\" data-rel=\"lightbox-gallery-1\"><img loading=\"lazy\" decoding=\"async\" width=\"150\" height=\"150\" src=\"https:\/\/biblioteka.kolobrzeg.pl\/wp-content\/uploads\/2018\/04\/spotkanieaut2704183-150x150.jpg\" class=\"attachment-thumbnail size-thumbnail\" alt=\"Spotkanie autorskie Powojenny Ko\u0142obrzeg\" srcset=\"https:\/\/biblioteka.kolobrzeg.pl\/wp-content\/uploads\/2018\/04\/spotkanieaut2704183-150x150.jpg 150w, https:\/\/biblioteka.kolobrzeg.pl\/wp-content\/uploads\/2018\/04\/spotkanieaut2704183-144x144.jpg 144w\" sizes=\"auto, (max-width: 150px) 100vw, 150px\" \/><\/a>\n\t\t\t<\/dt><\/dl><dl class='gallery-item'>\n\t\t\t<dt class='gallery-icon landscape'>\n\t\t\t\t<a href='https:\/\/biblioteka.kolobrzeg.pl\/wp-content\/uploads\/2018\/04\/spotkanieaut2704184.jpg' title=\"\" data-rl_title=\"\" class=\"rl-gallery-link\" data-rl_caption=\"\" data-rel=\"lightbox-gallery-1\"><img loading=\"lazy\" decoding=\"async\" width=\"150\" height=\"150\" src=\"https:\/\/biblioteka.kolobrzeg.pl\/wp-content\/uploads\/2018\/04\/spotkanieaut2704184-150x150.jpg\" class=\"attachment-thumbnail size-thumbnail\" alt=\"Spotkanie autorskie Powojenny Ko\u0142obrzeg\" srcset=\"https:\/\/biblioteka.kolobrzeg.pl\/wp-content\/uploads\/2018\/04\/spotkanieaut2704184-150x150.jpg 150w, https:\/\/biblioteka.kolobrzeg.pl\/wp-content\/uploads\/2018\/04\/spotkanieaut2704184-144x144.jpg 144w\" sizes=\"auto, (max-width: 150px) 100vw, 150px\" \/><\/a>\n\t\t\t<\/dt><\/dl><dl class='gallery-item'>\n\t\t\t<dt class='gallery-icon landscape'>\n\t\t\t\t<a href='https:\/\/biblioteka.kolobrzeg.pl\/wp-content\/uploads\/2018\/04\/spotkanieaut2704185.jpg' title=\"\" data-rl_title=\"\" class=\"rl-gallery-link\" data-rl_caption=\"\" data-rel=\"lightbox-gallery-1\"><img loading=\"lazy\" decoding=\"async\" width=\"150\" height=\"150\" src=\"https:\/\/biblioteka.kolobrzeg.pl\/wp-content\/uploads\/2018\/04\/spotkanieaut2704185-150x150.jpg\" class=\"attachment-thumbnail size-thumbnail\" alt=\"Spotkanie autorskie Powojenny Ko\u0142obrzeg\" srcset=\"https:\/\/biblioteka.kolobrzeg.pl\/wp-content\/uploads\/2018\/04\/spotkanieaut2704185-150x150.jpg 150w, https:\/\/biblioteka.kolobrzeg.pl\/wp-content\/uploads\/2018\/04\/spotkanieaut2704185-144x144.jpg 144w\" sizes=\"auto, (max-width: 150px) 100vw, 150px\" \/><\/a>\n\t\t\t<\/dt><\/dl><br style=\"clear: both\" \/><dl class='gallery-item'>\n\t\t\t<dt class='gallery-icon landscape'>\n\t\t\t\t<a href='https:\/\/biblioteka.kolobrzeg.pl\/wp-content\/uploads\/2018\/04\/spotkanieaut2704186.jpg' title=\"\" data-rl_title=\"\" class=\"rl-gallery-link\" data-rl_caption=\"\" data-rel=\"lightbox-gallery-1\"><img loading=\"lazy\" decoding=\"async\" width=\"150\" height=\"150\" src=\"https:\/\/biblioteka.kolobrzeg.pl\/wp-content\/uploads\/2018\/04\/spotkanieaut2704186-150x150.jpg\" class=\"attachment-thumbnail size-thumbnail\" alt=\"Spotkanie autorskie Powojenny Ko\u0142obrzeg\" srcset=\"https:\/\/biblioteka.kolobrzeg.pl\/wp-content\/uploads\/2018\/04\/spotkanieaut2704186-150x150.jpg 150w, https:\/\/biblioteka.kolobrzeg.pl\/wp-content\/uploads\/2018\/04\/spotkanieaut2704186-144x144.jpg 144w\" sizes=\"auto, (max-width: 150px) 100vw, 150px\" \/><\/a>\n\t\t\t<\/dt><\/dl><dl class='gallery-item'>\n\t\t\t<dt class='gallery-icon landscape'>\n\t\t\t\t<a href='https:\/\/biblioteka.kolobrzeg.pl\/wp-content\/uploads\/2018\/04\/spotkanieaut2704181.jpg' title=\"\" data-rl_title=\"\" class=\"rl-gallery-link\" data-rl_caption=\"\" data-rel=\"lightbox-gallery-1\"><img loading=\"lazy\" decoding=\"async\" width=\"150\" height=\"150\" src=\"https:\/\/biblioteka.kolobrzeg.pl\/wp-content\/uploads\/2018\/04\/spotkanieaut2704181-150x150.jpg\" class=\"attachment-thumbnail size-thumbnail\" alt=\"Spotkanie autorskie Powojenny Ko\u0142obrzeg\" srcset=\"https:\/\/biblioteka.kolobrzeg.pl\/wp-content\/uploads\/2018\/04\/spotkanieaut2704181-150x150.jpg 150w, https:\/\/biblioteka.kolobrzeg.pl\/wp-content\/uploads\/2018\/04\/spotkanieaut2704181-144x144.jpg 144w\" sizes=\"auto, (max-width: 150px) 100vw, 150px\" \/><\/a>\n\t\t\t<\/dt><\/dl><dl class='gallery-item'>\n\t\t\t<dt class='gallery-icon landscape'>\n\t\t\t\t<a href='https:\/\/biblioteka.kolobrzeg.pl\/wp-content\/uploads\/2018\/04\/spotkanieaut2704182.jpg' title=\"\" data-rl_title=\"\" class=\"rl-gallery-link\" data-rl_caption=\"\" data-rel=\"lightbox-gallery-1\"><img loading=\"lazy\" decoding=\"async\" width=\"150\" height=\"150\" src=\"https:\/\/biblioteka.kolobrzeg.pl\/wp-content\/uploads\/2018\/04\/spotkanieaut2704182-150x150.jpg\" class=\"attachment-thumbnail size-thumbnail\" alt=\"Spotkanie autorskie Powojenny Ko\u0142obrzeg\" srcset=\"https:\/\/biblioteka.kolobrzeg.pl\/wp-content\/uploads\/2018\/04\/spotkanieaut2704182-150x150.jpg 150w, https:\/\/biblioteka.kolobrzeg.pl\/wp-content\/uploads\/2018\/04\/spotkanieaut2704182-144x144.jpg 144w\" sizes=\"auto, (max-width: 150px) 100vw, 150px\" \/><\/a>\n\t\t\t<\/dt><\/dl><br style=\"clear: both\" \/>\n\t\t<\/div>\n\n","protected":false},"excerpt":{"rendered":"<p>W Bibliotece mia\u0142o miejsce spotkanie promuj\u0105ce pierwsze dwa tomy &#8222;Rocznika Ko\u0142obrzeskiego&#8221;. Autorzy uczestnicz\u0105cy w spotkaniu &#8211; dr. Hieronim Kroczy\u0144ski, Wojciech Owsianowski, Marek Padjas, Antoni Szarmach, Kazimierz Ratajczyk (Wydawnictwo Reda).<\/p><p><a class=\"more-link block-button\" href=\"https:\/\/biblioteka.kolobrzeg.pl\/index.php\/2018\/04\/27\/powojenny-kolobrzeg-spotkanie-autorskie\/\">Kontynuuj czytanie &raquo;<\/a><\/p>\n","protected":false},"author":1,"featured_media":4838,"comment_status":"closed","ping_status":"closed","sticky":false,"template":"","format":"standard","meta":{"jetpack_post_was_ever_published":false,"_jetpack_newsletter_access":"","_jetpack_dont_email_post_to_subs":false,"_jetpack_newsletter_tier_id":0,"_jetpack_memberships_contains_paywalled_content":false,"_jetpack_memberships_contains_paid_content":false,"footnotes":"","jetpack_publicize_message":"","jetpack_publicize_feature_enabled":true,"jetpack_social_post_already_shared":true,"jetpack_social_options":{"image_generator_settings":{"template":"highway","default_image_id":0,"font":"","enabled":false},"version":2}},"categories":[21],"tags":[37,30],"class_list":["post-4774","post","type-post","status-publish","format-standard","has-post-thumbnail","hentry","category-spotkania","tag-autorskie","tag-spotkanie"],"jetpack_publicize_connections":[],"jetpack_featured_media_url":"https:\/\/biblioteka.kolobrzeg.pl\/wp-content\/uploads\/2018\/04\/spotkanieaut2704186.jpg","jetpack_likes_enabled":true,"jetpack_sharing_enabled":true,"_links":{"self":[{"href":"https:\/\/biblioteka.kolobrzeg.pl\/index.php\/wp-json\/wp\/v2\/posts\/4774","targetHints":{"allow":["GET"]}}],"collection":[{"href":"https:\/\/biblioteka.kolobrzeg.pl\/index.php\/wp-json\/wp\/v2\/posts"}],"about":[{"href":"https:\/\/biblioteka.kolobrzeg.pl\/index.php\/wp-json\/wp\/v2\/types\/post"}],"author":[{"embeddable":true,"href":"https:\/\/biblioteka.kolobrzeg.pl\/index.php\/wp-json\/wp\/v2\/users\/1"}],"replies":[{"embeddable":true,"href":"https:\/\/biblioteka.kolobrzeg.pl\/index.php\/wp-json\/wp\/v2\/comments?post=4774"}],"version-history":[{"count":0,"href":"https:\/\/biblioteka.kolobrzeg.pl\/index.php\/wp-json\/wp\/v2\/posts\/4774\/revisions"}],"wp:featuredmedia":[{"embeddable":true,"href":"https:\/\/biblioteka.kolobrzeg.pl\/index.php\/wp-json\/wp\/v2\/media\/4838"}],"wp:attachment":[{"href":"https:\/\/biblioteka.kolobrzeg.pl\/index.php\/wp-json\/wp\/v2\/media?parent=4774"}],"wp:term":[{"taxonomy":"category","embeddable":true,"href":"https:\/\/biblioteka.kolobrzeg.pl\/index.php\/wp-json\/wp\/v2\/categories?post=4774"},{"taxonomy":"post_tag","embeddable":true,"href":"https:\/\/biblioteka.kolobrzeg.pl\/index.php\/wp-json\/wp\/v2\/tags?post=4774"}],"curies":[{"name":"wp","href":"https:\/\/api.w.org\/{rel}","templated":true}]}}