{"id":5066,"date":"2018-05-30T13:44:41","date_gmt":"2018-05-30T11:44:41","guid":{"rendered":"https:\/\/biblioteka.kolobrzeg.pl\/?p=5066"},"modified":"2018-06-11T15:38:41","modified_gmt":"2018-06-11T13:38:41","slug":"noc-bibliotek-2","status":"publish","type":"post","link":"https:\/\/biblioteka.kolobrzeg.pl\/index.php\/2018\/05\/30\/noc-bibliotek-2\/","title":{"rendered":"Noc Bibliotek"},"content":{"rendered":"<p><a href=\"https:\/\/biblioteka.kolobrzeg.pl\/wp-content\/uploads\/2018\/05\/nocbib2018.jpg\" data-rel=\"lightbox-image-0\" data-rl_title=\"\" data-rl_caption=\"\" title=\"\"><img loading=\"lazy\" decoding=\"async\" class=\"alignleft wp-image-5067\" src=\"https:\/\/biblioteka.kolobrzeg.pl\/wp-content\/uploads\/2018\/05\/nocbib2018.jpg\" alt=\"Noc bibliotek plakat\" width=\"106\" height=\"150\" srcset=\"https:\/\/biblioteka.kolobrzeg.pl\/wp-content\/uploads\/2018\/05\/nocbib2018.jpg 425w, https:\/\/biblioteka.kolobrzeg.pl\/wp-content\/uploads\/2018\/05\/nocbib2018-213x300.jpg 213w\" sizes=\"auto, (max-width: 106px) 100vw, 106px\" \/><\/a><\/p>\n<h2><strong>Noc Bibliotek<\/strong><\/h2>\n<p>\u201e\u015aled\u017a\u201d \u2026 bibliotek\u0119<\/p>\n<p><strong>9.06.2018<\/strong><br \/>\nRozpocz\u0119cie o godz. 17:00.<br \/>\nMiejsce: Miejska Biblioteka Publiczna ul. J. Frankowskiego 3<!--more--><\/p>\n<p>&nbsp;<\/p>\n<p>W programie:<\/p>\n<ul>\n<li><strong>Morskie Opowie\u015bci z Teatrem Katarynka<\/strong> \u2013 spektakl oraz animacje dla dzieci; godz. 17.00-20.00<\/li>\n<li><strong>Kiermasz \u201eNie tylko pomorskie tradycje\u201d<\/strong> &#8211; Izba Tw\u00f3rczo\u015bci Swobodnej ,,Scrapbiniec\u201d- Drzonowo; \u201eM\u0142odzi Duchem\u201d Klub Seniora Gminy Ko\u0142obrzeg ; od godz. 18.00<\/li>\n<li><strong>Pars\u0119t\u0105 do Morza<\/strong> \u2013 wystawa prac Ko\u0142obrzeskiego Towarzystwa Fotograficznego; godz. 18.00<\/li>\n<li><strong>Sahara: pustynia niejedno ma imi\u0119<\/strong> \u2013 spotkanie z podr\u00f3\u017cnikiem Piotrem Kowalczykiem ; godz. 18.30<\/li>\n<li><strong>Meksyk<\/strong> &#8211; podr\u00f3\u017cnicze refleksje Marty Pieprzyk; ok.20.00<\/li>\n<li><strong>\u015aledzik\u2026 jak dawniej bywa\u0142o<\/strong> &#8211; degustacja &#8211; potrawy wg dawnych receptur Laboratorium Pomys\u0142\u00f3w oraz wsp\u00f3\u0142czesne Nordfish-Foodmark z Charzyna;<br \/>\nok. godz. 21.00<\/li>\n<li><strong>Ko\u0142obrzeska piosenka<\/strong> &#8211; koncert Janusza Struga\u0142y; ok. godz. 21.30<\/li>\n<li><strong>Nawigacja wczesno\u015bredniowieczna<\/strong> \u2013 opowie\u015bci Jaros\u0142awa Bogus\u0142awskiego;<br \/>\nok. 22.30<\/li>\n<\/ul>\n<p>Biblioteka Miejska, ul. Jana Frankowskiego 3;<br \/>\ngodz. 17.00.<br \/>\nWst\u0119p wolny<\/p>\n","protected":false},"excerpt":{"rendered":"<p>Noc Bibliotek \u201e\u015aled\u017a\u201d \u2026 bibliotek\u0119 9.06.2018 Rozpocz\u0119cie o godz. 17:00. Miejsce: Miejska Biblioteka Publiczna ul. J. Frankowskiego 3<\/p><p><a class=\"more-link block-button\" href=\"https:\/\/biblioteka.kolobrzeg.pl\/index.php\/2018\/05\/30\/noc-bibliotek-2\/\">Kontynuuj czytanie &raquo;<\/a><\/p>\n","protected":false},"author":1,"featured_media":5067,"comment_status":"closed","ping_status":"closed","sticky":false,"template":"","format":"standard","meta":{"jetpack_post_was_ever_published":false,"_jetpack_newsletter_access":"","_jetpack_dont_email_post_to_subs":false,"_jetpack_newsletter_tier_id":0,"_jetpack_memberships_contains_paywalled_content":false,"_jetpack_memberships_contains_paid_content":false,"footnotes":"","jetpack_publicize_message":"","jetpack_publicize_feature_enabled":true,"jetpack_social_post_already_shared":true,"jetpack_social_options":{"image_generator_settings":{"template":"highway","default_image_id":0,"font":"","enabled":false},"version":2}},"categories":[1],"tags":[253,149,130],"class_list":["post-5066","post","type-post","status-publish","format-standard","has-post-thumbnail","hentry","category-aktualnosci","tag-253","tag-bibliotek","tag-noc"],"jetpack_publicize_connections":[],"jetpack_featured_media_url":"https:\/\/biblioteka.kolobrzeg.pl\/wp-content\/uploads\/2018\/05\/nocbib2018.jpg","jetpack_likes_enabled":true,"jetpack_sharing_enabled":true,"_links":{"self":[{"href":"https:\/\/biblioteka.kolobrzeg.pl\/index.php\/wp-json\/wp\/v2\/posts\/5066","targetHints":{"allow":["GET"]}}],"collection":[{"href":"https:\/\/biblioteka.kolobrzeg.pl\/index.php\/wp-json\/wp\/v2\/posts"}],"about":[{"href":"https:\/\/biblioteka.kolobrzeg.pl\/index.php\/wp-json\/wp\/v2\/types\/post"}],"author":[{"embeddable":true,"href":"https:\/\/biblioteka.kolobrzeg.pl\/index.php\/wp-json\/wp\/v2\/users\/1"}],"replies":[{"embeddable":true,"href":"https:\/\/biblioteka.kolobrzeg.pl\/index.php\/wp-json\/wp\/v2\/comments?post=5066"}],"version-history":[{"count":0,"href":"https:\/\/biblioteka.kolobrzeg.pl\/index.php\/wp-json\/wp\/v2\/posts\/5066\/revisions"}],"wp:featuredmedia":[{"embeddable":true,"href":"https:\/\/biblioteka.kolobrzeg.pl\/index.php\/wp-json\/wp\/v2\/media\/5067"}],"wp:attachment":[{"href":"https:\/\/biblioteka.kolobrzeg.pl\/index.php\/wp-json\/wp\/v2\/media?parent=5066"}],"wp:term":[{"taxonomy":"category","embeddable":true,"href":"https:\/\/biblioteka.kolobrzeg.pl\/index.php\/wp-json\/wp\/v2\/categories?post=5066"},{"taxonomy":"post_tag","embeddable":true,"href":"https:\/\/biblioteka.kolobrzeg.pl\/index.php\/wp-json\/wp\/v2\/tags?post=5066"}],"curies":[{"name":"wp","href":"https:\/\/api.w.org\/{rel}","templated":true}]}}