{"id":5126,"date":"2018-06-11T11:59:59","date_gmt":"2018-06-11T09:59:59","guid":{"rendered":"https:\/\/biblioteka.kolobrzeg.pl\/?p=5126"},"modified":"2018-09-10T11:35:02","modified_gmt":"2018-09-10T09:35:02","slug":"wystawa-4","status":"publish","type":"post","link":"https:\/\/biblioteka.kolobrzeg.pl\/index.php\/2018\/06\/11\/wystawa-4\/","title":{"rendered":"Wystawa"},"content":{"rendered":"<p><a href=\"https:\/\/biblioteka.kolobrzeg.pl\/wp-content\/uploads\/2018\/06\/wystparseta2018.jpg\" data-rel=\"lightbox-image-0\" data-rl_title=\"\" data-rl_caption=\"\" title=\"\"><img loading=\"lazy\" decoding=\"async\" class=\"alignleft wp-image-5191\" src=\"https:\/\/biblioteka.kolobrzeg.pl\/wp-content\/uploads\/2018\/06\/wystparseta2018.jpg\" alt=\"Wystawa Pars\u0119ta\" width=\"189\" height=\"150\" srcset=\"https:\/\/biblioteka.kolobrzeg.pl\/wp-content\/uploads\/2018\/06\/wystparseta2018.jpg 749w, https:\/\/biblioteka.kolobrzeg.pl\/wp-content\/uploads\/2018\/06\/wystparseta2018-300x239.jpg 300w\" sizes=\"auto, (max-width: 189px) 100vw, 189px\" \/><\/a>Serdecznie zach\u0119camy Pa\u0144stwa do zapoznania si\u0119 z wystaw\u0105 \u201ePars\u0119t\u0105 do morza\u201d, kt\u00f3ra b\u0119dzie prezentowana od czerwca do sierpnia 2018 roku w Sali wystawowej Biblioteki (ul. Jana Frankowskiego 3, I pi\u0119tro).<!--more--><\/p>\n<p style=\"text-align: center;\"><strong>Wystawa &#8222;Pars\u0119t\u0105 do Morza&#8221;<\/strong><\/p>\n<p>jest efektem pleneru fotograficznego, sp\u0142ywu \u0142odziami pn. \u201ePARS\u0118TA- 2014\u201d cz\u0142onk\u00f3w Ko\u0142obrzeskiego Towarzystwa Fotograficznego (KTF ), kt\u00f3ry odby\u0142 si\u0119 w sierpniu 2014 roku w 40. lecie dzia\u0142alno\u015bci Towarzystwa.<\/p>\n<p>Uczestnikami pleneru byli: Grzegorz Podbia\u0142; Witold Kucaj; Jerzy B\u0142a\u017cy\u0144ski; Ewa Podbia\u0142; Teresa Witkowska; Kamil Ratajczyk; Zygmunt Wysocki; Kazimierz Ratajczyk.<\/p>\n<p>Ko\u0142obrzeskie Towarzystwo Fotograficzne powsta\u0142o w 1974 r. Jego cz\u0142onkami zostali uczestnicy dzia\u0142aj\u0105cego ju\u017c Klubu Fotograficznego przy Powiatowym Domu Kultury. Siedzib\u0105 klubu by\u0142o dobrze wyposa\u017cone laboratorium, w cz\u0119\u015bci parterowej Biblioteki im Galla Anonima przy ul. Rzecznej. Nast\u0119pnie KTF zosta\u0142o cz\u0142onkiem Polskiej Federacji\u00a0 matorskich Stowarzysze\u0144 Fotograficznych w Polsce (PFASFwP). Cz\u0142onkowie towarzystwa<br \/>\nuczestniczyli w posiedzeniach i plenerach organizowanych przez federacj\u0119.<\/p>\n<p>W 1986 roku KTF by\u0142o organizatorem Og\u00f3lnopolskiego Pleneru Fotograficznego pod patronatem Federacji pt. KO\u0141OBRZEG \u2013 86. Bra\u0142o w nim udzia\u0142 80 fotografik\u00f3w z ca\u0142ego kraju. Uczestnicy pleneru fotografowali mi\u0119dzy innymi prac\u0119 rybak\u00f3w w ko\u0142obrzeskim Przedsi\u0119biorstwie Po\u0142ow\u00f3w i Us\u0142ug Rybackich \u201eBarka\u201d, w Sp\u00f3\u0142dzielni Rybo\u0142\u00f3wstwa Morskiego \u201eBa\u0142tyk\u201d , prac\u0119 doker\u00f3w i marynarzy w porcie handlowym Polskiej \u017beglugi Ba\u0142tyckiej (P\u017bB), a tak\u017ce krajobrazy morskie ko\u0142obrzeskiej pla\u017cy i wydm.<\/p>\n<p>Na prze\u0142omie lat 70 i 80 -tych XX wieku Ko\u0142obrzeskie Towarzystwo by\u0142o organizatorem 15. Og\u00f3lnopolskich Konkurs\u00f3w Fotograficznych na zlecenie Ko\u0142obrzeskiego Przedsi\u0119biorstwa Turystycznego \u201eBa\u0142tywia\u201d. Ponadto na zlecenie Morskiego O\u015brodka Kultury przy P\u017bB towarzystwo by\u0142o organizatorem 10 konkurs\u00f3w fotograficznych pt. \u201eMorze\u201d.<br \/>\nCz\u0142onkowie Ko\u0142obrzeskiego Towarzystwa Fotograficznego w latach 1978 \u2013 2013 wsp\u00f3\u0142pracowali z FOTO CLUB<br \/>\nEggesin w Niemczech (pow. Ueckermunde). Odbywali wsp\u00f3lne plenery mi\u0119dzy innymi na wyspie Rugia i<br \/>\nHiddensee, podczas Tygodnia Zatoki, w Schwerinie, a tak\u017ce na Wydmach \u0141ebskich, na terenie Szwajcarii<br \/>\nPo\u0142czy\u0144skiej, w Gda\u0144sku.<\/p>\n<p style=\"text-align: center;\"><strong>Wystawa &#8222;Pars\u0119t\u0105 do Morza&#8221;<\/strong><\/p>\n<p style=\"text-align: center;\">jest efektem pleneru fotograficznego, sp\u0142ywu \u0142odziami pn. \u201ePARS\u0118TA- 2014\u201d cz\u0142onk\u00f3w<br \/>\nKo\u0142obrzeskiego Towarzystwa Fotograficznego (KTF ), kt\u00f3ry odby\u0142 si\u0119 w sierpniu 2014 roku<br \/>\nw 40. lecie dzia\u0142alno\u015bci Towarzystwa.<\/p>\n<p style=\"text-align: center;\">Uczestnikami pleneru byli: Grzegorz Podbia\u0142; Witold Kucaj; Jerzy B\u0142a\u017cy\u0144ski; Ewa Podbia\u0142; Teresa<br \/>\nWitkowska; Kamil Ratajczyk; Zygmunt Wysocki; Kazimierz Ratajczyk.<\/p>\n","protected":false},"excerpt":{"rendered":"<p>Serdecznie zach\u0119camy Pa\u0144stwa do zapoznania si\u0119 z wystaw\u0105 \u201ePars\u0119t\u0105 do morza\u201d, kt\u00f3ra b\u0119dzie prezentowana od czerwca do sierpnia 2018 roku w Sali wystawowej Biblioteki (ul. Jana Frankowskiego 3, I pi\u0119tro).<\/p><p><a class=\"more-link block-button\" href=\"https:\/\/biblioteka.kolobrzeg.pl\/index.php\/2018\/06\/11\/wystawa-4\/\">Kontynuuj czytanie &raquo;<\/a><\/p>\n","protected":false},"author":1,"featured_media":5191,"comment_status":"closed","ping_status":"closed","sticky":false,"template":"","format":"standard","meta":{"jetpack_post_was_ever_published":false,"_jetpack_newsletter_access":"","_jetpack_dont_email_post_to_subs":false,"_jetpack_newsletter_tier_id":0,"_jetpack_memberships_contains_paywalled_content":false,"_jetpack_memberships_contains_paid_content":false,"footnotes":"","jetpack_publicize_message":"","jetpack_publicize_feature_enabled":true,"jetpack_social_post_already_shared":true,"jetpack_social_options":{"image_generator_settings":{"template":"highway","default_image_id":0,"font":"","enabled":false},"version":2}},"categories":[22],"tags":[71],"class_list":["post-5126","post","type-post","status-publish","format-standard","has-post-thumbnail","hentry","category-wystawy","tag-wystawa"],"jetpack_publicize_connections":[],"jetpack_featured_media_url":"https:\/\/biblioteka.kolobrzeg.pl\/wp-content\/uploads\/2018\/06\/wystparseta2018.jpg","jetpack_likes_enabled":true,"jetpack_sharing_enabled":true,"_links":{"self":[{"href":"https:\/\/biblioteka.kolobrzeg.pl\/index.php\/wp-json\/wp\/v2\/posts\/5126","targetHints":{"allow":["GET"]}}],"collection":[{"href":"https:\/\/biblioteka.kolobrzeg.pl\/index.php\/wp-json\/wp\/v2\/posts"}],"about":[{"href":"https:\/\/biblioteka.kolobrzeg.pl\/index.php\/wp-json\/wp\/v2\/types\/post"}],"author":[{"embeddable":true,"href":"https:\/\/biblioteka.kolobrzeg.pl\/index.php\/wp-json\/wp\/v2\/users\/1"}],"replies":[{"embeddable":true,"href":"https:\/\/biblioteka.kolobrzeg.pl\/index.php\/wp-json\/wp\/v2\/comments?post=5126"}],"version-history":[{"count":0,"href":"https:\/\/biblioteka.kolobrzeg.pl\/index.php\/wp-json\/wp\/v2\/posts\/5126\/revisions"}],"wp:featuredmedia":[{"embeddable":true,"href":"https:\/\/biblioteka.kolobrzeg.pl\/index.php\/wp-json\/wp\/v2\/media\/5191"}],"wp:attachment":[{"href":"https:\/\/biblioteka.kolobrzeg.pl\/index.php\/wp-json\/wp\/v2\/media?parent=5126"}],"wp:term":[{"taxonomy":"category","embeddable":true,"href":"https:\/\/biblioteka.kolobrzeg.pl\/index.php\/wp-json\/wp\/v2\/categories?post=5126"},{"taxonomy":"post_tag","embeddable":true,"href":"https:\/\/biblioteka.kolobrzeg.pl\/index.php\/wp-json\/wp\/v2\/tags?post=5126"}],"curies":[{"name":"wp","href":"https:\/\/api.w.org\/{rel}","templated":true}]}}