{"id":5496,"date":"2018-09-08T13:40:21","date_gmt":"2018-09-08T11:40:21","guid":{"rendered":"https:\/\/biblioteka.kolobrzeg.pl\/?p=5496"},"modified":"2018-09-10T12:03:41","modified_gmt":"2018-09-10T10:03:41","slug":"narodowe-czytanie-2","status":"publish","type":"post","link":"https:\/\/biblioteka.kolobrzeg.pl\/index.php\/2018\/09\/08\/narodowe-czytanie-2\/","title":{"rendered":"Narodowe Czytanie &#8211; fotorelacja"},"content":{"rendered":"<p><a href=\"https:\/\/biblioteka.kolobrzeg.pl\/wp-content\/uploads\/2018\/08\/narodoweczyt08091818.jpg\" data-rel=\"lightbox-image-0\" data-rl_title=\"\" data-rl_caption=\"\" title=\"\"><img loading=\"lazy\" decoding=\"async\" class=\"alignleft wp-image-5544 size-thumbnail\" src=\"https:\/\/biblioteka.kolobrzeg.pl\/wp-content\/uploads\/2018\/08\/narodoweczyt08091818-150x150.jpg\" alt=\"Narodowe Czytanie 2018\" width=\"150\" height=\"150\" srcset=\"https:\/\/biblioteka.kolobrzeg.pl\/wp-content\/uploads\/2018\/08\/narodoweczyt08091818-150x150.jpg 150w, https:\/\/biblioteka.kolobrzeg.pl\/wp-content\/uploads\/2018\/08\/narodoweczyt08091818-144x144.jpg 144w\" sizes=\"auto, (max-width: 150px) 100vw, 150px\" \/><\/a>Tegoroczna ods\u0142ona Narodowego Czytania odby\u0142a si\u0119 w roku 100-lecia odzyskania przez Polsk\u0119 niepodleg\u0142o\u015bci. Lektur\u0105 akcji by\u0142o \u201ePrzedwio\u015bnie\u201d Stefana \u017beromskiego.<!--more--><\/p>\n<p>&nbsp;<\/p>\n<p>&nbsp;<\/p>\n<p>&nbsp;<\/p>\n<p>&nbsp;<\/p>\n\n\t\t<style type=\"text\/css\">\n\t\t\t#gallery-1 {\n\t\t\t\tmargin: auto;\n\t\t\t}\n\t\t\t#gallery-1 .gallery-item {\n\t\t\t\tfloat: left;\n\t\t\t\tmargin-top: 10px;\n\t\t\t\ttext-align: center;\n\t\t\t\twidth: 20%;\n\t\t\t}\n\t\t\t#gallery-1 img {\n\t\t\t\tborder: 2px solid #cfcfcf;\n\t\t\t}\n\t\t\t#gallery-1 .gallery-caption {\n\t\t\t\tmargin-left: 0;\n\t\t\t}\n\t\t\t\/* see gallery_shortcode() in wp-includes\/media.php *\/\n\t\t<\/style>\n\t\t<div id='gallery-1' class='gallery galleryid-5496 gallery-columns-5 gallery-size-thumbnail'><dl class='gallery-item'>\n\t\t\t<dt class='gallery-icon landscape'>\n\t\t\t\t<a href='https:\/\/biblioteka.kolobrzeg.pl\/wp-content\/uploads\/2018\/08\/narodoweczyt08091805.jpg' title=\"\" data-rl_title=\"\" class=\"rl-gallery-link\" data-rl_caption=\"\" data-rel=\"lightbox-gallery-1\"><img loading=\"lazy\" decoding=\"async\" width=\"150\" height=\"150\" src=\"https:\/\/biblioteka.kolobrzeg.pl\/wp-content\/uploads\/2018\/08\/narodoweczyt08091805-150x150.jpg\" class=\"attachment-thumbnail size-thumbnail\" alt=\"Narodowe Czytanie 2018\" srcset=\"https:\/\/biblioteka.kolobrzeg.pl\/wp-content\/uploads\/2018\/08\/narodoweczyt08091805-150x150.jpg 150w, https:\/\/biblioteka.kolobrzeg.pl\/wp-content\/uploads\/2018\/08\/narodoweczyt08091805-144x144.jpg 144w\" sizes=\"auto, (max-width: 150px) 100vw, 150px\" \/><\/a>\n\t\t\t<\/dt><\/dl><dl class='gallery-item'>\n\t\t\t<dt class='gallery-icon landscape'>\n\t\t\t\t<a href='https:\/\/biblioteka.kolobrzeg.pl\/wp-content\/uploads\/2018\/08\/narodoweczyt08091806.jpg' title=\"\" data-rl_title=\"\" class=\"rl-gallery-link\" data-rl_caption=\"\" data-rel=\"lightbox-gallery-1\"><img loading=\"lazy\" decoding=\"async\" width=\"150\" height=\"150\" src=\"https:\/\/biblioteka.kolobrzeg.pl\/wp-content\/uploads\/2018\/08\/narodoweczyt08091806-150x150.jpg\" class=\"attachment-thumbnail size-thumbnail\" alt=\"Narodowe Czytanie 2018\" srcset=\"https:\/\/biblioteka.kolobrzeg.pl\/wp-content\/uploads\/2018\/08\/narodoweczyt08091806-150x150.jpg 150w, https:\/\/biblioteka.kolobrzeg.pl\/wp-content\/uploads\/2018\/08\/narodoweczyt08091806-144x144.jpg 144w\" sizes=\"auto, (max-width: 150px) 100vw, 150px\" \/><\/a>\n\t\t\t<\/dt><\/dl><dl class='gallery-item'>\n\t\t\t<dt class='gallery-icon landscape'>\n\t\t\t\t<a href='https:\/\/biblioteka.kolobrzeg.pl\/wp-content\/uploads\/2018\/08\/narodoweczyt08091807.jpg' title=\"\" data-rl_title=\"\" class=\"rl-gallery-link\" data-rl_caption=\"\" data-rel=\"lightbox-gallery-1\"><img loading=\"lazy\" decoding=\"async\" width=\"150\" height=\"150\" src=\"https:\/\/biblioteka.kolobrzeg.pl\/wp-content\/uploads\/2018\/08\/narodoweczyt08091807-150x150.jpg\" class=\"attachment-thumbnail size-thumbnail\" alt=\"Narodowe Czytanie 2018\" srcset=\"https:\/\/biblioteka.kolobrzeg.pl\/wp-content\/uploads\/2018\/08\/narodoweczyt08091807-150x150.jpg 150w, https:\/\/biblioteka.kolobrzeg.pl\/wp-content\/uploads\/2018\/08\/narodoweczyt08091807-144x144.jpg 144w\" sizes=\"auto, (max-width: 150px) 100vw, 150px\" \/><\/a>\n\t\t\t<\/dt><\/dl><dl class='gallery-item'>\n\t\t\t<dt class='gallery-icon landscape'>\n\t\t\t\t<a href='https:\/\/biblioteka.kolobrzeg.pl\/wp-content\/uploads\/2018\/08\/narodoweczyt08091808.jpg' title=\"\" data-rl_title=\"\" class=\"rl-gallery-link\" data-rl_caption=\"\" data-rel=\"lightbox-gallery-1\"><img loading=\"lazy\" decoding=\"async\" width=\"150\" height=\"150\" src=\"https:\/\/biblioteka.kolobrzeg.pl\/wp-content\/uploads\/2018\/08\/narodoweczyt08091808-150x150.jpg\" class=\"attachment-thumbnail size-thumbnail\" alt=\"Narodowe Czytanie 2018\" srcset=\"https:\/\/biblioteka.kolobrzeg.pl\/wp-content\/uploads\/2018\/08\/narodoweczyt08091808-150x150.jpg 150w, https:\/\/biblioteka.kolobrzeg.pl\/wp-content\/uploads\/2018\/08\/narodoweczyt08091808-144x144.jpg 144w\" sizes=\"auto, (max-width: 150px) 100vw, 150px\" \/><\/a>\n\t\t\t<\/dt><\/dl><dl class='gallery-item'>\n\t\t\t<dt class='gallery-icon landscape'>\n\t\t\t\t<a href='https:\/\/biblioteka.kolobrzeg.pl\/wp-content\/uploads\/2018\/08\/narodoweczyt08091809.jpg' title=\"\" data-rl_title=\"\" class=\"rl-gallery-link\" data-rl_caption=\"\" data-rel=\"lightbox-gallery-1\"><img loading=\"lazy\" decoding=\"async\" width=\"150\" height=\"150\" src=\"https:\/\/biblioteka.kolobrzeg.pl\/wp-content\/uploads\/2018\/08\/narodoweczyt08091809-150x150.jpg\" class=\"attachment-thumbnail size-thumbnail\" alt=\"Narodowe Czytanie 2018\" srcset=\"https:\/\/biblioteka.kolobrzeg.pl\/wp-content\/uploads\/2018\/08\/narodoweczyt08091809-150x150.jpg 150w, https:\/\/biblioteka.kolobrzeg.pl\/wp-content\/uploads\/2018\/08\/narodoweczyt08091809-144x144.jpg 144w\" sizes=\"auto, (max-width: 150px) 100vw, 150px\" \/><\/a>\n\t\t\t<\/dt><\/dl><br style=\"clear: both\" \/><dl class='gallery-item'>\n\t\t\t<dt class='gallery-icon landscape'>\n\t\t\t\t<a href='https:\/\/biblioteka.kolobrzeg.pl\/wp-content\/uploads\/2018\/08\/narodoweczyt08091810.jpg' title=\"\" data-rl_title=\"\" class=\"rl-gallery-link\" data-rl_caption=\"\" data-rel=\"lightbox-gallery-1\"><img loading=\"lazy\" decoding=\"async\" width=\"150\" height=\"150\" src=\"https:\/\/biblioteka.kolobrzeg.pl\/wp-content\/uploads\/2018\/08\/narodoweczyt08091810-150x150.jpg\" class=\"attachment-thumbnail size-thumbnail\" alt=\"Narodowe Czytanie 2018\" srcset=\"https:\/\/biblioteka.kolobrzeg.pl\/wp-content\/uploads\/2018\/08\/narodoweczyt08091810-150x150.jpg 150w, https:\/\/biblioteka.kolobrzeg.pl\/wp-content\/uploads\/2018\/08\/narodoweczyt08091810-144x144.jpg 144w\" sizes=\"auto, (max-width: 150px) 100vw, 150px\" \/><\/a>\n\t\t\t<\/dt><\/dl><dl class='gallery-item'>\n\t\t\t<dt class='gallery-icon landscape'>\n\t\t\t\t<a href='https:\/\/biblioteka.kolobrzeg.pl\/wp-content\/uploads\/2018\/08\/narodoweczyt08091811.jpg' title=\"\" data-rl_title=\"\" class=\"rl-gallery-link\" data-rl_caption=\"\" data-rel=\"lightbox-gallery-1\"><img loading=\"lazy\" decoding=\"async\" width=\"150\" height=\"150\" src=\"https:\/\/biblioteka.kolobrzeg.pl\/wp-content\/uploads\/2018\/08\/narodoweczyt08091811-150x150.jpg\" class=\"attachment-thumbnail size-thumbnail\" alt=\"Narodowe Czytanie 2018\" srcset=\"https:\/\/biblioteka.kolobrzeg.pl\/wp-content\/uploads\/2018\/08\/narodoweczyt08091811-150x150.jpg 150w, https:\/\/biblioteka.kolobrzeg.pl\/wp-content\/uploads\/2018\/08\/narodoweczyt08091811-144x144.jpg 144w\" sizes=\"auto, (max-width: 150px) 100vw, 150px\" \/><\/a>\n\t\t\t<\/dt><\/dl><dl class='gallery-item'>\n\t\t\t<dt class='gallery-icon landscape'>\n\t\t\t\t<a href='https:\/\/biblioteka.kolobrzeg.pl\/wp-content\/uploads\/2018\/08\/narodoweczyt08091812.jpg' title=\"\" data-rl_title=\"\" class=\"rl-gallery-link\" data-rl_caption=\"\" data-rel=\"lightbox-gallery-1\"><img loading=\"lazy\" decoding=\"async\" width=\"150\" height=\"150\" src=\"https:\/\/biblioteka.kolobrzeg.pl\/wp-content\/uploads\/2018\/08\/narodoweczyt08091812-150x150.jpg\" class=\"attachment-thumbnail size-thumbnail\" alt=\"Narodowe Czytanie 2018\" srcset=\"https:\/\/biblioteka.kolobrzeg.pl\/wp-content\/uploads\/2018\/08\/narodoweczyt08091812-150x150.jpg 150w, https:\/\/biblioteka.kolobrzeg.pl\/wp-content\/uploads\/2018\/08\/narodoweczyt08091812-144x144.jpg 144w\" sizes=\"auto, (max-width: 150px) 100vw, 150px\" \/><\/a>\n\t\t\t<\/dt><\/dl><dl class='gallery-item'>\n\t\t\t<dt class='gallery-icon landscape'>\n\t\t\t\t<a href='https:\/\/biblioteka.kolobrzeg.pl\/wp-content\/uploads\/2018\/08\/narodoweczyt08091813.jpg' title=\"\" data-rl_title=\"\" class=\"rl-gallery-link\" data-rl_caption=\"\" data-rel=\"lightbox-gallery-1\"><img loading=\"lazy\" decoding=\"async\" width=\"150\" height=\"150\" src=\"https:\/\/biblioteka.kolobrzeg.pl\/wp-content\/uploads\/2018\/08\/narodoweczyt08091813-150x150.jpg\" class=\"attachment-thumbnail size-thumbnail\" alt=\"Narodowe Czytanie 2018\" srcset=\"https:\/\/biblioteka.kolobrzeg.pl\/wp-content\/uploads\/2018\/08\/narodoweczyt08091813-150x150.jpg 150w, https:\/\/biblioteka.kolobrzeg.pl\/wp-content\/uploads\/2018\/08\/narodoweczyt08091813-144x144.jpg 144w\" sizes=\"auto, (max-width: 150px) 100vw, 150px\" \/><\/a>\n\t\t\t<\/dt><\/dl><dl class='gallery-item'>\n\t\t\t<dt class='gallery-icon landscape'>\n\t\t\t\t<a href='https:\/\/biblioteka.kolobrzeg.pl\/wp-content\/uploads\/2018\/08\/narodoweczyt08091814.jpg' title=\"\" data-rl_title=\"\" class=\"rl-gallery-link\" data-rl_caption=\"\" data-rel=\"lightbox-gallery-1\"><img loading=\"lazy\" decoding=\"async\" width=\"150\" height=\"150\" src=\"https:\/\/biblioteka.kolobrzeg.pl\/wp-content\/uploads\/2018\/08\/narodoweczyt08091814-150x150.jpg\" class=\"attachment-thumbnail size-thumbnail\" alt=\"Narodowe Czytanie 2018\" srcset=\"https:\/\/biblioteka.kolobrzeg.pl\/wp-content\/uploads\/2018\/08\/narodoweczyt08091814-150x150.jpg 150w, https:\/\/biblioteka.kolobrzeg.pl\/wp-content\/uploads\/2018\/08\/narodoweczyt08091814-144x144.jpg 144w\" sizes=\"auto, (max-width: 150px) 100vw, 150px\" \/><\/a>\n\t\t\t<\/dt><\/dl><br style=\"clear: both\" \/><dl class='gallery-item'>\n\t\t\t<dt class='gallery-icon landscape'>\n\t\t\t\t<a href='https:\/\/biblioteka.kolobrzeg.pl\/wp-content\/uploads\/2018\/08\/narodoweczyt08091815.jpg' title=\"\" data-rl_title=\"\" class=\"rl-gallery-link\" data-rl_caption=\"\" data-rel=\"lightbox-gallery-1\"><img loading=\"lazy\" decoding=\"async\" width=\"150\" height=\"150\" src=\"https:\/\/biblioteka.kolobrzeg.pl\/wp-content\/uploads\/2018\/08\/narodoweczyt08091815-150x150.jpg\" class=\"attachment-thumbnail size-thumbnail\" alt=\"Narodowe Czytanie 2018\" srcset=\"https:\/\/biblioteka.kolobrzeg.pl\/wp-content\/uploads\/2018\/08\/narodoweczyt08091815-150x150.jpg 150w, https:\/\/biblioteka.kolobrzeg.pl\/wp-content\/uploads\/2018\/08\/narodoweczyt08091815-144x144.jpg 144w\" sizes=\"auto, (max-width: 150px) 100vw, 150px\" \/><\/a>\n\t\t\t<\/dt><\/dl><dl class='gallery-item'>\n\t\t\t<dt class='gallery-icon landscape'>\n\t\t\t\t<a href='https:\/\/biblioteka.kolobrzeg.pl\/wp-content\/uploads\/2018\/08\/narodoweczyt08091816.jpg' title=\"\" data-rl_title=\"\" class=\"rl-gallery-link\" data-rl_caption=\"\" data-rel=\"lightbox-gallery-1\"><img loading=\"lazy\" decoding=\"async\" width=\"150\" height=\"150\" src=\"https:\/\/biblioteka.kolobrzeg.pl\/wp-content\/uploads\/2018\/08\/narodoweczyt08091816-150x150.jpg\" class=\"attachment-thumbnail size-thumbnail\" alt=\"Narodowe Czytanie 2018\" srcset=\"https:\/\/biblioteka.kolobrzeg.pl\/wp-content\/uploads\/2018\/08\/narodoweczyt08091816-150x150.jpg 150w, https:\/\/biblioteka.kolobrzeg.pl\/wp-content\/uploads\/2018\/08\/narodoweczyt08091816-144x144.jpg 144w\" sizes=\"auto, (max-width: 150px) 100vw, 150px\" \/><\/a>\n\t\t\t<\/dt><\/dl><dl class='gallery-item'>\n\t\t\t<dt class='gallery-icon landscape'>\n\t\t\t\t<a href='https:\/\/biblioteka.kolobrzeg.pl\/wp-content\/uploads\/2018\/08\/narodoweczyt08091817.jpg' title=\"\" data-rl_title=\"\" class=\"rl-gallery-link\" data-rl_caption=\"\" data-rel=\"lightbox-gallery-1\"><img loading=\"lazy\" decoding=\"async\" width=\"150\" height=\"150\" src=\"https:\/\/biblioteka.kolobrzeg.pl\/wp-content\/uploads\/2018\/08\/narodoweczyt08091817-150x150.jpg\" class=\"attachment-thumbnail size-thumbnail\" alt=\"Narodowe Czytanie 2018\" srcset=\"https:\/\/biblioteka.kolobrzeg.pl\/wp-content\/uploads\/2018\/08\/narodoweczyt08091817-150x150.jpg 150w, https:\/\/biblioteka.kolobrzeg.pl\/wp-content\/uploads\/2018\/08\/narodoweczyt08091817-144x144.jpg 144w\" sizes=\"auto, (max-width: 150px) 100vw, 150px\" \/><\/a>\n\t\t\t<\/dt><\/dl><dl class='gallery-item'>\n\t\t\t<dt class='gallery-icon landscape'>\n\t\t\t\t<a href='https:\/\/biblioteka.kolobrzeg.pl\/wp-content\/uploads\/2018\/08\/narodoweczyt08091818.jpg' title=\"\" data-rl_title=\"\" class=\"rl-gallery-link\" data-rl_caption=\"\" data-rel=\"lightbox-gallery-1\"><img loading=\"lazy\" decoding=\"async\" width=\"150\" height=\"150\" src=\"https:\/\/biblioteka.kolobrzeg.pl\/wp-content\/uploads\/2018\/08\/narodoweczyt08091818-150x150.jpg\" class=\"attachment-thumbnail size-thumbnail\" alt=\"Narodowe Czytanie 2018\" srcset=\"https:\/\/biblioteka.kolobrzeg.pl\/wp-content\/uploads\/2018\/08\/narodoweczyt08091818-150x150.jpg 150w, https:\/\/biblioteka.kolobrzeg.pl\/wp-content\/uploads\/2018\/08\/narodoweczyt08091818-144x144.jpg 144w\" sizes=\"auto, (max-width: 150px) 100vw, 150px\" \/><\/a>\n\t\t\t<\/dt><\/dl><dl class='gallery-item'>\n\t\t\t<dt class='gallery-icon landscape'>\n\t\t\t\t<a href='https:\/\/biblioteka.kolobrzeg.pl\/wp-content\/uploads\/2018\/08\/narodoweczyt08091819.jpg' title=\"\" data-rl_title=\"\" class=\"rl-gallery-link\" data-rl_caption=\"\" data-rel=\"lightbox-gallery-1\"><img loading=\"lazy\" decoding=\"async\" width=\"150\" height=\"150\" src=\"https:\/\/biblioteka.kolobrzeg.pl\/wp-content\/uploads\/2018\/08\/narodoweczyt08091819-150x150.jpg\" class=\"attachment-thumbnail size-thumbnail\" alt=\"Narodowe Czytanie 2018\" srcset=\"https:\/\/biblioteka.kolobrzeg.pl\/wp-content\/uploads\/2018\/08\/narodoweczyt08091819-150x150.jpg 150w, https:\/\/biblioteka.kolobrzeg.pl\/wp-content\/uploads\/2018\/08\/narodoweczyt08091819-144x144.jpg 144w\" sizes=\"auto, (max-width: 150px) 100vw, 150px\" \/><\/a>\n\t\t\t<\/dt><\/dl><br style=\"clear: both\" \/><dl class='gallery-item'>\n\t\t\t<dt class='gallery-icon landscape'>\n\t\t\t\t<a href='https:\/\/biblioteka.kolobrzeg.pl\/wp-content\/uploads\/2018\/08\/narodoweczyt08091820.jpg' title=\"\" data-rl_title=\"\" class=\"rl-gallery-link\" data-rl_caption=\"\" data-rel=\"lightbox-gallery-1\"><img loading=\"lazy\" decoding=\"async\" width=\"150\" height=\"150\" src=\"https:\/\/biblioteka.kolobrzeg.pl\/wp-content\/uploads\/2018\/08\/narodoweczyt08091820-150x150.jpg\" class=\"attachment-thumbnail size-thumbnail\" alt=\"Narodowe Czytanie 2018\" srcset=\"https:\/\/biblioteka.kolobrzeg.pl\/wp-content\/uploads\/2018\/08\/narodoweczyt08091820-150x150.jpg 150w, https:\/\/biblioteka.kolobrzeg.pl\/wp-content\/uploads\/2018\/08\/narodoweczyt08091820-144x144.jpg 144w\" sizes=\"auto, (max-width: 150px) 100vw, 150px\" \/><\/a>\n\t\t\t<\/dt><\/dl><dl class='gallery-item'>\n\t\t\t<dt class='gallery-icon landscape'>\n\t\t\t\t<a href='https:\/\/biblioteka.kolobrzeg.pl\/wp-content\/uploads\/2018\/08\/narodoweczyt08091821.jpg' title=\"\" data-rl_title=\"\" class=\"rl-gallery-link\" data-rl_caption=\"\" data-rel=\"lightbox-gallery-1\"><img loading=\"lazy\" decoding=\"async\" width=\"150\" height=\"150\" src=\"https:\/\/biblioteka.kolobrzeg.pl\/wp-content\/uploads\/2018\/08\/narodoweczyt08091821-150x150.jpg\" class=\"attachment-thumbnail size-thumbnail\" alt=\"Narodowe Czytanie 2018\" srcset=\"https:\/\/biblioteka.kolobrzeg.pl\/wp-content\/uploads\/2018\/08\/narodoweczyt08091821-150x150.jpg 150w, https:\/\/biblioteka.kolobrzeg.pl\/wp-content\/uploads\/2018\/08\/narodoweczyt08091821-144x144.jpg 144w\" sizes=\"auto, (max-width: 150px) 100vw, 150px\" \/><\/a>\n\t\t\t<\/dt><\/dl><dl class='gallery-item'>\n\t\t\t<dt class='gallery-icon landscape'>\n\t\t\t\t<a href='https:\/\/biblioteka.kolobrzeg.pl\/wp-content\/uploads\/2018\/08\/narodoweczyt08091822.jpg' title=\"\" data-rl_title=\"\" class=\"rl-gallery-link\" data-rl_caption=\"\" data-rel=\"lightbox-gallery-1\"><img loading=\"lazy\" decoding=\"async\" width=\"150\" height=\"150\" src=\"https:\/\/biblioteka.kolobrzeg.pl\/wp-content\/uploads\/2018\/08\/narodoweczyt08091822-150x150.jpg\" class=\"attachment-thumbnail size-thumbnail\" alt=\"Narodowe Czytanie 2018\" srcset=\"https:\/\/biblioteka.kolobrzeg.pl\/wp-content\/uploads\/2018\/08\/narodoweczyt08091822-150x150.jpg 150w, https:\/\/biblioteka.kolobrzeg.pl\/wp-content\/uploads\/2018\/08\/narodoweczyt08091822-144x144.jpg 144w\" sizes=\"auto, (max-width: 150px) 100vw, 150px\" \/><\/a>\n\t\t\t<\/dt><\/dl><dl class='gallery-item'>\n\t\t\t<dt class='gallery-icon landscape'>\n\t\t\t\t<a href='https:\/\/biblioteka.kolobrzeg.pl\/wp-content\/uploads\/2018\/08\/narodoweczyt08091823.jpg' title=\"\" data-rl_title=\"\" class=\"rl-gallery-link\" data-rl_caption=\"\" data-rel=\"lightbox-gallery-1\"><img loading=\"lazy\" decoding=\"async\" width=\"150\" height=\"150\" src=\"https:\/\/biblioteka.kolobrzeg.pl\/wp-content\/uploads\/2018\/08\/narodoweczyt08091823-150x150.jpg\" class=\"attachment-thumbnail size-thumbnail\" alt=\"Narodowe Czytanie 2018\" srcset=\"https:\/\/biblioteka.kolobrzeg.pl\/wp-content\/uploads\/2018\/08\/narodoweczyt08091823-150x150.jpg 150w, https:\/\/biblioteka.kolobrzeg.pl\/wp-content\/uploads\/2018\/08\/narodoweczyt08091823-144x144.jpg 144w\" sizes=\"auto, (max-width: 150px) 100vw, 150px\" \/><\/a>\n\t\t\t<\/dt><\/dl><dl class='gallery-item'>\n\t\t\t<dt class='gallery-icon landscape'>\n\t\t\t\t<a href='https:\/\/biblioteka.kolobrzeg.pl\/wp-content\/uploads\/2018\/08\/narodoweczyt08091824.jpg' title=\"\" data-rl_title=\"\" class=\"rl-gallery-link\" data-rl_caption=\"\" data-rel=\"lightbox-gallery-1\"><img loading=\"lazy\" decoding=\"async\" width=\"150\" height=\"150\" src=\"https:\/\/biblioteka.kolobrzeg.pl\/wp-content\/uploads\/2018\/08\/narodoweczyt08091824-150x150.jpg\" class=\"attachment-thumbnail size-thumbnail\" alt=\"Narodowe Czytanie 2018\" srcset=\"https:\/\/biblioteka.kolobrzeg.pl\/wp-content\/uploads\/2018\/08\/narodoweczyt08091824-150x150.jpg 150w, https:\/\/biblioteka.kolobrzeg.pl\/wp-content\/uploads\/2018\/08\/narodoweczyt08091824-144x144.jpg 144w\" sizes=\"auto, (max-width: 150px) 100vw, 150px\" \/><\/a>\n\t\t\t<\/dt><\/dl><br style=\"clear: both\" \/><dl class='gallery-item'>\n\t\t\t<dt class='gallery-icon landscape'>\n\t\t\t\t<a href='https:\/\/biblioteka.kolobrzeg.pl\/wp-content\/uploads\/2018\/08\/narodoweczyt08091825.jpg' title=\"\" data-rl_title=\"\" class=\"rl-gallery-link\" data-rl_caption=\"\" data-rel=\"lightbox-gallery-1\"><img loading=\"lazy\" decoding=\"async\" width=\"150\" height=\"150\" src=\"https:\/\/biblioteka.kolobrzeg.pl\/wp-content\/uploads\/2018\/08\/narodoweczyt08091825-150x150.jpg\" class=\"attachment-thumbnail size-thumbnail\" alt=\"Narodowe Czytanie 2018\" srcset=\"https:\/\/biblioteka.kolobrzeg.pl\/wp-content\/uploads\/2018\/08\/narodoweczyt08091825-150x150.jpg 150w, https:\/\/biblioteka.kolobrzeg.pl\/wp-content\/uploads\/2018\/08\/narodoweczyt08091825-144x144.jpg 144w\" sizes=\"auto, (max-width: 150px) 100vw, 150px\" \/><\/a>\n\t\t\t<\/dt><\/dl><dl class='gallery-item'>\n\t\t\t<dt class='gallery-icon landscape'>\n\t\t\t\t<a href='https:\/\/biblioteka.kolobrzeg.pl\/wp-content\/uploads\/2018\/08\/narodoweczyt08091826.jpg' title=\"\" data-rl_title=\"\" class=\"rl-gallery-link\" data-rl_caption=\"\" data-rel=\"lightbox-gallery-1\"><img loading=\"lazy\" decoding=\"async\" width=\"150\" height=\"150\" src=\"https:\/\/biblioteka.kolobrzeg.pl\/wp-content\/uploads\/2018\/08\/narodoweczyt08091826-150x150.jpg\" class=\"attachment-thumbnail size-thumbnail\" alt=\"Narodowe Czytanie 2018\" srcset=\"https:\/\/biblioteka.kolobrzeg.pl\/wp-content\/uploads\/2018\/08\/narodoweczyt08091826-150x150.jpg 150w, https:\/\/biblioteka.kolobrzeg.pl\/wp-content\/uploads\/2018\/08\/narodoweczyt08091826-144x144.jpg 144w\" sizes=\"auto, (max-width: 150px) 100vw, 150px\" \/><\/a>\n\t\t\t<\/dt><\/dl><dl class='gallery-item'>\n\t\t\t<dt class='gallery-icon landscape'>\n\t\t\t\t<a href='https:\/\/biblioteka.kolobrzeg.pl\/wp-content\/uploads\/2018\/08\/narodoweczyt08091827.jpg' title=\"\" data-rl_title=\"\" class=\"rl-gallery-link\" data-rl_caption=\"\" data-rel=\"lightbox-gallery-1\"><img loading=\"lazy\" decoding=\"async\" width=\"150\" height=\"150\" src=\"https:\/\/biblioteka.kolobrzeg.pl\/wp-content\/uploads\/2018\/08\/narodoweczyt08091827-150x150.jpg\" class=\"attachment-thumbnail size-thumbnail\" alt=\"Narodowe Czytanie 2018\" srcset=\"https:\/\/biblioteka.kolobrzeg.pl\/wp-content\/uploads\/2018\/08\/narodoweczyt08091827-150x150.jpg 150w, https:\/\/biblioteka.kolobrzeg.pl\/wp-content\/uploads\/2018\/08\/narodoweczyt08091827-144x144.jpg 144w\" sizes=\"auto, (max-width: 150px) 100vw, 150px\" \/><\/a>\n\t\t\t<\/dt><\/dl><dl class='gallery-item'>\n\t\t\t<dt class='gallery-icon landscape'>\n\t\t\t\t<a href='https:\/\/biblioteka.kolobrzeg.pl\/wp-content\/uploads\/2018\/08\/narodoweczyt08091828.jpg' title=\"\" data-rl_title=\"\" class=\"rl-gallery-link\" data-rl_caption=\"\" data-rel=\"lightbox-gallery-1\"><img loading=\"lazy\" decoding=\"async\" width=\"150\" height=\"150\" src=\"https:\/\/biblioteka.kolobrzeg.pl\/wp-content\/uploads\/2018\/08\/narodoweczyt08091828-150x150.jpg\" class=\"attachment-thumbnail size-thumbnail\" alt=\"Narodowe Czytanie 2018\" srcset=\"https:\/\/biblioteka.kolobrzeg.pl\/wp-content\/uploads\/2018\/08\/narodoweczyt08091828-150x150.jpg 150w, https:\/\/biblioteka.kolobrzeg.pl\/wp-content\/uploads\/2018\/08\/narodoweczyt08091828-144x144.jpg 144w\" sizes=\"auto, (max-width: 150px) 100vw, 150px\" \/><\/a>\n\t\t\t<\/dt><\/dl><dl class='gallery-item'>\n\t\t\t<dt class='gallery-icon landscape'>\n\t\t\t\t<a href='https:\/\/biblioteka.kolobrzeg.pl\/wp-content\/uploads\/2018\/08\/narodoweczyt08091829.jpg' title=\"\" data-rl_title=\"\" class=\"rl-gallery-link\" data-rl_caption=\"\" data-rel=\"lightbox-gallery-1\"><img loading=\"lazy\" decoding=\"async\" width=\"150\" height=\"150\" src=\"https:\/\/biblioteka.kolobrzeg.pl\/wp-content\/uploads\/2018\/08\/narodoweczyt08091829-150x150.jpg\" class=\"attachment-thumbnail size-thumbnail\" alt=\"Narodowe Czytanie 2018\" srcset=\"https:\/\/biblioteka.kolobrzeg.pl\/wp-content\/uploads\/2018\/08\/narodoweczyt08091829-150x150.jpg 150w, https:\/\/biblioteka.kolobrzeg.pl\/wp-content\/uploads\/2018\/08\/narodoweczyt08091829-144x144.jpg 144w\" sizes=\"auto, (max-width: 150px) 100vw, 150px\" \/><\/a>\n\t\t\t<\/dt><\/dl><br style=\"clear: both\" \/><dl class='gallery-item'>\n\t\t\t<dt class='gallery-icon landscape'>\n\t\t\t\t<a href='https:\/\/biblioteka.kolobrzeg.pl\/wp-content\/uploads\/2018\/08\/narodoweczyt08091830.jpg' title=\"\" data-rl_title=\"\" class=\"rl-gallery-link\" data-rl_caption=\"\" data-rel=\"lightbox-gallery-1\"><img loading=\"lazy\" decoding=\"async\" width=\"150\" height=\"150\" src=\"https:\/\/biblioteka.kolobrzeg.pl\/wp-content\/uploads\/2018\/08\/narodoweczyt08091830-150x150.jpg\" class=\"attachment-thumbnail size-thumbnail\" alt=\"Narodowe Czytanie 2018\" srcset=\"https:\/\/biblioteka.kolobrzeg.pl\/wp-content\/uploads\/2018\/08\/narodoweczyt08091830-150x150.jpg 150w, https:\/\/biblioteka.kolobrzeg.pl\/wp-content\/uploads\/2018\/08\/narodoweczyt08091830-144x144.jpg 144w\" sizes=\"auto, (max-width: 150px) 100vw, 150px\" \/><\/a>\n\t\t\t<\/dt><\/dl><dl class='gallery-item'>\n\t\t\t<dt class='gallery-icon landscape'>\n\t\t\t\t<a href='https:\/\/biblioteka.kolobrzeg.pl\/wp-content\/uploads\/2018\/08\/narodoweczyt08091831.jpg' title=\"\" data-rl_title=\"\" class=\"rl-gallery-link\" data-rl_caption=\"\" data-rel=\"lightbox-gallery-1\"><img loading=\"lazy\" decoding=\"async\" width=\"150\" height=\"150\" src=\"https:\/\/biblioteka.kolobrzeg.pl\/wp-content\/uploads\/2018\/08\/narodoweczyt08091831-150x150.jpg\" class=\"attachment-thumbnail size-thumbnail\" alt=\"Narodowe Czytanie 2018\" srcset=\"https:\/\/biblioteka.kolobrzeg.pl\/wp-content\/uploads\/2018\/08\/narodoweczyt08091831-150x150.jpg 150w, https:\/\/biblioteka.kolobrzeg.pl\/wp-content\/uploads\/2018\/08\/narodoweczyt08091831-144x144.jpg 144w\" sizes=\"auto, (max-width: 150px) 100vw, 150px\" \/><\/a>\n\t\t\t<\/dt><\/dl><dl class='gallery-item'>\n\t\t\t<dt class='gallery-icon landscape'>\n\t\t\t\t<a href='https:\/\/biblioteka.kolobrzeg.pl\/wp-content\/uploads\/2018\/08\/narodoweczyt08091832.jpg' title=\"\" data-rl_title=\"\" class=\"rl-gallery-link\" data-rl_caption=\"\" data-rel=\"lightbox-gallery-1\"><img loading=\"lazy\" decoding=\"async\" width=\"150\" height=\"150\" src=\"https:\/\/biblioteka.kolobrzeg.pl\/wp-content\/uploads\/2018\/08\/narodoweczyt08091832-150x150.jpg\" class=\"attachment-thumbnail size-thumbnail\" alt=\"Narodowe Czytanie 2018\" srcset=\"https:\/\/biblioteka.kolobrzeg.pl\/wp-content\/uploads\/2018\/08\/narodoweczyt08091832-150x150.jpg 150w, https:\/\/biblioteka.kolobrzeg.pl\/wp-content\/uploads\/2018\/08\/narodoweczyt08091832-144x144.jpg 144w\" sizes=\"auto, (max-width: 150px) 100vw, 150px\" \/><\/a>\n\t\t\t<\/dt><\/dl><dl class='gallery-item'>\n\t\t\t<dt class='gallery-icon landscape'>\n\t\t\t\t<a href='https:\/\/biblioteka.kolobrzeg.pl\/wp-content\/uploads\/2018\/08\/narodoweczyt08091801.jpg' title=\"\" data-rl_title=\"\" class=\"rl-gallery-link\" data-rl_caption=\"\" data-rel=\"lightbox-gallery-1\"><img loading=\"lazy\" decoding=\"async\" width=\"150\" height=\"150\" src=\"https:\/\/biblioteka.kolobrzeg.pl\/wp-content\/uploads\/2018\/08\/narodoweczyt08091801-150x150.jpg\" class=\"attachment-thumbnail size-thumbnail\" alt=\"Narodowe Czytanie 2018\" srcset=\"https:\/\/biblioteka.kolobrzeg.pl\/wp-content\/uploads\/2018\/08\/narodoweczyt08091801-150x150.jpg 150w, https:\/\/biblioteka.kolobrzeg.pl\/wp-content\/uploads\/2018\/08\/narodoweczyt08091801-144x144.jpg 144w\" sizes=\"auto, (max-width: 150px) 100vw, 150px\" \/><\/a>\n\t\t\t<\/dt><\/dl><dl class='gallery-item'>\n\t\t\t<dt class='gallery-icon landscape'>\n\t\t\t\t<a href='https:\/\/biblioteka.kolobrzeg.pl\/wp-content\/uploads\/2018\/08\/narodoweczyt08091802.jpg' title=\"\" data-rl_title=\"\" class=\"rl-gallery-link\" data-rl_caption=\"\" data-rel=\"lightbox-gallery-1\"><img loading=\"lazy\" decoding=\"async\" width=\"150\" height=\"150\" src=\"https:\/\/biblioteka.kolobrzeg.pl\/wp-content\/uploads\/2018\/08\/narodoweczyt08091802-150x150.jpg\" class=\"attachment-thumbnail size-thumbnail\" alt=\"Narodowe Czytanie 2018\" srcset=\"https:\/\/biblioteka.kolobrzeg.pl\/wp-content\/uploads\/2018\/08\/narodoweczyt08091802-150x150.jpg 150w, https:\/\/biblioteka.kolobrzeg.pl\/wp-content\/uploads\/2018\/08\/narodoweczyt08091802-144x144.jpg 144w\" sizes=\"auto, (max-width: 150px) 100vw, 150px\" \/><\/a>\n\t\t\t<\/dt><\/dl><br style=\"clear: both\" \/><dl class='gallery-item'>\n\t\t\t<dt class='gallery-icon landscape'>\n\t\t\t\t<a href='https:\/\/biblioteka.kolobrzeg.pl\/wp-content\/uploads\/2018\/08\/narodoweczyt08091803.jpg' title=\"\" data-rl_title=\"\" class=\"rl-gallery-link\" data-rl_caption=\"\" data-rel=\"lightbox-gallery-1\"><img loading=\"lazy\" decoding=\"async\" width=\"150\" height=\"150\" src=\"https:\/\/biblioteka.kolobrzeg.pl\/wp-content\/uploads\/2018\/08\/narodoweczyt08091803-150x150.jpg\" class=\"attachment-thumbnail size-thumbnail\" alt=\"Narodowe Czytanie 2018\" srcset=\"https:\/\/biblioteka.kolobrzeg.pl\/wp-content\/uploads\/2018\/08\/narodoweczyt08091803-150x150.jpg 150w, https:\/\/biblioteka.kolobrzeg.pl\/wp-content\/uploads\/2018\/08\/narodoweczyt08091803-144x144.jpg 144w\" sizes=\"auto, (max-width: 150px) 100vw, 150px\" \/><\/a>\n\t\t\t<\/dt><\/dl><dl class='gallery-item'>\n\t\t\t<dt class='gallery-icon landscape'>\n\t\t\t\t<a href='https:\/\/biblioteka.kolobrzeg.pl\/wp-content\/uploads\/2018\/08\/narodoweczyt08091804.jpg' title=\"\" data-rl_title=\"\" class=\"rl-gallery-link\" data-rl_caption=\"\" data-rel=\"lightbox-gallery-1\"><img loading=\"lazy\" decoding=\"async\" width=\"150\" height=\"150\" src=\"https:\/\/biblioteka.kolobrzeg.pl\/wp-content\/uploads\/2018\/08\/narodoweczyt08091804-150x150.jpg\" class=\"attachment-thumbnail size-thumbnail\" alt=\"Narodowe Czytanie 2018\" srcset=\"https:\/\/biblioteka.kolobrzeg.pl\/wp-content\/uploads\/2018\/08\/narodoweczyt08091804-150x150.jpg 150w, https:\/\/biblioteka.kolobrzeg.pl\/wp-content\/uploads\/2018\/08\/narodoweczyt08091804-144x144.jpg 144w\" sizes=\"auto, (max-width: 150px) 100vw, 150px\" \/><\/a>\n\t\t\t<\/dt><\/dl>\n\t\t\t<br style='clear: both' \/>\n\t\t<\/div>\n\n","protected":false},"excerpt":{"rendered":"<p>Tegoroczna ods\u0142ona Narodowego Czytania odby\u0142a si\u0119 w roku 100-lecia odzyskania przez Polsk\u0119 niepodleg\u0142o\u015bci. Lektur\u0105 akcji by\u0142o \u201ePrzedwio\u015bnie\u201d Stefana \u017beromskiego.<\/p><p><a class=\"more-link block-button\" href=\"https:\/\/biblioteka.kolobrzeg.pl\/index.php\/2018\/09\/08\/narodowe-czytanie-2\/\">Kontynuuj czytanie &raquo;<\/a><\/p>\n","protected":false},"author":1,"featured_media":5544,"comment_status":"closed","ping_status":"closed","sticky":false,"template":"","format":"standard","meta":{"jetpack_post_was_ever_published":false,"_jetpack_newsletter_access":"","_jetpack_dont_email_post_to_subs":false,"_jetpack_newsletter_tier_id":0,"_jetpack_memberships_contains_paywalled_content":false,"_jetpack_memberships_contains_paid_content":false,"footnotes":"","jetpack_publicize_message":"","jetpack_publicize_feature_enabled":true,"jetpack_social_post_already_shared":true,"jetpack_social_options":{"image_generator_settings":{"template":"highway","default_image_id":0,"font":"","enabled":false},"version":2}},"categories":[21],"tags":[27,26],"class_list":["post-5496","post","type-post","status-publish","format-standard","has-post-thumbnail","hentry","category-spotkania","tag-czytanie","tag-narodowe"],"jetpack_publicize_connections":[],"jetpack_featured_media_url":"https:\/\/biblioteka.kolobrzeg.pl\/wp-content\/uploads\/2018\/08\/narodoweczyt08091818.jpg","jetpack_likes_enabled":true,"jetpack_sharing_enabled":true,"_links":{"self":[{"href":"https:\/\/biblioteka.kolobrzeg.pl\/index.php\/wp-json\/wp\/v2\/posts\/5496","targetHints":{"allow":["GET"]}}],"collection":[{"href":"https:\/\/biblioteka.kolobrzeg.pl\/index.php\/wp-json\/wp\/v2\/posts"}],"about":[{"href":"https:\/\/biblioteka.kolobrzeg.pl\/index.php\/wp-json\/wp\/v2\/types\/post"}],"author":[{"embeddable":true,"href":"https:\/\/biblioteka.kolobrzeg.pl\/index.php\/wp-json\/wp\/v2\/users\/1"}],"replies":[{"embeddable":true,"href":"https:\/\/biblioteka.kolobrzeg.pl\/index.php\/wp-json\/wp\/v2\/comments?post=5496"}],"version-history":[{"count":0,"href":"https:\/\/biblioteka.kolobrzeg.pl\/index.php\/wp-json\/wp\/v2\/posts\/5496\/revisions"}],"wp:featuredmedia":[{"embeddable":true,"href":"https:\/\/biblioteka.kolobrzeg.pl\/index.php\/wp-json\/wp\/v2\/media\/5544"}],"wp:attachment":[{"href":"https:\/\/biblioteka.kolobrzeg.pl\/index.php\/wp-json\/wp\/v2\/media?parent=5496"}],"wp:term":[{"taxonomy":"category","embeddable":true,"href":"https:\/\/biblioteka.kolobrzeg.pl\/index.php\/wp-json\/wp\/v2\/categories?post=5496"},{"taxonomy":"post_tag","embeddable":true,"href":"https:\/\/biblioteka.kolobrzeg.pl\/index.php\/wp-json\/wp\/v2\/tags?post=5496"}],"curies":[{"name":"wp","href":"https:\/\/api.w.org\/{rel}","templated":true}]}}