{"id":5668,"date":"2018-10-02T16:46:21","date_gmt":"2018-10-02T14:46:21","guid":{"rendered":"https:\/\/biblioteka.kolobrzeg.pl\/?p=5668"},"modified":"2018-10-02T21:47:24","modified_gmt":"2018-10-02T19:47:24","slug":"edukacyjnie-w-warszawie-i-szczecinie","status":"publish","type":"post","link":"https:\/\/biblioteka.kolobrzeg.pl\/index.php\/2018\/10\/02\/edukacyjnie-w-warszawie-i-szczecinie\/","title":{"rendered":"Edukacyjnie w Warszawie i Szczecinie"},"content":{"rendered":"<p><a href=\"https:\/\/biblioteka.kolobrzeg.pl\/wp-content\/uploads\/2018\/10\/wycieczkacp26091810.jpg\" data-rel=\"lightbox-image-0\" data-rl_title=\"\" data-rl_caption=\"\" title=\"\"><img loading=\"lazy\" decoding=\"async\" class=\"alignleft wp-image-5674 size-thumbnail\" src=\"https:\/\/biblioteka.kolobrzeg.pl\/wp-content\/uploads\/2018\/10\/wycieczkacp26091810-150x150.jpg\" alt=\"wycieczka Warszawa\" width=\"150\" height=\"150\" srcset=\"https:\/\/biblioteka.kolobrzeg.pl\/wp-content\/uploads\/2018\/10\/wycieczkacp26091810-150x150.jpg 150w, https:\/\/biblioteka.kolobrzeg.pl\/wp-content\/uploads\/2018\/10\/wycieczkacp26091810-144x144.jpg 144w\" sizes=\"auto, (max-width: 150px) 100vw, 150px\" \/><\/a>Wcze\u015bniej mia\u0142a miejsce wycieczka edukacyjna do NBP (zwiedzanie, wyk\u0142ad \u201eNBP jako bank centralny. Polityka pieni\u0119\u017cna NBP\u201d dr Marka Zwolankowskiego) oraz Muzeum Narodowego w Szczecinie w ramach projektu \u201eNowe horyzonty ekonomicznego my\u015blenia +55\u2033 realizowanego z Narodowym Bankiem Polskim. Przy okazji uczestnicy wzbogacili swoj\u0105 wiedz\u0119 historyczn\u0105 zwiedzaj\u0105c Podziemne Trasy Szczecina.<!--more--><\/p>\n<p>Dalszym punktem programu by\u0142a wycieczka do Centrum Pieni\u0105dza NBP im. S\u0142awomira Skrzypka, kt\u00f3ra by\u0142a niezapomnianym prze\u017cyciem. To wyj\u0105tkowe miejsce dla wszystkich, kt\u00f3rych interesuje edukacja ekonomiczna oraz historia i rozw\u00f3j pieni\u0105dza.<\/p>\n<p>G\u0142\u00f3wnym celem by\u0142o zwi\u0119kszenie \u015bwiadomo\u015bci ekonomicznej jej uczestnik\u00f3w. Odwiedzaj\u0105c Centrum Pieni\u0105dza uczestnicy pozyskali wiele cennych informacji, m.in. na temat historii pieni\u0105dza, bankowo\u015bci polskiej, sprawdzania autentyczno\u015bci czy wymiany zniszczonych banknot\u00f3w. Mogli te\u017c zapozna\u0107 si\u0119 z pieni\u0119dzmi od staro\u017cytno\u015bci do czas\u00f3w dzisiejszych, obejrze\u0107 skarbiec, a nawet podnie\u015b\u0107 sztabk\u0119 z\u0142ota.<br \/>\nCiekawostk\u0105 by\u0142o to, \u017ce grupa zwiedzaj\u0105c Warszaw\u0119 natkn\u0119\u0142a si\u0119 na wystaw\u0119 \u201eHistoria z\u0142otego\u201d NBP, kt\u00f3r\u0105 te\u017c obejrza\u0142a, pomimo, \u017ce w tym czasie trwa\u0142 jej monta\u017c.<\/p>\n<p>Bez w\u0105tpienia atrakcj\u0105, a zarazem niespodziank\u0105 dla wszystkich uczestnik\u00f3w wycieczki , by\u0142o zwiedzanie Muzeum Powstania Warszawskiego i Muzeum Sztuki Nowoczesnej.<\/p>\n<p>Wsp\u00f3lna wyprawa do stolicy to nie tylko zwi\u0119kszenie \u015bwiadomo\u015bci ekonomicznej u os\u00f3b po 55 roku \u017cycia, to tak\u017ce nie tylko \u017ar\u00f3d\u0142o wspomnie\u0144, wra\u017ce\u0144. To te\u017c nie tylko okazja na przypomnienie najwa\u017cniejszych rozdzia\u0142\u00f3w historii. To \u015bwiadome dzia\u0142anie na rzecz aktywizacji oraz budowania wi\u0119zi mi\u0119dzyludzkich i integracji \u015brodowiskowej os\u00f3b dojrza\u0142ych.<\/p>\n\n\t\t<style type=\"text\/css\">\n\t\t\t#gallery-1 {\n\t\t\t\tmargin: auto;\n\t\t\t}\n\t\t\t#gallery-1 .gallery-item {\n\t\t\t\tfloat: left;\n\t\t\t\tmargin-top: 10px;\n\t\t\t\ttext-align: center;\n\t\t\t\twidth: 20%;\n\t\t\t}\n\t\t\t#gallery-1 img {\n\t\t\t\tborder: 2px solid #cfcfcf;\n\t\t\t}\n\t\t\t#gallery-1 .gallery-caption {\n\t\t\t\tmargin-left: 0;\n\t\t\t}\n\t\t\t\/* see gallery_shortcode() in wp-includes\/media.php *\/\n\t\t<\/style>\n\t\t<div id='gallery-1' class='gallery galleryid-5668 gallery-columns-5 gallery-size-thumbnail'><dl class='gallery-item'>\n\t\t\t<dt class='gallery-icon landscape'>\n\t\t\t\t<a href='https:\/\/biblioteka.kolobrzeg.pl\/wp-content\/uploads\/2018\/10\/wycieczkacp2609185.jpg' title=\"\" data-rl_title=\"\" class=\"rl-gallery-link\" data-rl_caption=\"\" data-rel=\"lightbox-gallery-1\"><img loading=\"lazy\" decoding=\"async\" width=\"150\" height=\"150\" src=\"https:\/\/biblioteka.kolobrzeg.pl\/wp-content\/uploads\/2018\/10\/wycieczkacp2609185-150x150.jpg\" class=\"attachment-thumbnail size-thumbnail\" alt=\"wycieczka Warszawa\" srcset=\"https:\/\/biblioteka.kolobrzeg.pl\/wp-content\/uploads\/2018\/10\/wycieczkacp2609185-150x150.jpg 150w, https:\/\/biblioteka.kolobrzeg.pl\/wp-content\/uploads\/2018\/10\/wycieczkacp2609185-144x144.jpg 144w\" sizes=\"auto, (max-width: 150px) 100vw, 150px\" \/><\/a>\n\t\t\t<\/dt><\/dl><dl class='gallery-item'>\n\t\t\t<dt class='gallery-icon landscape'>\n\t\t\t\t<a href='https:\/\/biblioteka.kolobrzeg.pl\/wp-content\/uploads\/2018\/10\/wycieczkacp2609186.jpg' title=\"\" data-rl_title=\"\" class=\"rl-gallery-link\" data-rl_caption=\"\" data-rel=\"lightbox-gallery-1\"><img loading=\"lazy\" decoding=\"async\" width=\"150\" height=\"150\" src=\"https:\/\/biblioteka.kolobrzeg.pl\/wp-content\/uploads\/2018\/10\/wycieczkacp2609186-150x150.jpg\" class=\"attachment-thumbnail size-thumbnail\" alt=\"wycieczka Warszawa\" srcset=\"https:\/\/biblioteka.kolobrzeg.pl\/wp-content\/uploads\/2018\/10\/wycieczkacp2609186-150x150.jpg 150w, https:\/\/biblioteka.kolobrzeg.pl\/wp-content\/uploads\/2018\/10\/wycieczkacp2609186-144x144.jpg 144w\" sizes=\"auto, (max-width: 150px) 100vw, 150px\" \/><\/a>\n\t\t\t<\/dt><\/dl><dl class='gallery-item'>\n\t\t\t<dt class='gallery-icon landscape'>\n\t\t\t\t<a href='https:\/\/biblioteka.kolobrzeg.pl\/wp-content\/uploads\/2018\/10\/wycieczkacp2609187.jpg' title=\"\" data-rl_title=\"\" class=\"rl-gallery-link\" data-rl_caption=\"\" data-rel=\"lightbox-gallery-1\"><img loading=\"lazy\" decoding=\"async\" width=\"150\" height=\"150\" src=\"https:\/\/biblioteka.kolobrzeg.pl\/wp-content\/uploads\/2018\/10\/wycieczkacp2609187-150x150.jpg\" class=\"attachment-thumbnail size-thumbnail\" alt=\"wycieczka Warszawa\" srcset=\"https:\/\/biblioteka.kolobrzeg.pl\/wp-content\/uploads\/2018\/10\/wycieczkacp2609187-150x150.jpg 150w, https:\/\/biblioteka.kolobrzeg.pl\/wp-content\/uploads\/2018\/10\/wycieczkacp2609187-144x144.jpg 144w\" sizes=\"auto, (max-width: 150px) 100vw, 150px\" \/><\/a>\n\t\t\t<\/dt><\/dl><dl class='gallery-item'>\n\t\t\t<dt class='gallery-icon landscape'>\n\t\t\t\t<a href='https:\/\/biblioteka.kolobrzeg.pl\/wp-content\/uploads\/2018\/10\/wycieczkacp2609188.jpg' title=\"\" data-rl_title=\"\" class=\"rl-gallery-link\" data-rl_caption=\"\" data-rel=\"lightbox-gallery-1\"><img loading=\"lazy\" decoding=\"async\" width=\"150\" height=\"150\" src=\"https:\/\/biblioteka.kolobrzeg.pl\/wp-content\/uploads\/2018\/10\/wycieczkacp2609188-150x150.jpg\" class=\"attachment-thumbnail size-thumbnail\" alt=\"wycieczka Warszawa\" srcset=\"https:\/\/biblioteka.kolobrzeg.pl\/wp-content\/uploads\/2018\/10\/wycieczkacp2609188-150x150.jpg 150w, https:\/\/biblioteka.kolobrzeg.pl\/wp-content\/uploads\/2018\/10\/wycieczkacp2609188-144x144.jpg 144w\" sizes=\"auto, (max-width: 150px) 100vw, 150px\" \/><\/a>\n\t\t\t<\/dt><\/dl><dl class='gallery-item'>\n\t\t\t<dt class='gallery-icon landscape'>\n\t\t\t\t<a href='https:\/\/biblioteka.kolobrzeg.pl\/wp-content\/uploads\/2018\/10\/wycieczkacp2609189.jpg' title=\"\" data-rl_title=\"\" class=\"rl-gallery-link\" data-rl_caption=\"\" data-rel=\"lightbox-gallery-1\"><img loading=\"lazy\" decoding=\"async\" width=\"150\" height=\"150\" src=\"https:\/\/biblioteka.kolobrzeg.pl\/wp-content\/uploads\/2018\/10\/wycieczkacp2609189-150x150.jpg\" class=\"attachment-thumbnail size-thumbnail\" alt=\"wycieczka Warszawa\" srcset=\"https:\/\/biblioteka.kolobrzeg.pl\/wp-content\/uploads\/2018\/10\/wycieczkacp2609189-150x150.jpg 150w, https:\/\/biblioteka.kolobrzeg.pl\/wp-content\/uploads\/2018\/10\/wycieczkacp2609189-144x144.jpg 144w\" sizes=\"auto, (max-width: 150px) 100vw, 150px\" \/><\/a>\n\t\t\t<\/dt><\/dl><br style=\"clear: both\" \/><dl class='gallery-item'>\n\t\t\t<dt class='gallery-icon landscape'>\n\t\t\t\t<a href='https:\/\/biblioteka.kolobrzeg.pl\/wp-content\/uploads\/2018\/10\/wycieczkacp26091810.jpg' title=\"\" data-rl_title=\"\" class=\"rl-gallery-link\" data-rl_caption=\"\" data-rel=\"lightbox-gallery-1\"><img loading=\"lazy\" decoding=\"async\" width=\"150\" height=\"150\" src=\"https:\/\/biblioteka.kolobrzeg.pl\/wp-content\/uploads\/2018\/10\/wycieczkacp26091810-150x150.jpg\" class=\"attachment-thumbnail size-thumbnail\" alt=\"wycieczka Warszawa\" srcset=\"https:\/\/biblioteka.kolobrzeg.pl\/wp-content\/uploads\/2018\/10\/wycieczkacp26091810-150x150.jpg 150w, https:\/\/biblioteka.kolobrzeg.pl\/wp-content\/uploads\/2018\/10\/wycieczkacp26091810-144x144.jpg 144w\" sizes=\"auto, (max-width: 150px) 100vw, 150px\" \/><\/a>\n\t\t\t<\/dt><\/dl><dl class='gallery-item'>\n\t\t\t<dt class='gallery-icon landscape'>\n\t\t\t\t<a href='https:\/\/biblioteka.kolobrzeg.pl\/wp-content\/uploads\/2018\/10\/wycieczkacp26091811.jpg' title=\"\" data-rl_title=\"\" class=\"rl-gallery-link\" data-rl_caption=\"\" data-rel=\"lightbox-gallery-1\"><img loading=\"lazy\" decoding=\"async\" width=\"150\" height=\"150\" src=\"https:\/\/biblioteka.kolobrzeg.pl\/wp-content\/uploads\/2018\/10\/wycieczkacp26091811-150x150.jpg\" class=\"attachment-thumbnail size-thumbnail\" alt=\"wycieczka Warszawa\" srcset=\"https:\/\/biblioteka.kolobrzeg.pl\/wp-content\/uploads\/2018\/10\/wycieczkacp26091811-150x150.jpg 150w, https:\/\/biblioteka.kolobrzeg.pl\/wp-content\/uploads\/2018\/10\/wycieczkacp26091811-144x144.jpg 144w\" sizes=\"auto, (max-width: 150px) 100vw, 150px\" \/><\/a>\n\t\t\t<\/dt><\/dl><dl class='gallery-item'>\n\t\t\t<dt class='gallery-icon landscape'>\n\t\t\t\t<a href='https:\/\/biblioteka.kolobrzeg.pl\/wp-content\/uploads\/2018\/10\/wycieczkacp26091812.jpg' title=\"\" data-rl_title=\"\" class=\"rl-gallery-link\" data-rl_caption=\"\" data-rel=\"lightbox-gallery-1\"><img loading=\"lazy\" decoding=\"async\" width=\"150\" height=\"150\" src=\"https:\/\/biblioteka.kolobrzeg.pl\/wp-content\/uploads\/2018\/10\/wycieczkacp26091812-150x150.jpg\" class=\"attachment-thumbnail size-thumbnail\" alt=\"wycieczka Warszawa\" srcset=\"https:\/\/biblioteka.kolobrzeg.pl\/wp-content\/uploads\/2018\/10\/wycieczkacp26091812-150x150.jpg 150w, https:\/\/biblioteka.kolobrzeg.pl\/wp-content\/uploads\/2018\/10\/wycieczkacp26091812-144x144.jpg 144w\" sizes=\"auto, (max-width: 150px) 100vw, 150px\" \/><\/a>\n\t\t\t<\/dt><\/dl><dl class='gallery-item'>\n\t\t\t<dt class='gallery-icon landscape'>\n\t\t\t\t<a href='https:\/\/biblioteka.kolobrzeg.pl\/wp-content\/uploads\/2018\/10\/wycieczkacp26091813.jpg' title=\"\" data-rl_title=\"\" class=\"rl-gallery-link\" data-rl_caption=\"\" data-rel=\"lightbox-gallery-1\"><img loading=\"lazy\" decoding=\"async\" width=\"150\" height=\"150\" src=\"https:\/\/biblioteka.kolobrzeg.pl\/wp-content\/uploads\/2018\/10\/wycieczkacp26091813-150x150.jpg\" class=\"attachment-thumbnail size-thumbnail\" alt=\"wycieczka Warszawa\" srcset=\"https:\/\/biblioteka.kolobrzeg.pl\/wp-content\/uploads\/2018\/10\/wycieczkacp26091813-150x150.jpg 150w, https:\/\/biblioteka.kolobrzeg.pl\/wp-content\/uploads\/2018\/10\/wycieczkacp26091813-144x144.jpg 144w\" sizes=\"auto, (max-width: 150px) 100vw, 150px\" \/><\/a>\n\t\t\t<\/dt><\/dl><dl class='gallery-item'>\n\t\t\t<dt class='gallery-icon landscape'>\n\t\t\t\t<a href='https:\/\/biblioteka.kolobrzeg.pl\/wp-content\/uploads\/2018\/10\/wycieczkacp26091814.jpg' title=\"\" data-rl_title=\"\" class=\"rl-gallery-link\" data-rl_caption=\"\" data-rel=\"lightbox-gallery-1\"><img loading=\"lazy\" decoding=\"async\" width=\"150\" height=\"150\" src=\"https:\/\/biblioteka.kolobrzeg.pl\/wp-content\/uploads\/2018\/10\/wycieczkacp26091814-150x150.jpg\" class=\"attachment-thumbnail size-thumbnail\" alt=\"wycieczka Warszawa\" srcset=\"https:\/\/biblioteka.kolobrzeg.pl\/wp-content\/uploads\/2018\/10\/wycieczkacp26091814-150x150.jpg 150w, https:\/\/biblioteka.kolobrzeg.pl\/wp-content\/uploads\/2018\/10\/wycieczkacp26091814-144x144.jpg 144w\" sizes=\"auto, (max-width: 150px) 100vw, 150px\" \/><\/a>\n\t\t\t<\/dt><\/dl><br style=\"clear: both\" \/><dl class='gallery-item'>\n\t\t\t<dt class='gallery-icon landscape'>\n\t\t\t\t<a href='https:\/\/biblioteka.kolobrzeg.pl\/wp-content\/uploads\/2018\/10\/wycieczkacp26091815.jpg' title=\"\" data-rl_title=\"\" class=\"rl-gallery-link\" data-rl_caption=\"\" data-rel=\"lightbox-gallery-1\"><img loading=\"lazy\" decoding=\"async\" width=\"150\" height=\"150\" src=\"https:\/\/biblioteka.kolobrzeg.pl\/wp-content\/uploads\/2018\/10\/wycieczkacp26091815-150x150.jpg\" class=\"attachment-thumbnail size-thumbnail\" alt=\"wycieczka Warszawa\" srcset=\"https:\/\/biblioteka.kolobrzeg.pl\/wp-content\/uploads\/2018\/10\/wycieczkacp26091815-150x150.jpg 150w, https:\/\/biblioteka.kolobrzeg.pl\/wp-content\/uploads\/2018\/10\/wycieczkacp26091815-144x144.jpg 144w\" sizes=\"auto, (max-width: 150px) 100vw, 150px\" \/><\/a>\n\t\t\t<\/dt><\/dl><dl class='gallery-item'>\n\t\t\t<dt class='gallery-icon landscape'>\n\t\t\t\t<a href='https:\/\/biblioteka.kolobrzeg.pl\/wp-content\/uploads\/2018\/10\/wycieczkacp26091816.jpg' title=\"\" data-rl_title=\"\" class=\"rl-gallery-link\" data-rl_caption=\"\" data-rel=\"lightbox-gallery-1\"><img loading=\"lazy\" decoding=\"async\" width=\"150\" height=\"150\" src=\"https:\/\/biblioteka.kolobrzeg.pl\/wp-content\/uploads\/2018\/10\/wycieczkacp26091816-150x150.jpg\" class=\"attachment-thumbnail size-thumbnail\" alt=\"wycieczka Warszawa\" srcset=\"https:\/\/biblioteka.kolobrzeg.pl\/wp-content\/uploads\/2018\/10\/wycieczkacp26091816-150x150.jpg 150w, https:\/\/biblioteka.kolobrzeg.pl\/wp-content\/uploads\/2018\/10\/wycieczkacp26091816-144x144.jpg 144w\" sizes=\"auto, (max-width: 150px) 100vw, 150px\" \/><\/a>\n\t\t\t<\/dt><\/dl><dl class='gallery-item'>\n\t\t\t<dt class='gallery-icon landscape'>\n\t\t\t\t<a href='https:\/\/biblioteka.kolobrzeg.pl\/wp-content\/uploads\/2018\/10\/wycieczkacp26091817.jpg' title=\"\" data-rl_title=\"\" class=\"rl-gallery-link\" data-rl_caption=\"\" data-rel=\"lightbox-gallery-1\"><img loading=\"lazy\" decoding=\"async\" width=\"150\" height=\"150\" src=\"https:\/\/biblioteka.kolobrzeg.pl\/wp-content\/uploads\/2018\/10\/wycieczkacp26091817-150x150.jpg\" class=\"attachment-thumbnail size-thumbnail\" alt=\"wycieczka Warszawa\" srcset=\"https:\/\/biblioteka.kolobrzeg.pl\/wp-content\/uploads\/2018\/10\/wycieczkacp26091817-150x150.jpg 150w, https:\/\/biblioteka.kolobrzeg.pl\/wp-content\/uploads\/2018\/10\/wycieczkacp26091817-144x144.jpg 144w\" sizes=\"auto, (max-width: 150px) 100vw, 150px\" \/><\/a>\n\t\t\t<\/dt><\/dl><dl class='gallery-item'>\n\t\t\t<dt class='gallery-icon landscape'>\n\t\t\t\t<a href='https:\/\/biblioteka.kolobrzeg.pl\/wp-content\/uploads\/2018\/10\/wycieczkacp26091818.jpg' title=\"\" data-rl_title=\"\" class=\"rl-gallery-link\" data-rl_caption=\"\" data-rel=\"lightbox-gallery-1\"><img loading=\"lazy\" decoding=\"async\" width=\"150\" height=\"150\" src=\"https:\/\/biblioteka.kolobrzeg.pl\/wp-content\/uploads\/2018\/10\/wycieczkacp26091818-150x150.jpg\" class=\"attachment-thumbnail size-thumbnail\" alt=\"wycieczka Warszawa\" srcset=\"https:\/\/biblioteka.kolobrzeg.pl\/wp-content\/uploads\/2018\/10\/wycieczkacp26091818-150x150.jpg 150w, https:\/\/biblioteka.kolobrzeg.pl\/wp-content\/uploads\/2018\/10\/wycieczkacp26091818-144x144.jpg 144w\" sizes=\"auto, (max-width: 150px) 100vw, 150px\" \/><\/a>\n\t\t\t<\/dt><\/dl><dl class='gallery-item'>\n\t\t\t<dt class='gallery-icon landscape'>\n\t\t\t\t<a href='https:\/\/biblioteka.kolobrzeg.pl\/wp-content\/uploads\/2018\/10\/wycieczkacp26091819.jpg' title=\"\" data-rl_title=\"\" class=\"rl-gallery-link\" data-rl_caption=\"\" data-rel=\"lightbox-gallery-1\"><img loading=\"lazy\" decoding=\"async\" width=\"150\" height=\"150\" src=\"https:\/\/biblioteka.kolobrzeg.pl\/wp-content\/uploads\/2018\/10\/wycieczkacp26091819-150x150.jpg\" class=\"attachment-thumbnail size-thumbnail\" alt=\"wycieczka Warszawa\" srcset=\"https:\/\/biblioteka.kolobrzeg.pl\/wp-content\/uploads\/2018\/10\/wycieczkacp26091819-150x150.jpg 150w, https:\/\/biblioteka.kolobrzeg.pl\/wp-content\/uploads\/2018\/10\/wycieczkacp26091819-144x144.jpg 144w\" sizes=\"auto, (max-width: 150px) 100vw, 150px\" \/><\/a>\n\t\t\t<\/dt><\/dl><br style=\"clear: both\" \/><dl class='gallery-item'>\n\t\t\t<dt class='gallery-icon landscape'>\n\t\t\t\t<a href='https:\/\/biblioteka.kolobrzeg.pl\/wp-content\/uploads\/2018\/10\/wycieczkacp26091820.jpg' title=\"\" data-rl_title=\"\" class=\"rl-gallery-link\" data-rl_caption=\"\" data-rel=\"lightbox-gallery-1\"><img loading=\"lazy\" decoding=\"async\" width=\"150\" height=\"150\" src=\"https:\/\/biblioteka.kolobrzeg.pl\/wp-content\/uploads\/2018\/10\/wycieczkacp26091820-150x150.jpg\" class=\"attachment-thumbnail size-thumbnail\" alt=\"wycieczka Warszawa\" srcset=\"https:\/\/biblioteka.kolobrzeg.pl\/wp-content\/uploads\/2018\/10\/wycieczkacp26091820-150x150.jpg 150w, https:\/\/biblioteka.kolobrzeg.pl\/wp-content\/uploads\/2018\/10\/wycieczkacp26091820-144x144.jpg 144w\" sizes=\"auto, (max-width: 150px) 100vw, 150px\" \/><\/a>\n\t\t\t<\/dt><\/dl><dl class='gallery-item'>\n\t\t\t<dt class='gallery-icon landscape'>\n\t\t\t\t<a href='https:\/\/biblioteka.kolobrzeg.pl\/wp-content\/uploads\/2018\/10\/wycieczkacp26091821.jpg' title=\"\" data-rl_title=\"\" class=\"rl-gallery-link\" data-rl_caption=\"\" data-rel=\"lightbox-gallery-1\"><img loading=\"lazy\" decoding=\"async\" width=\"150\" height=\"150\" src=\"https:\/\/biblioteka.kolobrzeg.pl\/wp-content\/uploads\/2018\/10\/wycieczkacp26091821-150x150.jpg\" class=\"attachment-thumbnail size-thumbnail\" alt=\"wycieczka Warszawa\" srcset=\"https:\/\/biblioteka.kolobrzeg.pl\/wp-content\/uploads\/2018\/10\/wycieczkacp26091821-150x150.jpg 150w, https:\/\/biblioteka.kolobrzeg.pl\/wp-content\/uploads\/2018\/10\/wycieczkacp26091821-144x144.jpg 144w\" sizes=\"auto, (max-width: 150px) 100vw, 150px\" \/><\/a>\n\t\t\t<\/dt><\/dl><dl class='gallery-item'>\n\t\t\t<dt class='gallery-icon landscape'>\n\t\t\t\t<a href='https:\/\/biblioteka.kolobrzeg.pl\/wp-content\/uploads\/2018\/10\/wycieczkacp26091822.jpg' title=\"\" data-rl_title=\"\" class=\"rl-gallery-link\" data-rl_caption=\"\" data-rel=\"lightbox-gallery-1\"><img loading=\"lazy\" decoding=\"async\" width=\"150\" height=\"150\" src=\"https:\/\/biblioteka.kolobrzeg.pl\/wp-content\/uploads\/2018\/10\/wycieczkacp26091822-150x150.jpg\" class=\"attachment-thumbnail size-thumbnail\" alt=\"wycieczka Warszawa\" srcset=\"https:\/\/biblioteka.kolobrzeg.pl\/wp-content\/uploads\/2018\/10\/wycieczkacp26091822-150x150.jpg 150w, https:\/\/biblioteka.kolobrzeg.pl\/wp-content\/uploads\/2018\/10\/wycieczkacp26091822-144x144.jpg 144w\" sizes=\"auto, (max-width: 150px) 100vw, 150px\" \/><\/a>\n\t\t\t<\/dt><\/dl><dl class='gallery-item'>\n\t\t\t<dt class='gallery-icon landscape'>\n\t\t\t\t<a href='https:\/\/biblioteka.kolobrzeg.pl\/wp-content\/uploads\/2018\/10\/wycieczkacp26091823.jpg' title=\"\" data-rl_title=\"\" class=\"rl-gallery-link\" data-rl_caption=\"\" data-rel=\"lightbox-gallery-1\"><img loading=\"lazy\" decoding=\"async\" width=\"150\" height=\"150\" src=\"https:\/\/biblioteka.kolobrzeg.pl\/wp-content\/uploads\/2018\/10\/wycieczkacp26091823-150x150.jpg\" class=\"attachment-thumbnail size-thumbnail\" alt=\"wycieczka Warszawa\" srcset=\"https:\/\/biblioteka.kolobrzeg.pl\/wp-content\/uploads\/2018\/10\/wycieczkacp26091823-150x150.jpg 150w, https:\/\/biblioteka.kolobrzeg.pl\/wp-content\/uploads\/2018\/10\/wycieczkacp26091823-144x144.jpg 144w\" sizes=\"auto, (max-width: 150px) 100vw, 150px\" \/><\/a>\n\t\t\t<\/dt><\/dl><dl class='gallery-item'>\n\t\t\t<dt class='gallery-icon landscape'>\n\t\t\t\t<a href='https:\/\/biblioteka.kolobrzeg.pl\/wp-content\/uploads\/2018\/10\/wycieczkacp26091824.jpg' title=\"\" data-rl_title=\"\" class=\"rl-gallery-link\" data-rl_caption=\"\" data-rel=\"lightbox-gallery-1\"><img loading=\"lazy\" decoding=\"async\" width=\"150\" height=\"150\" src=\"https:\/\/biblioteka.kolobrzeg.pl\/wp-content\/uploads\/2018\/10\/wycieczkacp26091824-150x150.jpg\" class=\"attachment-thumbnail size-thumbnail\" alt=\"wycieczka Warszawa\" srcset=\"https:\/\/biblioteka.kolobrzeg.pl\/wp-content\/uploads\/2018\/10\/wycieczkacp26091824-150x150.jpg 150w, https:\/\/biblioteka.kolobrzeg.pl\/wp-content\/uploads\/2018\/10\/wycieczkacp26091824-144x144.jpg 144w\" sizes=\"auto, (max-width: 150px) 100vw, 150px\" \/><\/a>\n\t\t\t<\/dt><\/dl><br style=\"clear: both\" \/><dl class='gallery-item'>\n\t\t\t<dt class='gallery-icon landscape'>\n\t\t\t\t<a href='https:\/\/biblioteka.kolobrzeg.pl\/wp-content\/uploads\/2018\/10\/wycieczkacp26091825.jpg' title=\"\" data-rl_title=\"\" class=\"rl-gallery-link\" data-rl_caption=\"\" data-rel=\"lightbox-gallery-1\"><img loading=\"lazy\" decoding=\"async\" width=\"150\" height=\"150\" src=\"https:\/\/biblioteka.kolobrzeg.pl\/wp-content\/uploads\/2018\/10\/wycieczkacp26091825-150x150.jpg\" class=\"attachment-thumbnail size-thumbnail\" alt=\"wycieczka Warszawa\" srcset=\"https:\/\/biblioteka.kolobrzeg.pl\/wp-content\/uploads\/2018\/10\/wycieczkacp26091825-150x150.jpg 150w, https:\/\/biblioteka.kolobrzeg.pl\/wp-content\/uploads\/2018\/10\/wycieczkacp26091825-144x144.jpg 144w\" sizes=\"auto, (max-width: 150px) 100vw, 150px\" \/><\/a>\n\t\t\t<\/dt><\/dl><dl class='gallery-item'>\n\t\t\t<dt class='gallery-icon landscape'>\n\t\t\t\t<a href='https:\/\/biblioteka.kolobrzeg.pl\/wp-content\/uploads\/2018\/10\/wycieczkacp26091826.jpg' title=\"\" data-rl_title=\"\" class=\"rl-gallery-link\" data-rl_caption=\"\" data-rel=\"lightbox-gallery-1\"><img loading=\"lazy\" decoding=\"async\" width=\"150\" height=\"150\" src=\"https:\/\/biblioteka.kolobrzeg.pl\/wp-content\/uploads\/2018\/10\/wycieczkacp26091826-150x150.jpg\" class=\"attachment-thumbnail size-thumbnail\" alt=\"wycieczka Warszawa\" srcset=\"https:\/\/biblioteka.kolobrzeg.pl\/wp-content\/uploads\/2018\/10\/wycieczkacp26091826-150x150.jpg 150w, https:\/\/biblioteka.kolobrzeg.pl\/wp-content\/uploads\/2018\/10\/wycieczkacp26091826-144x144.jpg 144w\" sizes=\"auto, (max-width: 150px) 100vw, 150px\" \/><\/a>\n\t\t\t<\/dt><\/dl><dl class='gallery-item'>\n\t\t\t<dt class='gallery-icon landscape'>\n\t\t\t\t<a href='https:\/\/biblioteka.kolobrzeg.pl\/wp-content\/uploads\/2018\/10\/wycieczkacp26091827.jpg' title=\"\" data-rl_title=\"\" class=\"rl-gallery-link\" data-rl_caption=\"\" data-rel=\"lightbox-gallery-1\"><img loading=\"lazy\" decoding=\"async\" width=\"150\" height=\"150\" src=\"https:\/\/biblioteka.kolobrzeg.pl\/wp-content\/uploads\/2018\/10\/wycieczkacp26091827-150x150.jpg\" class=\"attachment-thumbnail size-thumbnail\" alt=\"wycieczka Warszawa\" srcset=\"https:\/\/biblioteka.kolobrzeg.pl\/wp-content\/uploads\/2018\/10\/wycieczkacp26091827-150x150.jpg 150w, https:\/\/biblioteka.kolobrzeg.pl\/wp-content\/uploads\/2018\/10\/wycieczkacp26091827-144x144.jpg 144w\" sizes=\"auto, (max-width: 150px) 100vw, 150px\" \/><\/a>\n\t\t\t<\/dt><\/dl><dl class='gallery-item'>\n\t\t\t<dt class='gallery-icon landscape'>\n\t\t\t\t<a href='https:\/\/biblioteka.kolobrzeg.pl\/wp-content\/uploads\/2018\/10\/wycieczkacp26091828.jpg' title=\"\" data-rl_title=\"\" class=\"rl-gallery-link\" data-rl_caption=\"\" data-rel=\"lightbox-gallery-1\"><img loading=\"lazy\" decoding=\"async\" width=\"150\" height=\"150\" src=\"https:\/\/biblioteka.kolobrzeg.pl\/wp-content\/uploads\/2018\/10\/wycieczkacp26091828-150x150.jpg\" class=\"attachment-thumbnail size-thumbnail\" alt=\"wycieczka Warszawa\" srcset=\"https:\/\/biblioteka.kolobrzeg.pl\/wp-content\/uploads\/2018\/10\/wycieczkacp26091828-150x150.jpg 150w, https:\/\/biblioteka.kolobrzeg.pl\/wp-content\/uploads\/2018\/10\/wycieczkacp26091828-144x144.jpg 144w\" sizes=\"auto, (max-width: 150px) 100vw, 150px\" \/><\/a>\n\t\t\t<\/dt><\/dl><dl class='gallery-item'>\n\t\t\t<dt class='gallery-icon landscape'>\n\t\t\t\t<a href='https:\/\/biblioteka.kolobrzeg.pl\/wp-content\/uploads\/2018\/10\/wycieczkacp26091829.jpg' title=\"\" data-rl_title=\"\" class=\"rl-gallery-link\" data-rl_caption=\"\" data-rel=\"lightbox-gallery-1\"><img loading=\"lazy\" decoding=\"async\" width=\"150\" height=\"150\" src=\"https:\/\/biblioteka.kolobrzeg.pl\/wp-content\/uploads\/2018\/10\/wycieczkacp26091829-150x150.jpg\" class=\"attachment-thumbnail size-thumbnail\" alt=\"wycieczka Warszawa\" srcset=\"https:\/\/biblioteka.kolobrzeg.pl\/wp-content\/uploads\/2018\/10\/wycieczkacp26091829-150x150.jpg 150w, https:\/\/biblioteka.kolobrzeg.pl\/wp-content\/uploads\/2018\/10\/wycieczkacp26091829-144x144.jpg 144w\" sizes=\"auto, (max-width: 150px) 100vw, 150px\" \/><\/a>\n\t\t\t<\/dt><\/dl><br style=\"clear: both\" \/><dl class='gallery-item'>\n\t\t\t<dt class='gallery-icon landscape'>\n\t\t\t\t<a href='https:\/\/biblioteka.kolobrzeg.pl\/wp-content\/uploads\/2018\/10\/wycieczkacp26091830.jpg' title=\"\" data-rl_title=\"\" class=\"rl-gallery-link\" data-rl_caption=\"\" data-rel=\"lightbox-gallery-1\"><img loading=\"lazy\" decoding=\"async\" width=\"150\" height=\"150\" src=\"https:\/\/biblioteka.kolobrzeg.pl\/wp-content\/uploads\/2018\/10\/wycieczkacp26091830-150x150.jpg\" class=\"attachment-thumbnail size-thumbnail\" alt=\"wycieczka Warszawa\" srcset=\"https:\/\/biblioteka.kolobrzeg.pl\/wp-content\/uploads\/2018\/10\/wycieczkacp26091830-150x150.jpg 150w, https:\/\/biblioteka.kolobrzeg.pl\/wp-content\/uploads\/2018\/10\/wycieczkacp26091830-144x144.jpg 144w\" sizes=\"auto, (max-width: 150px) 100vw, 150px\" \/><\/a>\n\t\t\t<\/dt><\/dl><dl class='gallery-item'>\n\t\t\t<dt class='gallery-icon landscape'>\n\t\t\t\t<a href='https:\/\/biblioteka.kolobrzeg.pl\/wp-content\/uploads\/2018\/10\/wycieczkacp2609181.jpg' title=\"\" data-rl_title=\"\" class=\"rl-gallery-link\" data-rl_caption=\"\" data-rel=\"lightbox-gallery-1\"><img loading=\"lazy\" decoding=\"async\" width=\"150\" height=\"150\" src=\"https:\/\/biblioteka.kolobrzeg.pl\/wp-content\/uploads\/2018\/10\/wycieczkacp2609181-150x150.jpg\" class=\"attachment-thumbnail size-thumbnail\" alt=\"wycieczka Warszawa\" srcset=\"https:\/\/biblioteka.kolobrzeg.pl\/wp-content\/uploads\/2018\/10\/wycieczkacp2609181-150x150.jpg 150w, https:\/\/biblioteka.kolobrzeg.pl\/wp-content\/uploads\/2018\/10\/wycieczkacp2609181-144x144.jpg 144w\" sizes=\"auto, (max-width: 150px) 100vw, 150px\" \/><\/a>\n\t\t\t<\/dt><\/dl><dl class='gallery-item'>\n\t\t\t<dt class='gallery-icon landscape'>\n\t\t\t\t<a href='https:\/\/biblioteka.kolobrzeg.pl\/wp-content\/uploads\/2018\/10\/wycieczkacp2609182.jpg' title=\"\" data-rl_title=\"\" class=\"rl-gallery-link\" data-rl_caption=\"\" data-rel=\"lightbox-gallery-1\"><img loading=\"lazy\" decoding=\"async\" width=\"150\" height=\"150\" src=\"https:\/\/biblioteka.kolobrzeg.pl\/wp-content\/uploads\/2018\/10\/wycieczkacp2609182-150x150.jpg\" class=\"attachment-thumbnail size-thumbnail\" alt=\"wycieczka Warszawa\" srcset=\"https:\/\/biblioteka.kolobrzeg.pl\/wp-content\/uploads\/2018\/10\/wycieczkacp2609182-150x150.jpg 150w, https:\/\/biblioteka.kolobrzeg.pl\/wp-content\/uploads\/2018\/10\/wycieczkacp2609182-144x144.jpg 144w\" sizes=\"auto, (max-width: 150px) 100vw, 150px\" \/><\/a>\n\t\t\t<\/dt><\/dl><dl class='gallery-item'>\n\t\t\t<dt class='gallery-icon landscape'>\n\t\t\t\t<a href='https:\/\/biblioteka.kolobrzeg.pl\/wp-content\/uploads\/2018\/10\/wycieczkacp2609183.jpg' title=\"\" data-rl_title=\"\" class=\"rl-gallery-link\" data-rl_caption=\"\" data-rel=\"lightbox-gallery-1\"><img loading=\"lazy\" decoding=\"async\" width=\"150\" height=\"150\" src=\"https:\/\/biblioteka.kolobrzeg.pl\/wp-content\/uploads\/2018\/10\/wycieczkacp2609183-150x150.jpg\" class=\"attachment-thumbnail size-thumbnail\" alt=\"wycieczka Warszawa\" srcset=\"https:\/\/biblioteka.kolobrzeg.pl\/wp-content\/uploads\/2018\/10\/wycieczkacp2609183-150x150.jpg 150w, https:\/\/biblioteka.kolobrzeg.pl\/wp-content\/uploads\/2018\/10\/wycieczkacp2609183-144x144.jpg 144w\" sizes=\"auto, (max-width: 150px) 100vw, 150px\" \/><\/a>\n\t\t\t<\/dt><\/dl><dl class='gallery-item'>\n\t\t\t<dt class='gallery-icon landscape'>\n\t\t\t\t<a href='https:\/\/biblioteka.kolobrzeg.pl\/wp-content\/uploads\/2018\/10\/wycieczkacp2609184.jpg' title=\"\" data-rl_title=\"\" class=\"rl-gallery-link\" data-rl_caption=\"\" data-rel=\"lightbox-gallery-1\"><img loading=\"lazy\" decoding=\"async\" width=\"150\" height=\"150\" src=\"https:\/\/biblioteka.kolobrzeg.pl\/wp-content\/uploads\/2018\/10\/wycieczkacp2609184-150x150.jpg\" class=\"attachment-thumbnail size-thumbnail\" alt=\"wycieczka Warszawa\" srcset=\"https:\/\/biblioteka.kolobrzeg.pl\/wp-content\/uploads\/2018\/10\/wycieczkacp2609184-150x150.jpg 150w, https:\/\/biblioteka.kolobrzeg.pl\/wp-content\/uploads\/2018\/10\/wycieczkacp2609184-144x144.jpg 144w\" sizes=\"auto, (max-width: 150px) 100vw, 150px\" \/><\/a>\n\t\t\t<\/dt><\/dl><br style=\"clear: both\" \/>\n\t\t<\/div>\n\n","protected":false},"excerpt":{"rendered":"<p>Wcze\u015bniej mia\u0142a miejsce wycieczka edukacyjna do NBP (zwiedzanie, wyk\u0142ad \u201eNBP jako bank centralny. Polityka pieni\u0119\u017cna NBP\u201d dr Marka Zwolankowskiego) oraz Muzeum Narodowego w Szczecinie w ramach projektu \u201eNowe horyzonty ekonomicznego my\u015blenia +55\u2033 realizowanego z Narodowym Bankiem Polskim. Przy okazji uczestnicy wzbogacili swoj\u0105 wiedz\u0119 historyczn\u0105 zwiedzaj\u0105c Podziemne Trasy Szczecina.<\/p><p><a class=\"more-link block-button\" href=\"https:\/\/biblioteka.kolobrzeg.pl\/index.php\/2018\/10\/02\/edukacyjnie-w-warszawie-i-szczecinie\/\">Kontynuuj czytanie &raquo;<\/a><\/p>\n","protected":false},"author":1,"featured_media":5674,"comment_status":"closed","ping_status":"closed","sticky":false,"template":"","format":"standard","meta":{"jetpack_post_was_ever_published":false,"_jetpack_newsletter_access":"","_jetpack_dont_email_post_to_subs":false,"_jetpack_newsletter_tier_id":0,"_jetpack_memberships_contains_paywalled_content":false,"_jetpack_memberships_contains_paid_content":false,"footnotes":"","jetpack_publicize_message":"","jetpack_publicize_feature_enabled":true,"jetpack_social_post_already_shared":true,"jetpack_social_options":{"image_generator_settings":{"template":"highway","default_image_id":0,"font":"","enabled":false},"version":2}},"categories":[101],"tags":[138,139,174],"class_list":["post-5668","post","type-post","status-publish","format-standard","has-post-thumbnail","hentry","category-cyfrowyswiat","tag-centrum","tag-pieniadza","tag-wycieczka"],"jetpack_publicize_connections":[],"jetpack_featured_media_url":"https:\/\/biblioteka.kolobrzeg.pl\/wp-content\/uploads\/2018\/10\/wycieczkacp26091810.jpg","jetpack_likes_enabled":true,"jetpack_sharing_enabled":true,"_links":{"self":[{"href":"https:\/\/biblioteka.kolobrzeg.pl\/index.php\/wp-json\/wp\/v2\/posts\/5668","targetHints":{"allow":["GET"]}}],"collection":[{"href":"https:\/\/biblioteka.kolobrzeg.pl\/index.php\/wp-json\/wp\/v2\/posts"}],"about":[{"href":"https:\/\/biblioteka.kolobrzeg.pl\/index.php\/wp-json\/wp\/v2\/types\/post"}],"author":[{"embeddable":true,"href":"https:\/\/biblioteka.kolobrzeg.pl\/index.php\/wp-json\/wp\/v2\/users\/1"}],"replies":[{"embeddable":true,"href":"https:\/\/biblioteka.kolobrzeg.pl\/index.php\/wp-json\/wp\/v2\/comments?post=5668"}],"version-history":[{"count":0,"href":"https:\/\/biblioteka.kolobrzeg.pl\/index.php\/wp-json\/wp\/v2\/posts\/5668\/revisions"}],"wp:featuredmedia":[{"embeddable":true,"href":"https:\/\/biblioteka.kolobrzeg.pl\/index.php\/wp-json\/wp\/v2\/media\/5674"}],"wp:attachment":[{"href":"https:\/\/biblioteka.kolobrzeg.pl\/index.php\/wp-json\/wp\/v2\/media?parent=5668"}],"wp:term":[{"taxonomy":"category","embeddable":true,"href":"https:\/\/biblioteka.kolobrzeg.pl\/index.php\/wp-json\/wp\/v2\/categories?post=5668"},{"taxonomy":"post_tag","embeddable":true,"href":"https:\/\/biblioteka.kolobrzeg.pl\/index.php\/wp-json\/wp\/v2\/tags?post=5668"}],"curies":[{"name":"wp","href":"https:\/\/api.w.org\/{rel}","templated":true}]}}