{"id":6095,"date":"2018-12-03T13:22:27","date_gmt":"2018-12-03T12:22:27","guid":{"rendered":"https:\/\/biblioteka.kolobrzeg.pl\/?p=6095"},"modified":"2019-01-07T13:01:29","modified_gmt":"2019-01-07T12:01:29","slug":"ksiazka-miesiaca-ibuk-libra-24","status":"publish","type":"post","link":"https:\/\/biblioteka.kolobrzeg.pl\/index.php\/2018\/12\/03\/ksiazka-miesiaca-ibuk-libra-24\/","title":{"rendered":"Ksi\u0105\u017cka miesi\u0105ca IBUK Libra"},"content":{"rendered":"<p style=\"text-align: left;\"><a href=\"https:\/\/biblioteka.kolobrzeg.pl\/wp-content\/uploads\/2018\/12\/ibuk122018.jpg\" data-rel=\"lightbox-image-0\" data-rl_title=\"\" data-rl_caption=\"\" title=\"\"><img loading=\"lazy\" decoding=\"async\" class=\"alignleft wp-image-6096\" src=\"https:\/\/biblioteka.kolobrzeg.pl\/wp-content\/uploads\/2018\/12\/ibuk122018.jpg\" alt=\"IBuk Libra ksi\u0105\u017cka miesi\u0105ca\" width=\"105\" height=\"150\" srcset=\"https:\/\/biblioteka.kolobrzeg.pl\/wp-content\/uploads\/2018\/12\/ibuk122018.jpg 300w, https:\/\/biblioteka.kolobrzeg.pl\/wp-content\/uploads\/2018\/12\/ibuk122018-211x300.jpg 211w\" sizes=\"auto, (max-width: 105px) 100vw, 105px\" \/><\/a>W ramach akcji \u201ePrezent od IBUK Libra\u201d, proponujemy ksi\u0105\u017ck\u0119 <strong>Moda Polska Warszawa <\/strong>, autorstwa Ewy Rzechorzek.<!--more--><\/p>\n<p>Po kim Jadwiga Grabowska odziedziczy\u0142a zami\u0142owanie do mody?<br \/>\nJak po wojnie organizowa\u0142y si\u0119 w Warszawie warsztaty krawieckie?<br \/>\nJak w latach 50. ewoluowa\u0142y fasony kobiecych okry\u0107: od bezkszta\u0142tnego p\u0142aszcza po m\u0119\u017cu do spektakularnych paryskich linii?<br \/>\nCzym by\u0142y \u201e\u017cywe \u017curnale mody\u201d?<br \/>\nJak prowokowano PRL-owski przemys\u0142 do produkcji gustownych tkanin?<br \/>\nJak propagowano polsk\u0105 mod\u0119 w kraju i za granic\u0105?<br \/>\nCzy Jadwiga Grabowska ponios\u0142a dydaktyczn\u0105 pora\u017ck\u0119?<br \/>\nEwa Rzechorzek opisuje bogat\u0105 i barwn\u0105 histori\u0119 Mody Polskiej \u2013 instytucji, kt\u00f3rej za zadanie postawiono edukacj\u0119 w zakresie mody i stylu. W fascynuj\u0105cy spos\u00f3b opowiada o szczeg\u00f3\u0142ach kroju, fakturze tkanin, zapachu perfum&#8230; Przede wszystkim jednak skupia si\u0119 na najwa\u017cniejszym elemencie sukcesu przedsi\u0119biorstwa: na ludziach. Fundamentem opowie\u015bci s\u0105 losy Jadwigi Grabowskiej \u2013 \u201eministra mody\u201d w Polsce. Rodaczki nie mia\u0142y u niej wysokich notowa\u0144, a lista zarzut\u00f3w by\u0142a d\u0142uga: nie dbaj\u0105 o lini\u0119, nie potrafi\u0105 si\u0119 porusza\u0107, brzydko siedz\u0105, \u017ale dobieraj\u0105 odcie\u0144 po\u0144czoch, nie dbaj\u0105 o obuwie, s\u0105 \u017ale uczesane. I oczywi\u015bcie nie potrafi\u0105 si\u0119 ubra\u0107! Nie bez przyczyny w 1946 roku Grabowska obra\u0142a sobie misj\u0119 \u201eodbudowy polskiej kobiety\u201d<\/p>\n<p>Ksi\u0105\u017cka dost\u0119pna jest w darmowym dost\u0119pie w dniach od 1 do 30 grudnia 2018 r.<\/p>\n<p>Zach\u0119camy do lektury!<br \/>\n<a href=\"http:\/\/libra.ibuk.pl\/\">http:\/\/libra.ibuk.pl\/<\/a><\/p>\n<p>Przypominamy, aby otrzyma\u0107 kod PIN umo\u017cliwiaj\u0105cy bezp\u0142atny dost\u0119p do ksi\u0105\u017cek elektronicznych w domu nale\u017cy:<\/p>\n<ol>\n<li>napisa\u0107 e-maila na adres (ibukkg@biblioteka.kolobrzeg.pl) podaj\u0105c swoje imi\u0119, nazwisko oraz numer karty bibliotecznej.<\/li>\n<li>lub odebra\u0107 go osobi\u015bcie w Czytelni, ul. J. Frankowskiego 3 (I pi\u0119tro) w godzinach pracy Biblioteki.<\/li>\n<\/ol>\n","protected":false},"excerpt":{"rendered":"<p>W ramach akcji \u201ePrezent od IBUK Libra\u201d, proponujemy ksi\u0105\u017ck\u0119 Moda Polska Warszawa , autorstwa Ewy Rzechorzek.<\/p><p><a class=\"more-link block-button\" href=\"https:\/\/biblioteka.kolobrzeg.pl\/index.php\/2018\/12\/03\/ksiazka-miesiaca-ibuk-libra-24\/\">Kontynuuj czytanie &raquo;<\/a><\/p>\n","protected":false},"author":1,"featured_media":6096,"comment_status":"closed","ping_status":"closed","sticky":false,"template":"","format":"standard","meta":{"jetpack_post_was_ever_published":false,"_jetpack_newsletter_access":"","_jetpack_dont_email_post_to_subs":false,"_jetpack_newsletter_tier_id":0,"_jetpack_memberships_contains_paywalled_content":false,"_jetpack_memberships_contains_paid_content":false,"footnotes":"","jetpack_publicize_message":"","jetpack_publicize_feature_enabled":true,"jetpack_social_post_already_shared":true,"jetpack_social_options":{"image_generator_settings":{"template":"highway","default_image_id":0,"font":"","enabled":false},"version":2}},"categories":[1],"tags":[67,69,68,70],"class_list":["post-6095","post","type-post","status-publish","format-standard","has-post-thumbnail","hentry","category-aktualnosci","tag-ibuk","tag-ksiazka","tag-libra","tag-miesiaca"],"jetpack_publicize_connections":[],"jetpack_featured_media_url":"https:\/\/biblioteka.kolobrzeg.pl\/wp-content\/uploads\/2018\/12\/ibuk122018.jpg","jetpack_likes_enabled":true,"jetpack_sharing_enabled":true,"_links":{"self":[{"href":"https:\/\/biblioteka.kolobrzeg.pl\/index.php\/wp-json\/wp\/v2\/posts\/6095","targetHints":{"allow":["GET"]}}],"collection":[{"href":"https:\/\/biblioteka.kolobrzeg.pl\/index.php\/wp-json\/wp\/v2\/posts"}],"about":[{"href":"https:\/\/biblioteka.kolobrzeg.pl\/index.php\/wp-json\/wp\/v2\/types\/post"}],"author":[{"embeddable":true,"href":"https:\/\/biblioteka.kolobrzeg.pl\/index.php\/wp-json\/wp\/v2\/users\/1"}],"replies":[{"embeddable":true,"href":"https:\/\/biblioteka.kolobrzeg.pl\/index.php\/wp-json\/wp\/v2\/comments?post=6095"}],"version-history":[{"count":0,"href":"https:\/\/biblioteka.kolobrzeg.pl\/index.php\/wp-json\/wp\/v2\/posts\/6095\/revisions"}],"wp:featuredmedia":[{"embeddable":true,"href":"https:\/\/biblioteka.kolobrzeg.pl\/index.php\/wp-json\/wp\/v2\/media\/6096"}],"wp:attachment":[{"href":"https:\/\/biblioteka.kolobrzeg.pl\/index.php\/wp-json\/wp\/v2\/media?parent=6095"}],"wp:term":[{"taxonomy":"category","embeddable":true,"href":"https:\/\/biblioteka.kolobrzeg.pl\/index.php\/wp-json\/wp\/v2\/categories?post=6095"},{"taxonomy":"post_tag","embeddable":true,"href":"https:\/\/biblioteka.kolobrzeg.pl\/index.php\/wp-json\/wp\/v2\/tags?post=6095"}],"curies":[{"name":"wp","href":"https:\/\/api.w.org\/{rel}","templated":true}]}}