{"id":7123,"date":"2019-02-01T14:12:17","date_gmt":"2019-02-01T13:12:17","guid":{"rendered":"https:\/\/biblioteka.kolobrzeg.pl\/?p=7123"},"modified":"2019-02-04T15:00:35","modified_gmt":"2019-02-04T14:00:35","slug":"ferie-w-bibliotece-2","status":"publish","type":"post","link":"https:\/\/biblioteka.kolobrzeg.pl\/index.php\/2019\/02\/01\/ferie-w-bibliotece-2\/","title":{"rendered":"Ferie w Bibliotece"},"content":{"rendered":"<p><a href=\"https:\/\/biblioteka.kolobrzeg.pl\/wp-content\/uploads\/2019\/02\/ferie1tydzien0102194.jpg\" data-rel=\"lightbox-image-0\" data-rl_title=\"\" data-rl_caption=\"\" title=\"\"><img loading=\"lazy\" decoding=\"async\" class=\"alignleft wp-image-7124 size-thumbnail\" src=\"https:\/\/biblioteka.kolobrzeg.pl\/wp-content\/uploads\/2019\/02\/ferie1tydzien0102194-150x150.jpg\" alt=\"Pierwszy tydzie\u0144 ferii w Bibliotece\" width=\"150\" height=\"150\" srcset=\"https:\/\/biblioteka.kolobrzeg.pl\/wp-content\/uploads\/2019\/02\/ferie1tydzien0102194-150x150.jpg 150w, https:\/\/biblioteka.kolobrzeg.pl\/wp-content\/uploads\/2019\/02\/ferie1tydzien0102194-144x144.jpg 144w\" sizes=\"auto, (max-width: 150px) 100vw, 150px\" \/><\/a>Pierwszy tydzie\u0144 ferii up\u0142yn\u0105\u0142 pod znakiem wsp\u00f3lnych zabaw, czytania fragment\u00f3w ksi\u0105\u017cek o Neli ma\u0142ej podr\u00f3\u017cniczce, skanowania kod\u00f3w z jej ksi\u0105\u017cek i ogl\u0105dania kr\u00f3tkich filmik\u00f3w. <!--more-->Nie zabrak\u0142o zabawy w \u0107wier\u0107land, w kt\u00f3rej dzieci tworzy\u0142y w\u0142asn\u0105 fantastyczn\u0105 krain\u0119 i o niej opowiada\u0142y.<\/p>\n\n\n<pre class=\"wp-block-preformatted\"><br><br><br><br><\/pre>\n\n\n<p>\u00a0<\/p>\n\n\t\t<style type=\"text\/css\">\n\t\t\t#gallery-1 {\n\t\t\t\tmargin: auto;\n\t\t\t}\n\t\t\t#gallery-1 .gallery-item {\n\t\t\t\tfloat: left;\n\t\t\t\tmargin-top: 10px;\n\t\t\t\ttext-align: center;\n\t\t\t\twidth: 33%;\n\t\t\t}\n\t\t\t#gallery-1 img {\n\t\t\t\tborder: 2px solid #cfcfcf;\n\t\t\t}\n\t\t\t#gallery-1 .gallery-caption {\n\t\t\t\tmargin-left: 0;\n\t\t\t}\n\t\t\t\/* see gallery_shortcode() in wp-includes\/media.php *\/\n\t\t<\/style>\n\t\t<div id='gallery-1' class='gallery galleryid-7123 gallery-columns-3 gallery-size-thumbnail'><dl class='gallery-item'>\n\t\t\t<dt class='gallery-icon landscape'>\n\t\t\t\t<a href='https:\/\/biblioteka.kolobrzeg.pl\/wp-content\/uploads\/2019\/02\/ferie1tydzien0102194.jpg' title=\"\" data-rl_title=\"\" class=\"rl-gallery-link\" data-rl_caption=\"\" data-rel=\"lightbox-gallery-1\"><img loading=\"lazy\" decoding=\"async\" width=\"150\" height=\"150\" src=\"https:\/\/biblioteka.kolobrzeg.pl\/wp-content\/uploads\/2019\/02\/ferie1tydzien0102194-150x150.jpg\" class=\"attachment-thumbnail size-thumbnail\" alt=\"Pierwszy tydzie\u0144 ferii w Bibliotece\" srcset=\"https:\/\/biblioteka.kolobrzeg.pl\/wp-content\/uploads\/2019\/02\/ferie1tydzien0102194-150x150.jpg 150w, https:\/\/biblioteka.kolobrzeg.pl\/wp-content\/uploads\/2019\/02\/ferie1tydzien0102194-144x144.jpg 144w\" sizes=\"auto, (max-width: 150px) 100vw, 150px\" \/><\/a>\n\t\t\t<\/dt><\/dl><dl class='gallery-item'>\n\t\t\t<dt class='gallery-icon landscape'>\n\t\t\t\t<a href='https:\/\/biblioteka.kolobrzeg.pl\/wp-content\/uploads\/2019\/02\/ferie1tydzien0102195.jpg' title=\"\" data-rl_title=\"\" class=\"rl-gallery-link\" data-rl_caption=\"\" data-rel=\"lightbox-gallery-1\"><img loading=\"lazy\" decoding=\"async\" width=\"150\" height=\"150\" src=\"https:\/\/biblioteka.kolobrzeg.pl\/wp-content\/uploads\/2019\/02\/ferie1tydzien0102195-150x150.jpg\" class=\"attachment-thumbnail size-thumbnail\" alt=\"Pierwszy tydzie\u0144 ferii w Bibliotece\" srcset=\"https:\/\/biblioteka.kolobrzeg.pl\/wp-content\/uploads\/2019\/02\/ferie1tydzien0102195-150x150.jpg 150w, https:\/\/biblioteka.kolobrzeg.pl\/wp-content\/uploads\/2019\/02\/ferie1tydzien0102195-144x144.jpg 144w\" sizes=\"auto, (max-width: 150px) 100vw, 150px\" \/><\/a>\n\t\t\t<\/dt><\/dl><dl class='gallery-item'>\n\t\t\t<dt class='gallery-icon landscape'>\n\t\t\t\t<a href='https:\/\/biblioteka.kolobrzeg.pl\/wp-content\/uploads\/2019\/02\/ferie1tydzien0102196.jpg' title=\"\" data-rl_title=\"\" class=\"rl-gallery-link\" data-rl_caption=\"\" data-rel=\"lightbox-gallery-1\"><img loading=\"lazy\" decoding=\"async\" width=\"150\" height=\"150\" src=\"https:\/\/biblioteka.kolobrzeg.pl\/wp-content\/uploads\/2019\/02\/ferie1tydzien0102196-150x150.jpg\" class=\"attachment-thumbnail size-thumbnail\" alt=\"Pierwszy tydzie\u0144 ferii w Bibliotece\" srcset=\"https:\/\/biblioteka.kolobrzeg.pl\/wp-content\/uploads\/2019\/02\/ferie1tydzien0102196-150x150.jpg 150w, https:\/\/biblioteka.kolobrzeg.pl\/wp-content\/uploads\/2019\/02\/ferie1tydzien0102196-144x144.jpg 144w\" sizes=\"auto, (max-width: 150px) 100vw, 150px\" \/><\/a>\n\t\t\t<\/dt><\/dl><br style=\"clear: both\" \/><dl class='gallery-item'>\n\t\t\t<dt class='gallery-icon landscape'>\n\t\t\t\t<a href='https:\/\/biblioteka.kolobrzeg.pl\/wp-content\/uploads\/2019\/02\/ferie1tydzien0102191.jpg' title=\"\" data-rl_title=\"\" class=\"rl-gallery-link\" data-rl_caption=\"\" data-rel=\"lightbox-gallery-1\"><img loading=\"lazy\" decoding=\"async\" width=\"150\" height=\"150\" src=\"https:\/\/biblioteka.kolobrzeg.pl\/wp-content\/uploads\/2019\/02\/ferie1tydzien0102191-150x150.jpg\" class=\"attachment-thumbnail size-thumbnail\" alt=\"Pierwszy tydzie\u0144 ferii w Bibliotece\" srcset=\"https:\/\/biblioteka.kolobrzeg.pl\/wp-content\/uploads\/2019\/02\/ferie1tydzien0102191-150x150.jpg 150w, https:\/\/biblioteka.kolobrzeg.pl\/wp-content\/uploads\/2019\/02\/ferie1tydzien0102191-144x144.jpg 144w\" sizes=\"auto, (max-width: 150px) 100vw, 150px\" \/><\/a>\n\t\t\t<\/dt><\/dl><dl class='gallery-item'>\n\t\t\t<dt class='gallery-icon landscape'>\n\t\t\t\t<a href='https:\/\/biblioteka.kolobrzeg.pl\/wp-content\/uploads\/2019\/02\/ferie1tydzien0102192.jpg' title=\"\" data-rl_title=\"\" class=\"rl-gallery-link\" data-rl_caption=\"\" data-rel=\"lightbox-gallery-1\"><img loading=\"lazy\" decoding=\"async\" width=\"150\" height=\"150\" src=\"https:\/\/biblioteka.kolobrzeg.pl\/wp-content\/uploads\/2019\/02\/ferie1tydzien0102192-150x150.jpg\" class=\"attachment-thumbnail size-thumbnail\" alt=\"Pierwszy tydzie\u0144 ferii w Bibliotece\" srcset=\"https:\/\/biblioteka.kolobrzeg.pl\/wp-content\/uploads\/2019\/02\/ferie1tydzien0102192-150x150.jpg 150w, https:\/\/biblioteka.kolobrzeg.pl\/wp-content\/uploads\/2019\/02\/ferie1tydzien0102192-144x144.jpg 144w\" sizes=\"auto, (max-width: 150px) 100vw, 150px\" \/><\/a>\n\t\t\t<\/dt><\/dl><dl class='gallery-item'>\n\t\t\t<dt class='gallery-icon landscape'>\n\t\t\t\t<a href='https:\/\/biblioteka.kolobrzeg.pl\/wp-content\/uploads\/2019\/02\/ferie1tydzien0102193.jpg' title=\"\" data-rl_title=\"\" class=\"rl-gallery-link\" data-rl_caption=\"\" data-rel=\"lightbox-gallery-1\"><img loading=\"lazy\" decoding=\"async\" width=\"150\" height=\"150\" src=\"https:\/\/biblioteka.kolobrzeg.pl\/wp-content\/uploads\/2019\/02\/ferie1tydzien0102193-150x150.jpg\" class=\"attachment-thumbnail size-thumbnail\" alt=\"Pierwszy tydzie\u0144 ferii w Bibliotece\" srcset=\"https:\/\/biblioteka.kolobrzeg.pl\/wp-content\/uploads\/2019\/02\/ferie1tydzien0102193-150x150.jpg 150w, https:\/\/biblioteka.kolobrzeg.pl\/wp-content\/uploads\/2019\/02\/ferie1tydzien0102193-144x144.jpg 144w\" sizes=\"auto, (max-width: 150px) 100vw, 150px\" \/><\/a>\n\t\t\t<\/dt><\/dl><br style=\"clear: both\" \/>\n\t\t<\/div>\n","protected":false},"excerpt":{"rendered":"<p>Pierwszy tydzie\u0144 ferii up\u0142yn\u0105\u0142 pod znakiem wsp\u00f3lnych zabaw, czytania fragment\u00f3w ksi\u0105\u017cek o Neli ma\u0142ej podr\u00f3\u017cniczce, skanowania kod\u00f3w z jej ksi\u0105\u017cek i ogl\u0105dania kr\u00f3tkich filmik\u00f3w.<\/p><p><a class=\"more-link block-button\" href=\"https:\/\/biblioteka.kolobrzeg.pl\/index.php\/2019\/02\/01\/ferie-w-bibliotece-2\/\">Kontynuuj czytanie &raquo;<\/a><\/p>\n","protected":false},"author":1,"featured_media":7124,"comment_status":"closed","ping_status":"closed","sticky":false,"template":"","format":"standard","meta":{"jetpack_post_was_ever_published":false,"_jetpack_newsletter_access":"","_jetpack_dont_email_post_to_subs":false,"_jetpack_newsletter_tier_id":0,"_jetpack_memberships_contains_paywalled_content":false,"_jetpack_memberships_contains_paid_content":false,"footnotes":"","jetpack_publicize_message":"","jetpack_publicize_feature_enabled":true,"jetpack_social_post_already_shared":true,"jetpack_social_options":{"image_generator_settings":{"template":"highway","default_image_id":0,"font":"","enabled":false},"version":2}},"categories":[1],"tags":[45,99],"class_list":["post-7123","post","type-post","status-publish","format-standard","has-post-thumbnail","hentry","category-aktualnosci","tag-dzieci","tag-ferie"],"jetpack_publicize_connections":[],"jetpack_featured_media_url":"https:\/\/biblioteka.kolobrzeg.pl\/wp-content\/uploads\/2019\/02\/ferie1tydzien0102194.jpg","jetpack_likes_enabled":true,"jetpack_sharing_enabled":true,"_links":{"self":[{"href":"https:\/\/biblioteka.kolobrzeg.pl\/index.php\/wp-json\/wp\/v2\/posts\/7123","targetHints":{"allow":["GET"]}}],"collection":[{"href":"https:\/\/biblioteka.kolobrzeg.pl\/index.php\/wp-json\/wp\/v2\/posts"}],"about":[{"href":"https:\/\/biblioteka.kolobrzeg.pl\/index.php\/wp-json\/wp\/v2\/types\/post"}],"author":[{"embeddable":true,"href":"https:\/\/biblioteka.kolobrzeg.pl\/index.php\/wp-json\/wp\/v2\/users\/1"}],"replies":[{"embeddable":true,"href":"https:\/\/biblioteka.kolobrzeg.pl\/index.php\/wp-json\/wp\/v2\/comments?post=7123"}],"version-history":[{"count":0,"href":"https:\/\/biblioteka.kolobrzeg.pl\/index.php\/wp-json\/wp\/v2\/posts\/7123\/revisions"}],"wp:featuredmedia":[{"embeddable":true,"href":"https:\/\/biblioteka.kolobrzeg.pl\/index.php\/wp-json\/wp\/v2\/media\/7124"}],"wp:attachment":[{"href":"https:\/\/biblioteka.kolobrzeg.pl\/index.php\/wp-json\/wp\/v2\/media?parent=7123"}],"wp:term":[{"taxonomy":"category","embeddable":true,"href":"https:\/\/biblioteka.kolobrzeg.pl\/index.php\/wp-json\/wp\/v2\/categories?post=7123"},{"taxonomy":"post_tag","embeddable":true,"href":"https:\/\/biblioteka.kolobrzeg.pl\/index.php\/wp-json\/wp\/v2\/tags?post=7123"}],"curies":[{"name":"wp","href":"https:\/\/api.w.org\/{rel}","templated":true}]}}