{"id":728,"date":"2016-09-14T17:27:23","date_gmt":"2016-09-14T15:27:23","guid":{"rendered":"http:\/\/biblioteka.kolobrzeg.pl\/wordpress\/?p=728"},"modified":"2016-09-27T16:22:56","modified_gmt":"2016-09-27T14:22:56","slug":"komputerowy-cpun-spotkanie-autorskie","status":"publish","type":"post","link":"https:\/\/biblioteka.kolobrzeg.pl\/index.php\/2016\/09\/14\/komputerowy-cpun-spotkanie-autorskie\/","title":{"rendered":"Komputerowy \u0107pun &#8211; spotkanie autorskie"},"content":{"rendered":"<p><a href=\"http:\/\/biblioteka.kolobrzeg.pl\/wp-content\/uploads\/2016\/09\/spotkanie1409164.jpg\" data-rel=\"lightbox-image-0\" data-rl_title=\"\" data-rl_caption=\"\" title=\"\"><img loading=\"lazy\" decoding=\"async\" class=\"wp-image-732 size-thumbnail alignleft\" src=\"http:\/\/biblioteka.kolobrzeg.pl\/wp-content\/uploads\/2016\/09\/spotkanie1409164-150x150.jpg\" alt=\"Komputerowy \u0107pun spotkanie autorskie\" width=\"150\" height=\"150\" srcset=\"https:\/\/biblioteka.kolobrzeg.pl\/wp-content\/uploads\/2016\/09\/spotkanie1409164-150x150.jpg 150w, https:\/\/biblioteka.kolobrzeg.pl\/wp-content\/uploads\/2016\/09\/spotkanie1409164-300x300.jpg 300w\" sizes=\"auto, (max-width: 150px) 100vw, 150px\" \/><\/a>By\u0142em nerdem \u2013 maniakiem, \u0107punem komputerowym- m\u00f3wi\u0142 o historii swojego \u017cycia Krzysztof Piersa, dziennikarz, autor pierwszej polskiej ksi\u0105\u017cki o uzale\u017cnieniu od gier pt. \u201eKomputerowy \u0107pun\u201d. 14 wrze\u015bnia, podczas spotkania z m\u0142odzie\u017c\u0105 w Ko\u0142obrzeskiej Bibliotece Miejskiej podkre\u015bla\u0142, \u017ce gry komputerowe s\u0105 <!--more-->atrakcyjn\u0105 rozrywk\u0105, pobudzaj\u0105 wyobra\u017ani\u0119, dzi\u0119ki nim mog\u0105 si\u0119 rozwija\u0107 r\u00f3\u017cne pasje, ale &#8211; s\u0105 niezwykle wci\u0105gaj\u0105ce. Mog\u0105 stanowi\u0107 problem. Zaniedbanie, wycofanie spo\u0142eczne, zaburzenia w kontaktach z osobami spoza swojego \u015brodowiska. \u201eMy\u015blisz tylko o grze, ka\u017cda inna czynno\u015b\u0107, nie wiadomo jak wa\u017cna i ulubiona, wydaje si\u0119 nic nieznacz\u0105ca\u201d \u2013 oto prawdziwe oblicze uzale\u017cnienia. \u201eMog\u0142em przegra\u0107 ca\u0142e \u017cycie. Ta ksi\u0105\u017cka to nie jest bro\u0144. Jej celem jest pokazanie jasnych i ciemnych stron tego uzale\u017cnienia. \u0106puna najlepiej wyleczy inny \u0107pun, kt\u00f3ry wygra\u0142 ze swoim uzale\u017cnieniem\u201d.<\/p>\n<p>Spotkanie dofinansowano w ramach \u015brodk\u00f3w MPPiRPA Gminy Miasto Ko\u0142obrzeg.<\/p>\n\n\t\t<style type=\"text\/css\">\n\t\t\t#gallery-1 {\n\t\t\t\tmargin: auto;\n\t\t\t}\n\t\t\t#gallery-1 .gallery-item {\n\t\t\t\tfloat: left;\n\t\t\t\tmargin-top: 10px;\n\t\t\t\ttext-align: center;\n\t\t\t\twidth: 33%;\n\t\t\t}\n\t\t\t#gallery-1 img {\n\t\t\t\tborder: 2px solid #cfcfcf;\n\t\t\t}\n\t\t\t#gallery-1 .gallery-caption {\n\t\t\t\tmargin-left: 0;\n\t\t\t}\n\t\t\t\/* see gallery_shortcode() in wp-includes\/media.php *\/\n\t\t<\/style>\n\t\t<div id='gallery-1' class='gallery galleryid-728 gallery-columns-3 gallery-size-thumbnail'><dl class='gallery-item'>\n\t\t\t<dt class='gallery-icon landscape'>\n\t\t\t\t<a href='https:\/\/biblioteka.kolobrzeg.pl\/wp-content\/uploads\/2016\/09\/spotkanie1409162.jpg' title=\"\" data-rl_title=\"\" class=\"rl-gallery-link\" data-rl_caption=\"\" data-rel=\"lightbox-gallery-1\"><img loading=\"lazy\" decoding=\"async\" width=\"150\" height=\"150\" src=\"https:\/\/biblioteka.kolobrzeg.pl\/wp-content\/uploads\/2016\/09\/spotkanie1409162-150x150.jpg\" class=\"attachment-thumbnail size-thumbnail\" alt=\"Komputerowy \u0107pun spotkanie autorskie\" srcset=\"https:\/\/biblioteka.kolobrzeg.pl\/wp-content\/uploads\/2016\/09\/spotkanie1409162-150x150.jpg 150w, https:\/\/biblioteka.kolobrzeg.pl\/wp-content\/uploads\/2016\/09\/spotkanie1409162-300x300.jpg 300w\" sizes=\"auto, (max-width: 150px) 100vw, 150px\" \/><\/a>\n\t\t\t<\/dt><\/dl><dl class='gallery-item'>\n\t\t\t<dt class='gallery-icon landscape'>\n\t\t\t\t<a href='https:\/\/biblioteka.kolobrzeg.pl\/wp-content\/uploads\/2016\/09\/spotkanie1409163.jpg' title=\"\" data-rl_title=\"\" class=\"rl-gallery-link\" data-rl_caption=\"\" data-rel=\"lightbox-gallery-1\"><img loading=\"lazy\" decoding=\"async\" width=\"150\" height=\"150\" src=\"https:\/\/biblioteka.kolobrzeg.pl\/wp-content\/uploads\/2016\/09\/spotkanie1409163-150x150.jpg\" class=\"attachment-thumbnail size-thumbnail\" alt=\"Komputerowy \u0107pun spotkanie autorskie\" srcset=\"https:\/\/biblioteka.kolobrzeg.pl\/wp-content\/uploads\/2016\/09\/spotkanie1409163-150x150.jpg 150w, https:\/\/biblioteka.kolobrzeg.pl\/wp-content\/uploads\/2016\/09\/spotkanie1409163-300x300.jpg 300w\" sizes=\"auto, (max-width: 150px) 100vw, 150px\" \/><\/a>\n\t\t\t<\/dt><\/dl><dl class='gallery-item'>\n\t\t\t<dt class='gallery-icon landscape'>\n\t\t\t\t<a href='https:\/\/biblioteka.kolobrzeg.pl\/wp-content\/uploads\/2016\/09\/spotkanie1409164.jpg' title=\"\" data-rl_title=\"\" class=\"rl-gallery-link\" data-rl_caption=\"\" data-rel=\"lightbox-gallery-1\"><img loading=\"lazy\" decoding=\"async\" width=\"150\" height=\"150\" src=\"https:\/\/biblioteka.kolobrzeg.pl\/wp-content\/uploads\/2016\/09\/spotkanie1409164-150x150.jpg\" class=\"attachment-thumbnail size-thumbnail\" alt=\"Komputerowy \u0107pun spotkanie autorskie\" srcset=\"https:\/\/biblioteka.kolobrzeg.pl\/wp-content\/uploads\/2016\/09\/spotkanie1409164-150x150.jpg 150w, https:\/\/biblioteka.kolobrzeg.pl\/wp-content\/uploads\/2016\/09\/spotkanie1409164-300x300.jpg 300w\" sizes=\"auto, (max-width: 150px) 100vw, 150px\" \/><\/a>\n\t\t\t<\/dt><\/dl><br style=\"clear: both\" \/><dl class='gallery-item'>\n\t\t\t<dt class='gallery-icon landscape'>\n\t\t\t\t<a href='https:\/\/biblioteka.kolobrzeg.pl\/wp-content\/uploads\/2016\/09\/spotkanie1409165.jpg' title=\"\" data-rl_title=\"\" class=\"rl-gallery-link\" data-rl_caption=\"\" data-rel=\"lightbox-gallery-1\"><img loading=\"lazy\" decoding=\"async\" width=\"150\" height=\"150\" src=\"https:\/\/biblioteka.kolobrzeg.pl\/wp-content\/uploads\/2016\/09\/spotkanie1409165-150x150.jpg\" class=\"attachment-thumbnail size-thumbnail\" alt=\"Komputerowy \u0107pun spotkanie autorskie\" srcset=\"https:\/\/biblioteka.kolobrzeg.pl\/wp-content\/uploads\/2016\/09\/spotkanie1409165-150x150.jpg 150w, https:\/\/biblioteka.kolobrzeg.pl\/wp-content\/uploads\/2016\/09\/spotkanie1409165-300x300.jpg 300w\" sizes=\"auto, (max-width: 150px) 100vw, 150px\" \/><\/a>\n\t\t\t<\/dt><\/dl><dl class='gallery-item'>\n\t\t\t<dt class='gallery-icon landscape'>\n\t\t\t\t<a href='https:\/\/biblioteka.kolobrzeg.pl\/wp-content\/uploads\/2016\/09\/spotkanie1409161.jpg' title=\"\" data-rl_title=\"\" class=\"rl-gallery-link\" data-rl_caption=\"\" data-rel=\"lightbox-gallery-1\"><img loading=\"lazy\" decoding=\"async\" width=\"150\" height=\"150\" src=\"https:\/\/biblioteka.kolobrzeg.pl\/wp-content\/uploads\/2016\/09\/spotkanie1409161-150x150.jpg\" class=\"attachment-thumbnail size-thumbnail\" alt=\"Komputerowy \u0107pun spotkanie autorskie\" srcset=\"https:\/\/biblioteka.kolobrzeg.pl\/wp-content\/uploads\/2016\/09\/spotkanie1409161-150x150.jpg 150w, https:\/\/biblioteka.kolobrzeg.pl\/wp-content\/uploads\/2016\/09\/spotkanie1409161-300x300.jpg 300w\" sizes=\"auto, (max-width: 150px) 100vw, 150px\" \/><\/a>\n\t\t\t<\/dt><\/dl>\n\t\t\t<br style='clear: both' \/>\n\t\t<\/div>\n\n","protected":false},"excerpt":{"rendered":"<p>By\u0142em nerdem \u2013 maniakiem, \u0107punem komputerowym- m\u00f3wi\u0142 o historii swojego \u017cycia Krzysztof Piersa, dziennikarz, autor pierwszej polskiej ksi\u0105\u017cki o uzale\u017cnieniu od gier pt. \u201eKomputerowy \u0107pun\u201d. 14 wrze\u015bnia, podczas spotkania z m\u0142odzie\u017c\u0105 w Ko\u0142obrzeskiej Bibliotece Miejskiej podkre\u015bla\u0142, \u017ce gry komputerowe s\u0105<\/p><p><a class=\"more-link block-button\" href=\"https:\/\/biblioteka.kolobrzeg.pl\/index.php\/2016\/09\/14\/komputerowy-cpun-spotkanie-autorskie\/\">Kontynuuj czytanie &raquo;<\/a><\/p>\n","protected":false},"author":1,"featured_media":730,"comment_status":"closed","ping_status":"closed","sticky":false,"template":"","format":"standard","meta":{"jetpack_post_was_ever_published":false,"_jetpack_newsletter_access":"","_jetpack_dont_email_post_to_subs":false,"_jetpack_newsletter_tier_id":0,"_jetpack_memberships_contains_paywalled_content":false,"_jetpack_memberships_contains_paid_content":false,"footnotes":"","jetpack_publicize_message":"","jetpack_publicize_feature_enabled":true,"jetpack_social_post_already_shared":false,"jetpack_social_options":{"image_generator_settings":{"template":"highway","default_image_id":0,"font":"","enabled":false},"version":2}},"categories":[1],"tags":[28,37,30],"class_list":["post-728","post","type-post","status-publish","format-standard","has-post-thumbnail","hentry","category-aktualnosci","tag-28","tag-autorskie","tag-spotkanie"],"jetpack_publicize_connections":[],"jetpack_featured_media_url":"https:\/\/biblioteka.kolobrzeg.pl\/wp-content\/uploads\/2016\/09\/spotkanie1409162.jpg","jetpack_likes_enabled":true,"jetpack_sharing_enabled":true,"_links":{"self":[{"href":"https:\/\/biblioteka.kolobrzeg.pl\/index.php\/wp-json\/wp\/v2\/posts\/728","targetHints":{"allow":["GET"]}}],"collection":[{"href":"https:\/\/biblioteka.kolobrzeg.pl\/index.php\/wp-json\/wp\/v2\/posts"}],"about":[{"href":"https:\/\/biblioteka.kolobrzeg.pl\/index.php\/wp-json\/wp\/v2\/types\/post"}],"author":[{"embeddable":true,"href":"https:\/\/biblioteka.kolobrzeg.pl\/index.php\/wp-json\/wp\/v2\/users\/1"}],"replies":[{"embeddable":true,"href":"https:\/\/biblioteka.kolobrzeg.pl\/index.php\/wp-json\/wp\/v2\/comments?post=728"}],"version-history":[{"count":0,"href":"https:\/\/biblioteka.kolobrzeg.pl\/index.php\/wp-json\/wp\/v2\/posts\/728\/revisions"}],"wp:featuredmedia":[{"embeddable":true,"href":"https:\/\/biblioteka.kolobrzeg.pl\/index.php\/wp-json\/wp\/v2\/media\/730"}],"wp:attachment":[{"href":"https:\/\/biblioteka.kolobrzeg.pl\/index.php\/wp-json\/wp\/v2\/media?parent=728"}],"wp:term":[{"taxonomy":"category","embeddable":true,"href":"https:\/\/biblioteka.kolobrzeg.pl\/index.php\/wp-json\/wp\/v2\/categories?post=728"},{"taxonomy":"post_tag","embeddable":true,"href":"https:\/\/biblioteka.kolobrzeg.pl\/index.php\/wp-json\/wp\/v2\/tags?post=728"}],"curies":[{"name":"wp","href":"https:\/\/api.w.org\/{rel}","templated":true}]}}