{"id":7347,"date":"2019-02-11T14:31:16","date_gmt":"2019-02-11T13:31:16","guid":{"rendered":"https:\/\/biblioteka.kolobrzeg.pl\/?p=7347"},"modified":"2019-02-18T14:40:57","modified_gmt":"2019-02-18T13:40:57","slug":"bajkowe-poranki-70","status":"publish","type":"post","link":"https:\/\/biblioteka.kolobrzeg.pl\/index.php\/2019\/02\/11\/bajkowe-poranki-70\/","title":{"rendered":"Bajkowe Poranki"},"content":{"rendered":"<p><a href=\"https:\/\/biblioteka.kolobrzeg.pl\/wp-content\/uploads\/2019\/02\/bajkowep1102192.jpg\" data-rel=\"lightbox-image-0\" data-rl_title=\"\" data-rl_caption=\"\" title=\"\"><img loading=\"lazy\" decoding=\"async\" class=\"alignleft wp-image-7348 size-thumbnail\" src=\"https:\/\/biblioteka.kolobrzeg.pl\/wp-content\/uploads\/2019\/02\/bajkowep1102192-150x150.jpg\" alt=\"Bajkowe Poranki\" width=\"150\" height=\"150\" srcset=\"https:\/\/biblioteka.kolobrzeg.pl\/wp-content\/uploads\/2019\/02\/bajkowep1102192-150x150.jpg 150w, https:\/\/biblioteka.kolobrzeg.pl\/wp-content\/uploads\/2019\/02\/bajkowep1102192-144x144.jpg 144w\" sizes=\"auto, (max-width: 150px) 100vw, 150px\" \/><\/a>\u201eBajkowe poranki\u201d, to idealny moment na sp\u0119dzenie czasu z dzieckiem w bibliotece. To tu rodzi si\u0119 mi\u0142o\u015b\u0107 do ksi\u0105\u017cek, zawierane s\u0105 nowe przyja\u017anie, a rodzice maj\u0105 chwil\u0119 na swobodn\u0105 pogaw\u0119dk\u0119, wymienienie si\u0119 do\u015bwiadczeniem.<br \/>Na dzisiejszych zaj\u0119ciach czytali\u015bmy ksi\u0105\u017ck\u0119 autorstwa An Vrombaut \u201d Nied\u017awied\u017a polarny Snowbert\u201d, a nast\u0119pnie udekorowali\u015bmy walentynkowe misie. Nie zabrak\u0142o tak\u017ce ta\u0144c\u00f3w.<!--more--><\/p>\n\n\n<pre class=\"wp-block-preformatted\"><br><br><\/pre>\n\n\n\n\t\t<style type=\"text\/css\">\n\t\t\t#gallery-1 {\n\t\t\t\tmargin: auto;\n\t\t\t}\n\t\t\t#gallery-1 .gallery-item {\n\t\t\t\tfloat: left;\n\t\t\t\tmargin-top: 10px;\n\t\t\t\ttext-align: center;\n\t\t\t\twidth: 33%;\n\t\t\t}\n\t\t\t#gallery-1 img {\n\t\t\t\tborder: 2px solid #cfcfcf;\n\t\t\t}\n\t\t\t#gallery-1 .gallery-caption {\n\t\t\t\tmargin-left: 0;\n\t\t\t}\n\t\t\t\/* see gallery_shortcode() in wp-includes\/media.php *\/\n\t\t<\/style>\n\t\t<div id='gallery-1' class='gallery galleryid-7347 gallery-columns-3 gallery-size-thumbnail'><dl class='gallery-item'>\n\t\t\t<dt class='gallery-icon landscape'>\n\t\t\t\t<a href='https:\/\/biblioteka.kolobrzeg.pl\/wp-content\/uploads\/2019\/02\/bajkowep1102192.jpg' title=\"\" data-rl_title=\"\" class=\"rl-gallery-link\" data-rl_caption=\"\" data-rel=\"lightbox-gallery-1\"><img loading=\"lazy\" decoding=\"async\" width=\"150\" height=\"150\" src=\"https:\/\/biblioteka.kolobrzeg.pl\/wp-content\/uploads\/2019\/02\/bajkowep1102192-150x150.jpg\" class=\"attachment-thumbnail size-thumbnail\" alt=\"Bajkowe Poranki\" srcset=\"https:\/\/biblioteka.kolobrzeg.pl\/wp-content\/uploads\/2019\/02\/bajkowep1102192-150x150.jpg 150w, https:\/\/biblioteka.kolobrzeg.pl\/wp-content\/uploads\/2019\/02\/bajkowep1102192-144x144.jpg 144w\" sizes=\"auto, (max-width: 150px) 100vw, 150px\" \/><\/a>\n\t\t\t<\/dt><\/dl><dl class='gallery-item'>\n\t\t\t<dt class='gallery-icon landscape'>\n\t\t\t\t<a href='https:\/\/biblioteka.kolobrzeg.pl\/wp-content\/uploads\/2019\/02\/bajkowep1102193.jpg' title=\"\" data-rl_title=\"\" class=\"rl-gallery-link\" data-rl_caption=\"\" data-rel=\"lightbox-gallery-1\"><img loading=\"lazy\" decoding=\"async\" width=\"150\" height=\"150\" src=\"https:\/\/biblioteka.kolobrzeg.pl\/wp-content\/uploads\/2019\/02\/bajkowep1102193-150x150.jpg\" class=\"attachment-thumbnail size-thumbnail\" alt=\"Bajkowe Poranki\" srcset=\"https:\/\/biblioteka.kolobrzeg.pl\/wp-content\/uploads\/2019\/02\/bajkowep1102193-150x150.jpg 150w, https:\/\/biblioteka.kolobrzeg.pl\/wp-content\/uploads\/2019\/02\/bajkowep1102193-144x144.jpg 144w\" sizes=\"auto, (max-width: 150px) 100vw, 150px\" \/><\/a>\n\t\t\t<\/dt><\/dl><dl class='gallery-item'>\n\t\t\t<dt class='gallery-icon landscape'>\n\t\t\t\t<a href='https:\/\/biblioteka.kolobrzeg.pl\/wp-content\/uploads\/2019\/02\/bajkowep1102191.jpg' title=\"\" data-rl_title=\"\" class=\"rl-gallery-link\" data-rl_caption=\"\" data-rel=\"lightbox-gallery-1\"><img loading=\"lazy\" decoding=\"async\" width=\"150\" height=\"150\" src=\"https:\/\/biblioteka.kolobrzeg.pl\/wp-content\/uploads\/2019\/02\/bajkowep1102191-150x150.jpg\" class=\"attachment-thumbnail size-thumbnail\" alt=\"Bajkowe Poranki\" srcset=\"https:\/\/biblioteka.kolobrzeg.pl\/wp-content\/uploads\/2019\/02\/bajkowep1102191-150x150.jpg 150w, https:\/\/biblioteka.kolobrzeg.pl\/wp-content\/uploads\/2019\/02\/bajkowep1102191-144x144.jpg 144w\" sizes=\"auto, (max-width: 150px) 100vw, 150px\" \/><\/a>\n\t\t\t<\/dt><\/dl><br style=\"clear: both\" \/>\n\t\t<\/div>\n","protected":false},"excerpt":{"rendered":"<p>\u201eBajkowe poranki\u201d, to idealny moment na sp\u0119dzenie czasu z dzieckiem w bibliotece. To tu rodzi si\u0119 mi\u0142o\u015b\u0107 do ksi\u0105\u017cek, zawierane s\u0105 nowe przyja\u017anie, a rodzice maj\u0105 chwil\u0119 na swobodn\u0105 pogaw\u0119dk\u0119, wymienienie si\u0119 do\u015bwiadczeniem.Na dzisiejszych zaj\u0119ciach czytali\u015bmy ksi\u0105\u017ck\u0119 autorstwa An Vrombaut \u201d Nied\u017awied\u017a polarny Snowbert\u201d, a nast\u0119pnie udekorowali\u015bmy walentynkowe misie. Nie zabrak\u0142o tak\u017ce ta\u0144c\u00f3w.<\/p><p><a class=\"more-link block-button\" href=\"https:\/\/biblioteka.kolobrzeg.pl\/index.php\/2019\/02\/11\/bajkowe-poranki-70\/\">Kontynuuj czytanie &raquo;<\/a><\/p>\n","protected":false},"author":1,"featured_media":7348,"comment_status":"closed","ping_status":"closed","sticky":false,"template":"","format":"standard","meta":{"jetpack_post_was_ever_published":false,"_jetpack_newsletter_access":"","_jetpack_dont_email_post_to_subs":false,"_jetpack_newsletter_tier_id":0,"_jetpack_memberships_contains_paywalled_content":false,"_jetpack_memberships_contains_paid_content":false,"footnotes":"","jetpack_publicize_message":"","jetpack_publicize_feature_enabled":true,"jetpack_social_post_already_shared":true,"jetpack_social_options":{"image_generator_settings":{"template":"highway","default_image_id":0,"font":"","enabled":false},"version":2}},"categories":[97],"tags":[31,45,32],"class_list":["post-7347","post","type-post","status-publish","format-standard","has-post-thumbnail","hentry","category-bajkoweporanki","tag-bajkowe","tag-dzieci","tag-poranki"],"jetpack_publicize_connections":[],"jetpack_featured_media_url":"https:\/\/biblioteka.kolobrzeg.pl\/wp-content\/uploads\/2019\/02\/bajkowep1102192.jpg","jetpack_likes_enabled":true,"jetpack_sharing_enabled":true,"_links":{"self":[{"href":"https:\/\/biblioteka.kolobrzeg.pl\/index.php\/wp-json\/wp\/v2\/posts\/7347","targetHints":{"allow":["GET"]}}],"collection":[{"href":"https:\/\/biblioteka.kolobrzeg.pl\/index.php\/wp-json\/wp\/v2\/posts"}],"about":[{"href":"https:\/\/biblioteka.kolobrzeg.pl\/index.php\/wp-json\/wp\/v2\/types\/post"}],"author":[{"embeddable":true,"href":"https:\/\/biblioteka.kolobrzeg.pl\/index.php\/wp-json\/wp\/v2\/users\/1"}],"replies":[{"embeddable":true,"href":"https:\/\/biblioteka.kolobrzeg.pl\/index.php\/wp-json\/wp\/v2\/comments?post=7347"}],"version-history":[{"count":0,"href":"https:\/\/biblioteka.kolobrzeg.pl\/index.php\/wp-json\/wp\/v2\/posts\/7347\/revisions"}],"wp:featuredmedia":[{"embeddable":true,"href":"https:\/\/biblioteka.kolobrzeg.pl\/index.php\/wp-json\/wp\/v2\/media\/7348"}],"wp:attachment":[{"href":"https:\/\/biblioteka.kolobrzeg.pl\/index.php\/wp-json\/wp\/v2\/media?parent=7347"}],"wp:term":[{"taxonomy":"category","embeddable":true,"href":"https:\/\/biblioteka.kolobrzeg.pl\/index.php\/wp-json\/wp\/v2\/categories?post=7347"},{"taxonomy":"post_tag","embeddable":true,"href":"https:\/\/biblioteka.kolobrzeg.pl\/index.php\/wp-json\/wp\/v2\/tags?post=7347"}],"curies":[{"name":"wp","href":"https:\/\/api.w.org\/{rel}","templated":true}]}}