{"id":7617,"date":"2019-03-19T13:10:32","date_gmt":"2019-03-19T12:10:32","guid":{"rendered":"https:\/\/biblioteka.kolobrzeg.pl\/?p=7617"},"modified":"2019-09-13T13:14:32","modified_gmt":"2019-09-13T11:14:32","slug":"spotkanie-dkk-dla-mlodziezy","status":"publish","type":"post","link":"https:\/\/biblioteka.kolobrzeg.pl\/index.php\/2019\/03\/19\/spotkanie-dkk-dla-mlodziezy\/","title":{"rendered":"Spotkanie DKK dla M\u0142odzie\u017cy"},"content":{"rendered":"<p><a href=\"https:\/\/biblioteka.kolobrzeg.pl\/wp-content\/uploads\/2017\/02\/DKK_logotyp.jpeg\" data-rel=\"lightbox-image-0\" data-rl_title=\"\" data-rl_caption=\"\" title=\"\"><img loading=\"lazy\" decoding=\"async\" class=\"alignleft wp-image-1725 size-thumbnail\" src=\"https:\/\/biblioteka.kolobrzeg.pl\/wp-content\/uploads\/2017\/02\/DKK_logotyp-150x150.jpeg\" alt=\"DKK logo\" width=\"150\" height=\"150\" srcset=\"https:\/\/biblioteka.kolobrzeg.pl\/wp-content\/uploads\/2017\/02\/DKK_logotyp-150x150.jpeg 150w, https:\/\/biblioteka.kolobrzeg.pl\/wp-content\/uploads\/2017\/02\/DKK_logotyp-144x144.jpeg 144w\" sizes=\"auto, (max-width: 150px) 100vw, 150px\" \/><\/a> Tematem rozm\u00f3w Dyskusyjnego Klubu Ksi\u0105\u017cki dla M\u0142odzie\u017cy by\u0142a ksi\u0105\u017cka &#8222;Oskar i Pani R\u00f3\u017ca&#8221; autorstwa Erica-Emmanuela Schmitta.<\/p>\n","protected":false},"excerpt":{"rendered":"<p>Tematem rozm\u00f3w Dyskusyjnego Klubu Ksi\u0105\u017cki dla M\u0142odzie\u017cy by\u0142a ksi\u0105\u017cka &#8222;Oskar i Pani R\u00f3\u017ca&#8221; autorstwa Erica-Emmanuela Schmitta.<\/p>\n","protected":false},"author":1,"featured_media":1725,"comment_status":"closed","ping_status":"open","sticky":false,"template":"","format":"standard","meta":{"jetpack_post_was_ever_published":false,"_jetpack_newsletter_access":"","_jetpack_dont_email_post_to_subs":false,"_jetpack_newsletter_tier_id":0,"_jetpack_memberships_contains_paywalled_content":false,"_jetpack_memberships_contains_paid_content":false,"footnotes":"","jetpack_publicize_message":"","jetpack_publicize_feature_enabled":true,"jetpack_social_post_already_shared":true,"jetpack_social_options":{"image_generator_settings":{"template":"highway","default_image_id":0,"font":"","enabled":false},"version":2}},"categories":[248],"tags":[29,66,30],"class_list":["post-7617","post","type-post","status-publish","format-standard","has-post-thumbnail","hentry","category-mdkk","tag-dkk","tag-mlodziez","tag-spotkanie"],"jetpack_publicize_connections":[],"jetpack_featured_media_url":"https:\/\/biblioteka.kolobrzeg.pl\/wp-content\/uploads\/2017\/02\/DKK_logotyp.jpeg","jetpack_likes_enabled":true,"jetpack_sharing_enabled":true,"_links":{"self":[{"href":"https:\/\/biblioteka.kolobrzeg.pl\/index.php\/wp-json\/wp\/v2\/posts\/7617","targetHints":{"allow":["GET"]}}],"collection":[{"href":"https:\/\/biblioteka.kolobrzeg.pl\/index.php\/wp-json\/wp\/v2\/posts"}],"about":[{"href":"https:\/\/biblioteka.kolobrzeg.pl\/index.php\/wp-json\/wp\/v2\/types\/post"}],"author":[{"embeddable":true,"href":"https:\/\/biblioteka.kolobrzeg.pl\/index.php\/wp-json\/wp\/v2\/users\/1"}],"replies":[{"embeddable":true,"href":"https:\/\/biblioteka.kolobrzeg.pl\/index.php\/wp-json\/wp\/v2\/comments?post=7617"}],"version-history":[{"count":0,"href":"https:\/\/biblioteka.kolobrzeg.pl\/index.php\/wp-json\/wp\/v2\/posts\/7617\/revisions"}],"wp:featuredmedia":[{"embeddable":true,"href":"https:\/\/biblioteka.kolobrzeg.pl\/index.php\/wp-json\/wp\/v2\/media\/1725"}],"wp:attachment":[{"href":"https:\/\/biblioteka.kolobrzeg.pl\/index.php\/wp-json\/wp\/v2\/media?parent=7617"}],"wp:term":[{"taxonomy":"category","embeddable":true,"href":"https:\/\/biblioteka.kolobrzeg.pl\/index.php\/wp-json\/wp\/v2\/categories?post=7617"},{"taxonomy":"post_tag","embeddable":true,"href":"https:\/\/biblioteka.kolobrzeg.pl\/index.php\/wp-json\/wp\/v2\/tags?post=7617"}],"curies":[{"name":"wp","href":"https:\/\/api.w.org\/{rel}","templated":true}]}}