{"id":7763,"date":"2019-03-07T11:40:48","date_gmt":"2019-03-07T10:40:48","guid":{"rendered":"https:\/\/biblioteka.kolobrzeg.pl\/?p=7763"},"modified":"2019-04-03T11:46:52","modified_gmt":"2019-04-03T09:46:52","slug":"artystyczne-czwartki-19","status":"publish","type":"post","link":"https:\/\/biblioteka.kolobrzeg.pl\/index.php\/2019\/03\/07\/artystyczne-czwartki-19\/","title":{"rendered":"Artystyczne Czwartki"},"content":{"rendered":"<p><a href=\"https:\/\/biblioteka.kolobrzeg.pl\/wp-content\/uploads\/2019\/04\/artczw0703191.jpg\" data-rel=\"lightbox-image-0\" data-rl_title=\"\" data-rl_caption=\"\" title=\"\"><img loading=\"lazy\" decoding=\"async\" class=\"alignleft wp-image-7765 size-thumbnail\" src=\"https:\/\/biblioteka.kolobrzeg.pl\/wp-content\/uploads\/2019\/04\/artczw0703191-150x150.jpg\" alt=\"Artystyczne Czwartki\" width=\"150\" height=\"150\" \/><\/a>Zbli\u017caj\u0105cy si\u0119 Dzie\u0144 Kobiet by\u0142 pretekstem by na Artystycznych Czwartkach wykona\u0107 pi\u0119kne kolorowe tulipany.<!--more--><\/p>\n\n\n<pre class=\"wp-block-preformatted\"><br><br><br><br><br><br><br><\/pre>\n\n\n\n\t\t<style type=\"text\/css\">\n\t\t\t#gallery-1 {\n\t\t\t\tmargin: auto;\n\t\t\t}\n\t\t\t#gallery-1 .gallery-item {\n\t\t\t\tfloat: left;\n\t\t\t\tmargin-top: 10px;\n\t\t\t\ttext-align: center;\n\t\t\t\twidth: 50%;\n\t\t\t}\n\t\t\t#gallery-1 img {\n\t\t\t\tborder: 2px solid #cfcfcf;\n\t\t\t}\n\t\t\t#gallery-1 .gallery-caption {\n\t\t\t\tmargin-left: 0;\n\t\t\t}\n\t\t\t\/* see gallery_shortcode() in wp-includes\/media.php *\/\n\t\t<\/style>\n\t\t<div id='gallery-1' class='gallery galleryid-7763 gallery-columns-2 gallery-size-thumbnail'><dl class='gallery-item'>\n\t\t\t<dt class='gallery-icon landscape'>\n\t\t\t\t<a href='https:\/\/biblioteka.kolobrzeg.pl\/wp-content\/uploads\/2019\/04\/artczw0703192.jpg' title=\"\" data-rl_title=\"\" class=\"rl-gallery-link\" data-rl_caption=\"\" data-rel=\"lightbox-gallery-1\"><img loading=\"lazy\" decoding=\"async\" width=\"150\" height=\"150\" src=\"https:\/\/biblioteka.kolobrzeg.pl\/wp-content\/uploads\/2019\/04\/artczw0703192-150x150.jpg\" class=\"attachment-thumbnail size-thumbnail\" alt=\"Artystyczne Czwartki\" \/><\/a>\n\t\t\t<\/dt><\/dl><dl class='gallery-item'>\n\t\t\t<dt class='gallery-icon landscape'>\n\t\t\t\t<a href='https:\/\/biblioteka.kolobrzeg.pl\/wp-content\/uploads\/2019\/04\/artczw0703191.jpg' title=\"\" data-rl_title=\"\" class=\"rl-gallery-link\" data-rl_caption=\"\" data-rel=\"lightbox-gallery-1\"><img loading=\"lazy\" decoding=\"async\" width=\"150\" height=\"150\" src=\"https:\/\/biblioteka.kolobrzeg.pl\/wp-content\/uploads\/2019\/04\/artczw0703191-150x150.jpg\" class=\"attachment-thumbnail size-thumbnail\" alt=\"Artystyczne Czwartki\" \/><\/a>\n\t\t\t<\/dt><\/dl><br style=\"clear: both\" \/>\n\t\t<\/div>\n","protected":false},"excerpt":{"rendered":"<p>Zbli\u017caj\u0105cy si\u0119 Dzie\u0144 Kobiet by\u0142 pretekstem by na Artystycznych Czwartkach wykona\u0107 pi\u0119kne kolorowe tulipany.<\/p><p><a class=\"more-link block-button\" href=\"https:\/\/biblioteka.kolobrzeg.pl\/index.php\/2019\/03\/07\/artystyczne-czwartki-19\/\">Kontynuuj czytanie &raquo;<\/a><\/p>\n","protected":false},"author":1,"featured_media":7765,"comment_status":"closed","ping_status":"open","sticky":false,"template":"","format":"standard","meta":{"jetpack_post_was_ever_published":false,"_jetpack_newsletter_access":"","_jetpack_dont_email_post_to_subs":false,"_jetpack_newsletter_tier_id":0,"_jetpack_memberships_contains_paywalled_content":false,"_jetpack_memberships_contains_paid_content":false,"footnotes":"","jetpack_publicize_message":"","jetpack_publicize_feature_enabled":true,"jetpack_social_post_already_shared":true,"jetpack_social_options":{"image_generator_settings":{"template":"highway","default_image_id":0,"font":"","enabled":false},"version":2}},"categories":[240],"tags":[233,234],"class_list":["post-7763","post","type-post","status-publish","format-standard","has-post-thumbnail","hentry","category-artczw","tag-artystyczne","tag-czwartki"],"jetpack_publicize_connections":[],"jetpack_featured_media_url":"https:\/\/biblioteka.kolobrzeg.pl\/wp-content\/uploads\/2019\/04\/artczw0703191.jpg","jetpack_likes_enabled":true,"jetpack_sharing_enabled":true,"_links":{"self":[{"href":"https:\/\/biblioteka.kolobrzeg.pl\/index.php\/wp-json\/wp\/v2\/posts\/7763","targetHints":{"allow":["GET"]}}],"collection":[{"href":"https:\/\/biblioteka.kolobrzeg.pl\/index.php\/wp-json\/wp\/v2\/posts"}],"about":[{"href":"https:\/\/biblioteka.kolobrzeg.pl\/index.php\/wp-json\/wp\/v2\/types\/post"}],"author":[{"embeddable":true,"href":"https:\/\/biblioteka.kolobrzeg.pl\/index.php\/wp-json\/wp\/v2\/users\/1"}],"replies":[{"embeddable":true,"href":"https:\/\/biblioteka.kolobrzeg.pl\/index.php\/wp-json\/wp\/v2\/comments?post=7763"}],"version-history":[{"count":0,"href":"https:\/\/biblioteka.kolobrzeg.pl\/index.php\/wp-json\/wp\/v2\/posts\/7763\/revisions"}],"wp:featuredmedia":[{"embeddable":true,"href":"https:\/\/biblioteka.kolobrzeg.pl\/index.php\/wp-json\/wp\/v2\/media\/7765"}],"wp:attachment":[{"href":"https:\/\/biblioteka.kolobrzeg.pl\/index.php\/wp-json\/wp\/v2\/media?parent=7763"}],"wp:term":[{"taxonomy":"category","embeddable":true,"href":"https:\/\/biblioteka.kolobrzeg.pl\/index.php\/wp-json\/wp\/v2\/categories?post=7763"},{"taxonomy":"post_tag","embeddable":true,"href":"https:\/\/biblioteka.kolobrzeg.pl\/index.php\/wp-json\/wp\/v2\/tags?post=7763"}],"curies":[{"name":"wp","href":"https:\/\/api.w.org\/{rel}","templated":true}]}}