{"id":8017,"date":"2019-05-22T14:42:41","date_gmt":"2019-05-22T12:42:41","guid":{"rendered":"https:\/\/biblioteka.kolobrzeg.pl\/?p=8017"},"modified":"2019-05-23T12:35:19","modified_gmt":"2019-05-23T10:35:19","slug":"spotkanie-dkk-dla-doroslych-4","status":"publish","type":"post","link":"https:\/\/biblioteka.kolobrzeg.pl\/index.php\/2019\/05\/22\/spotkanie-dkk-dla-doroslych-4\/","title":{"rendered":"Spotkanie DKK dla doros\u0142ych"},"content":{"rendered":"<p><a href=\"https:\/\/biblioteka.kolobrzeg.pl\/wp-content\/uploads\/2019\/05\/dkk2205191.jpg\" data-rel=\"lightbox-image-0\" data-rl_title=\"\" data-rl_caption=\"\" title=\"\"><img loading=\"lazy\" decoding=\"async\" class=\"alignleft wp-image-8052 size-thumbnail\" src=\"https:\/\/biblioteka.kolobrzeg.pl\/wp-content\/uploads\/2019\/05\/dkk2205191-150x150.jpg\" alt=\"Spotkanie DKK\" width=\"150\" height=\"150\" \/><\/a>W otoczeniu ko\u0142obrzeskich miejsc akcji powie\u015bci \u201eTak to ten\u201d, takich jak: molo, Pomnik Za\u015blubin z Morzem, binda\u017c grabowy, odby\u0142o si\u0119 spotkanie po\u0142\u0105czone z dyskusj\u0105 o przenikaj\u0105cych si\u0119 losach przedwojennych i powojennych mieszka\u0144c\u00f3w miasta nad rzek\u0105 Pars\u0119t\u0105, w 1945 nosz\u0105c\u0105 nazw\u0119 Pro\u015bnica.<!--more--><br \/>Dyskusyjny Klub Ksi\u0105\u017cki 22 maja 2019 wymieni\u0142 si\u0119 w Trattorii Corleone spostrze\u017ceniami po przeczytaniu lektury Jerzego Sosnowskiego<\/p>\n\n\n<pre class=\"wp-block-preformatted\">\n\n\n<\/pre>\n\n\n\n\t\t<style type=\"text\/css\">\n\t\t\t#gallery-1 {\n\t\t\t\tmargin: auto;\n\t\t\t}\n\t\t\t#gallery-1 .gallery-item {\n\t\t\t\tfloat: left;\n\t\t\t\tmargin-top: 10px;\n\t\t\t\ttext-align: center;\n\t\t\t\twidth: 25%;\n\t\t\t}\n\t\t\t#gallery-1 img {\n\t\t\t\tborder: 2px solid #cfcfcf;\n\t\t\t}\n\t\t\t#gallery-1 .gallery-caption {\n\t\t\t\tmargin-left: 0;\n\t\t\t}\n\t\t\t\/* see gallery_shortcode() in wp-includes\/media.php *\/\n\t\t<\/style>\n\t\t<div id='gallery-1' class='gallery galleryid-8017 gallery-columns-4 gallery-size-thumbnail'><dl class='gallery-item'>\n\t\t\t<dt class='gallery-icon landscape'>\n\t\t\t\t<a href='https:\/\/biblioteka.kolobrzeg.pl\/wp-content\/uploads\/2019\/05\/dkk2205191.jpg' title=\"\" data-rl_title=\"\" class=\"rl-gallery-link\" data-rl_caption=\"\" data-rel=\"lightbox-gallery-1\"><img loading=\"lazy\" decoding=\"async\" width=\"150\" height=\"150\" src=\"https:\/\/biblioteka.kolobrzeg.pl\/wp-content\/uploads\/2019\/05\/dkk2205191-150x150.jpg\" class=\"attachment-thumbnail size-thumbnail\" alt=\"Spotkanie DKK\" \/><\/a>\n\t\t\t<\/dt><\/dl><dl class='gallery-item'>\n\t\t\t<dt class='gallery-icon landscape'>\n\t\t\t\t<a href='https:\/\/biblioteka.kolobrzeg.pl\/wp-content\/uploads\/2019\/05\/dkk2205192.jpg' title=\"\" data-rl_title=\"\" class=\"rl-gallery-link\" data-rl_caption=\"\" data-rel=\"lightbox-gallery-1\"><img loading=\"lazy\" decoding=\"async\" width=\"150\" height=\"150\" src=\"https:\/\/biblioteka.kolobrzeg.pl\/wp-content\/uploads\/2019\/05\/dkk2205192-150x150.jpg\" class=\"attachment-thumbnail size-thumbnail\" alt=\"Spotkanie DKK\" \/><\/a>\n\t\t\t<\/dt><\/dl><dl class='gallery-item'>\n\t\t\t<dt class='gallery-icon landscape'>\n\t\t\t\t<a href='https:\/\/biblioteka.kolobrzeg.pl\/wp-content\/uploads\/2019\/05\/dkk2205193.jpg' title=\"\" data-rl_title=\"\" class=\"rl-gallery-link\" data-rl_caption=\"\" data-rel=\"lightbox-gallery-1\"><img loading=\"lazy\" decoding=\"async\" width=\"150\" height=\"150\" src=\"https:\/\/biblioteka.kolobrzeg.pl\/wp-content\/uploads\/2019\/05\/dkk2205193-150x150.jpg\" class=\"attachment-thumbnail size-thumbnail\" alt=\"Spotkanie DKK\" \/><\/a>\n\t\t\t<\/dt><\/dl><dl class='gallery-item'>\n\t\t\t<dt class='gallery-icon landscape'>\n\t\t\t\t<a href='https:\/\/biblioteka.kolobrzeg.pl\/wp-content\/uploads\/2019\/05\/dkk2205194.jpg' title=\"\" data-rl_title=\"\" class=\"rl-gallery-link\" data-rl_caption=\"\" data-rel=\"lightbox-gallery-1\"><img loading=\"lazy\" decoding=\"async\" width=\"150\" height=\"150\" src=\"https:\/\/biblioteka.kolobrzeg.pl\/wp-content\/uploads\/2019\/05\/dkk2205194-150x150.jpg\" class=\"attachment-thumbnail size-thumbnail\" alt=\"Spotkanie DKK\" \/><\/a>\n\t\t\t<\/dt><\/dl><br style=\"clear: both\" \/>\n\t\t<\/div>\n\n\n<p>Program Dyskusyjny Klub Ksi\u0105\u017cki realizowany jest we wsp\u00f3\u0142pracy z Instytutem Ksi\u0105\u017cki oraz Narodowym Programem Rozwoju Czytelnictwa.<\/p>","protected":false},"excerpt":{"rendered":"<p>W otoczeniu ko\u0142obrzeskich miejsc akcji powie\u015bci \u201eTak to ten\u201d, takich jak: molo, Pomnik Za\u015blubin z Morzem, binda\u017c grabowy, odby\u0142o si\u0119 spotkanie po\u0142\u0105czone z dyskusj\u0105 o przenikaj\u0105cych si\u0119 losach przedwojennych i powojennych mieszka\u0144c\u00f3w miasta nad rzek\u0105 Pars\u0119t\u0105, w 1945 nosz\u0105c\u0105 nazw\u0119 Pro\u015bnica.<\/p><p><a class=\"more-link block-button\" href=\"https:\/\/biblioteka.kolobrzeg.pl\/index.php\/2019\/05\/22\/spotkanie-dkk-dla-doroslych-4\/\">Kontynuuj czytanie &raquo;<\/a><\/p>\n","protected":false},"author":1,"featured_media":8052,"comment_status":"closed","ping_status":"open","sticky":false,"template":"","format":"standard","meta":{"jetpack_post_was_ever_published":false,"_jetpack_newsletter_access":"","_jetpack_dont_email_post_to_subs":false,"_jetpack_newsletter_tier_id":0,"_jetpack_memberships_contains_paywalled_content":false,"_jetpack_memberships_contains_paid_content":false,"footnotes":"","jetpack_publicize_message":"","jetpack_publicize_feature_enabled":true,"jetpack_social_post_already_shared":true,"jetpack_social_options":{"image_generator_settings":{"template":"highway","default_image_id":0,"font":"","enabled":false},"version":2}},"categories":[18],"tags":[29,30],"class_list":["post-8017","post","type-post","status-publish","format-standard","has-post-thumbnail","hentry","category-dkk","tag-dkk","tag-spotkanie"],"jetpack_publicize_connections":[],"jetpack_featured_media_url":"https:\/\/biblioteka.kolobrzeg.pl\/wp-content\/uploads\/2019\/05\/dkk2205191.jpg","jetpack_likes_enabled":true,"jetpack_sharing_enabled":true,"_links":{"self":[{"href":"https:\/\/biblioteka.kolobrzeg.pl\/index.php\/wp-json\/wp\/v2\/posts\/8017","targetHints":{"allow":["GET"]}}],"collection":[{"href":"https:\/\/biblioteka.kolobrzeg.pl\/index.php\/wp-json\/wp\/v2\/posts"}],"about":[{"href":"https:\/\/biblioteka.kolobrzeg.pl\/index.php\/wp-json\/wp\/v2\/types\/post"}],"author":[{"embeddable":true,"href":"https:\/\/biblioteka.kolobrzeg.pl\/index.php\/wp-json\/wp\/v2\/users\/1"}],"replies":[{"embeddable":true,"href":"https:\/\/biblioteka.kolobrzeg.pl\/index.php\/wp-json\/wp\/v2\/comments?post=8017"}],"version-history":[{"count":0,"href":"https:\/\/biblioteka.kolobrzeg.pl\/index.php\/wp-json\/wp\/v2\/posts\/8017\/revisions"}],"wp:featuredmedia":[{"embeddable":true,"href":"https:\/\/biblioteka.kolobrzeg.pl\/index.php\/wp-json\/wp\/v2\/media\/8052"}],"wp:attachment":[{"href":"https:\/\/biblioteka.kolobrzeg.pl\/index.php\/wp-json\/wp\/v2\/media?parent=8017"}],"wp:term":[{"taxonomy":"category","embeddable":true,"href":"https:\/\/biblioteka.kolobrzeg.pl\/index.php\/wp-json\/wp\/v2\/categories?post=8017"},{"taxonomy":"post_tag","embeddable":true,"href":"https:\/\/biblioteka.kolobrzeg.pl\/index.php\/wp-json\/wp\/v2\/tags?post=8017"}],"curies":[{"name":"wp","href":"https:\/\/api.w.org\/{rel}","templated":true}]}}