{"id":8339,"date":"2019-07-04T11:20:13","date_gmt":"2019-07-04T09:20:13","guid":{"rendered":"https:\/\/biblioteka.kolobrzeg.pl\/?p=8339"},"modified":"2019-08-12T11:25:28","modified_gmt":"2019-08-12T09:25:28","slug":"biblioteka-poleca-2","status":"publish","type":"post","link":"https:\/\/biblioteka.kolobrzeg.pl\/index.php\/2019\/07\/04\/biblioteka-poleca-2\/","title":{"rendered":"Biblioteka poleca"},"content":{"rendered":"<p><a href=\"https:\/\/biblioteka.kolobrzeg.pl\/wp-content\/uploads\/2019\/07\/litreg040719.jpg\" data-rel=\"lightbox-image-0\" data-rl_title=\"\" data-rl_caption=\"\" title=\"\"><img loading=\"lazy\" decoding=\"async\" class=\"alignleft wp-image-8338\" src=\"https:\/\/biblioteka.kolobrzeg.pl\/wp-content\/uploads\/2019\/07\/litreg040719.jpg\" alt=\"Literatura regionalna\" width=\"106\" height=\"150\" srcset=\"https:\/\/biblioteka.kolobrzeg.pl\/wp-content\/uploads\/2019\/07\/litreg040719.jpg 450w, https:\/\/biblioteka.kolobrzeg.pl\/wp-content\/uploads\/2019\/07\/litreg040719-213x300.jpg 213w\" sizes=\"auto, (max-width: 106px) 100vw, 106px\" \/><\/a>Ksi\u0119gozbi\u00f3r Biblioteki wzbogaci\u0142a pozycja \u201eReduta Polska a fortyfikacje Twierdzy Ko\u0142obrzeg podczas obl\u0119\u017cenia w 1807 roku&#8221; \u201d, autorstwa Roberta Dziemby.<br \/>\nKsi\u0105\u017cka jest ju\u017c dost\u0119pna w <strong>Wypo\u017cyczalni Popularnonaukowej<\/strong> oraz <strong>Czytelni Regionalnej<\/strong> (ul. Jana Frankowskiego 3).<\/p>\n<p><a href=\"https:\/\/biblioteka.kolobrzeg.pl\/index.php\/literatura-regionalna\/\">https:\/\/biblioteka.kolobrzeg.pl\/index.php\/literatura-regionalna\/<\/a><\/p>\n","protected":false},"excerpt":{"rendered":"<p>Ksi\u0119gozbi\u00f3r Biblioteki wzbogaci\u0142a pozycja \u201eReduta Polska a fortyfikacje Twierdzy Ko\u0142obrzeg podczas obl\u0119\u017cenia w 1807 roku&#8221; \u201d, autorstwa Roberta Dziemby. Ksi\u0105\u017cka jest ju\u017c dost\u0119pna w Wypo\u017cyczalni Popularnonaukowej oraz Czytelni Regionalnej (ul. Jana Frankowskiego 3). https:\/\/biblioteka.kolobrzeg.pl\/index.php\/literatura-regionalna\/<\/p>\n","protected":false},"author":1,"featured_media":8338,"comment_status":"closed","ping_status":"open","sticky":false,"template":"","format":"standard","meta":{"jetpack_post_was_ever_published":false,"_jetpack_newsletter_access":"","_jetpack_dont_email_post_to_subs":false,"_jetpack_newsletter_tier_id":0,"_jetpack_memberships_contains_paywalled_content":false,"_jetpack_memberships_contains_paid_content":false,"footnotes":"","jetpack_publicize_message":"","jetpack_publicize_feature_enabled":true,"jetpack_social_post_already_shared":true,"jetpack_social_options":{"image_generator_settings":{"template":"highway","default_image_id":0,"font":"","enabled":false},"version":2}},"categories":[1],"tags":[33,328],"class_list":["post-8339","post","type-post","status-publish","format-standard","has-post-thumbnail","hentry","category-aktualnosci","tag-biblioteka","tag-poleca"],"jetpack_publicize_connections":[],"jetpack_featured_media_url":"https:\/\/biblioteka.kolobrzeg.pl\/wp-content\/uploads\/2019\/07\/litreg040719.jpg","jetpack_likes_enabled":true,"jetpack_sharing_enabled":true,"_links":{"self":[{"href":"https:\/\/biblioteka.kolobrzeg.pl\/index.php\/wp-json\/wp\/v2\/posts\/8339","targetHints":{"allow":["GET"]}}],"collection":[{"href":"https:\/\/biblioteka.kolobrzeg.pl\/index.php\/wp-json\/wp\/v2\/posts"}],"about":[{"href":"https:\/\/biblioteka.kolobrzeg.pl\/index.php\/wp-json\/wp\/v2\/types\/post"}],"author":[{"embeddable":true,"href":"https:\/\/biblioteka.kolobrzeg.pl\/index.php\/wp-json\/wp\/v2\/users\/1"}],"replies":[{"embeddable":true,"href":"https:\/\/biblioteka.kolobrzeg.pl\/index.php\/wp-json\/wp\/v2\/comments?post=8339"}],"version-history":[{"count":0,"href":"https:\/\/biblioteka.kolobrzeg.pl\/index.php\/wp-json\/wp\/v2\/posts\/8339\/revisions"}],"wp:featuredmedia":[{"embeddable":true,"href":"https:\/\/biblioteka.kolobrzeg.pl\/index.php\/wp-json\/wp\/v2\/media\/8338"}],"wp:attachment":[{"href":"https:\/\/biblioteka.kolobrzeg.pl\/index.php\/wp-json\/wp\/v2\/media?parent=8339"}],"wp:term":[{"taxonomy":"category","embeddable":true,"href":"https:\/\/biblioteka.kolobrzeg.pl\/index.php\/wp-json\/wp\/v2\/categories?post=8339"},{"taxonomy":"post_tag","embeddable":true,"href":"https:\/\/biblioteka.kolobrzeg.pl\/index.php\/wp-json\/wp\/v2\/tags?post=8339"}],"curies":[{"name":"wp","href":"https:\/\/api.w.org\/{rel}","templated":true}]}}