{"id":8613,"date":"2019-09-07T17:09:14","date_gmt":"2019-09-07T15:09:14","guid":{"rendered":"https:\/\/biblioteka.kolobrzeg.pl\/?p=8613"},"modified":"2019-09-09T15:47:35","modified_gmt":"2019-09-09T13:47:35","slug":"osiem-lektur-na-osme-narodowe-czytanie","status":"publish","type":"post","link":"https:\/\/biblioteka.kolobrzeg.pl\/index.php\/2019\/09\/07\/osiem-lektur-na-osme-narodowe-czytanie\/","title":{"rendered":"Osiem lektur na \u00f3sme Narodowe Czytanie"},"content":{"rendered":"<p><a href=\"https:\/\/biblioteka.kolobrzeg.pl\/wp-content\/uploads\/2019\/09\/narodoweczyt0709199.jpg\" data-rel=\"lightbox-image-0\" data-rl_title=\"\" data-rl_caption=\"\" title=\"\"><img loading=\"lazy\" decoding=\"async\" class=\"alignleft wp-image-8675 size-thumbnail\" src=\"https:\/\/biblioteka.kolobrzeg.pl\/wp-content\/uploads\/2019\/09\/narodoweczyt0709199-150x150.jpg\" alt=\"Narodowe Czytanie\" width=\"150\" height=\"150\" \/><\/a>Podczas tegorocznego Narodowego Czytania lektur\u0105 by\u0142y polskie nowele, kt\u00f3re czytali:<br \/>\n&#8211; &#8222;M\u00f3j ojciec wst\u0119puje do stra\u017cak\u00f3w&#8221; (ze zbioru &#8222;Sanatorium pod Klepsydr\u0105&#8221;) Brunona Schulza &#8211; Prezydent Miasta, Anna Mieczkowska<br \/>\n&#8211; &#8222;Dobra pani&#8221; Elizy Orzeszkowej &#8211; Marzena Lubszczyk, Iwona Kasprzak, Bogna Krzesi\u0144ska, Halina Filip, Mariola Legan<!--more--><br \/>\n&#8211; &#8222;Dym&#8221; Marii Konopnickiej &#8211; Lauretta Zi\u0119tala, Bogna Krzesi\u0144ska, Wojciech Czaplewski<br \/>\n&#8211; &#8222;Katarynka&#8221; Boles\u0142awa Prusa &#8211; Halina Filip, Fabian Mrozek, Iwona Kasprzak, Mariola Legan<br \/>\n&#8211; &#8222;Orka&#8221; W\u0142adys\u0142awa Stanis\u0142awa Reymonta &#8211; Mariola Legan, Fabian Mrozek, Halina Filip, Iwona Kasprzak, Wojciech Czaplewski<br \/>\n&#8211; &#8222;Rozdziobi\u0105 nas kruki, wrony&#8230;&#8221; Stefana \u017beromskiego &#8211; Wojciech Czaplewski<br \/>\n&#8211; &#8222;Sachem&#8221; Henryka Sienkiewicza &#8211; Fabian Mrozek<br \/>\n&#8211; &#8222;Sawa&#8221; (z cyklu &#8222;Pami\u0105tki Soplicy&#8221;) Henryka Rzewuskiego &#8211; Jaros\u0142aw Bogus\u0142awski (Jerry).<br \/>\nProwadzenie &#8211; Katarzyna Pechman.<br \/>\nOrganizatorami akcji by\u0142a Gmina Miasto Ko\u0142obrzeg oraz Miejska Biblioteka Publiczna.<br \/>\nBrawa i podzi\u0119kowania dla Czytaj\u0105cych i Uczestnik\u00f3w.<\/p>\n\n\t\t<style type=\"text\/css\">\n\t\t\t#gallery-1 {\n\t\t\t\tmargin: auto;\n\t\t\t}\n\t\t\t#gallery-1 .gallery-item {\n\t\t\t\tfloat: left;\n\t\t\t\tmargin-top: 10px;\n\t\t\t\ttext-align: center;\n\t\t\t\twidth: 25%;\n\t\t\t}\n\t\t\t#gallery-1 img {\n\t\t\t\tborder: 2px solid #cfcfcf;\n\t\t\t}\n\t\t\t#gallery-1 .gallery-caption {\n\t\t\t\tmargin-left: 0;\n\t\t\t}\n\t\t\t\/* see gallery_shortcode() in wp-includes\/media.php *\/\n\t\t<\/style>\n\t\t<div id='gallery-1' class='gallery galleryid-8613 gallery-columns-4 gallery-size-thumbnail'><dl class='gallery-item'>\n\t\t\t<dt class='gallery-icon landscape'>\n\t\t\t\t<a href='https:\/\/biblioteka.kolobrzeg.pl\/wp-content\/uploads\/2019\/09\/narodoweczyt0709193.jpg' title=\"\" data-rl_title=\"\" class=\"rl-gallery-link\" data-rl_caption=\"\" data-rel=\"lightbox-gallery-1\"><img loading=\"lazy\" decoding=\"async\" width=\"150\" height=\"150\" src=\"https:\/\/biblioteka.kolobrzeg.pl\/wp-content\/uploads\/2019\/09\/narodoweczyt0709193-150x150.jpg\" class=\"attachment-thumbnail size-thumbnail\" alt=\"Narodowe Czytanie\" \/><\/a>\n\t\t\t<\/dt><\/dl><dl class='gallery-item'>\n\t\t\t<dt class='gallery-icon landscape'>\n\t\t\t\t<a href='https:\/\/biblioteka.kolobrzeg.pl\/wp-content\/uploads\/2019\/09\/narodoweczyt0709194.jpg' title=\"\" data-rl_title=\"\" class=\"rl-gallery-link\" data-rl_caption=\"\" data-rel=\"lightbox-gallery-1\"><img loading=\"lazy\" decoding=\"async\" width=\"150\" height=\"150\" src=\"https:\/\/biblioteka.kolobrzeg.pl\/wp-content\/uploads\/2019\/09\/narodoweczyt0709194-150x150.jpg\" class=\"attachment-thumbnail size-thumbnail\" alt=\"Narodowe Czytanie\" \/><\/a>\n\t\t\t<\/dt><\/dl><dl class='gallery-item'>\n\t\t\t<dt class='gallery-icon landscape'>\n\t\t\t\t<a href='https:\/\/biblioteka.kolobrzeg.pl\/wp-content\/uploads\/2019\/09\/narodoweczyt0709195.jpg' title=\"\" data-rl_title=\"\" class=\"rl-gallery-link\" data-rl_caption=\"\" data-rel=\"lightbox-gallery-1\"><img loading=\"lazy\" decoding=\"async\" width=\"150\" height=\"150\" src=\"https:\/\/biblioteka.kolobrzeg.pl\/wp-content\/uploads\/2019\/09\/narodoweczyt0709195-150x150.jpg\" class=\"attachment-thumbnail size-thumbnail\" alt=\"Narodowe Czytanie\" \/><\/a>\n\t\t\t<\/dt><\/dl><dl class='gallery-item'>\n\t\t\t<dt class='gallery-icon landscape'>\n\t\t\t\t<a href='https:\/\/biblioteka.kolobrzeg.pl\/wp-content\/uploads\/2019\/09\/narodoweczyt0709196.jpg' title=\"\" data-rl_title=\"\" class=\"rl-gallery-link\" data-rl_caption=\"\" data-rel=\"lightbox-gallery-1\"><img loading=\"lazy\" decoding=\"async\" width=\"150\" height=\"150\" src=\"https:\/\/biblioteka.kolobrzeg.pl\/wp-content\/uploads\/2019\/09\/narodoweczyt0709196-150x150.jpg\" class=\"attachment-thumbnail size-thumbnail\" alt=\"Narodowe Czytanie\" \/><\/a>\n\t\t\t<\/dt><\/dl><br style=\"clear: both\" \/><dl class='gallery-item'>\n\t\t\t<dt class='gallery-icon landscape'>\n\t\t\t\t<a href='https:\/\/biblioteka.kolobrzeg.pl\/wp-content\/uploads\/2019\/09\/narodoweczyt0709197.jpg' title=\"\" data-rl_title=\"\" class=\"rl-gallery-link\" data-rl_caption=\"\" data-rel=\"lightbox-gallery-1\"><img loading=\"lazy\" decoding=\"async\" width=\"150\" height=\"150\" src=\"https:\/\/biblioteka.kolobrzeg.pl\/wp-content\/uploads\/2019\/09\/narodoweczyt0709197-150x150.jpg\" class=\"attachment-thumbnail size-thumbnail\" alt=\"Narodowe Czytanie\" \/><\/a>\n\t\t\t<\/dt><\/dl><dl class='gallery-item'>\n\t\t\t<dt class='gallery-icon landscape'>\n\t\t\t\t<a href='https:\/\/biblioteka.kolobrzeg.pl\/wp-content\/uploads\/2019\/09\/narodoweczyt0709198.jpg' title=\"\" data-rl_title=\"\" class=\"rl-gallery-link\" data-rl_caption=\"\" data-rel=\"lightbox-gallery-1\"><img loading=\"lazy\" decoding=\"async\" width=\"150\" height=\"150\" src=\"https:\/\/biblioteka.kolobrzeg.pl\/wp-content\/uploads\/2019\/09\/narodoweczyt0709198-150x150.jpg\" class=\"attachment-thumbnail size-thumbnail\" alt=\"Narodowe Czytanie\" \/><\/a>\n\t\t\t<\/dt><\/dl><dl class='gallery-item'>\n\t\t\t<dt class='gallery-icon landscape'>\n\t\t\t\t<a href='https:\/\/biblioteka.kolobrzeg.pl\/wp-content\/uploads\/2019\/09\/narodoweczyt0709199.jpg' title=\"\" data-rl_title=\"\" class=\"rl-gallery-link\" data-rl_caption=\"\" data-rel=\"lightbox-gallery-1\"><img loading=\"lazy\" decoding=\"async\" width=\"150\" height=\"150\" src=\"https:\/\/biblioteka.kolobrzeg.pl\/wp-content\/uploads\/2019\/09\/narodoweczyt0709199-150x150.jpg\" class=\"attachment-thumbnail size-thumbnail\" alt=\"Narodowe Czytanie\" \/><\/a>\n\t\t\t<\/dt><\/dl><dl class='gallery-item'>\n\t\t\t<dt class='gallery-icon landscape'>\n\t\t\t\t<a href='https:\/\/biblioteka.kolobrzeg.pl\/wp-content\/uploads\/2019\/09\/narodoweczyt07091910.jpg' title=\"\" data-rl_title=\"\" class=\"rl-gallery-link\" data-rl_caption=\"\" data-rel=\"lightbox-gallery-1\"><img loading=\"lazy\" decoding=\"async\" width=\"150\" height=\"150\" src=\"https:\/\/biblioteka.kolobrzeg.pl\/wp-content\/uploads\/2019\/09\/narodoweczyt07091910-150x150.jpg\" class=\"attachment-thumbnail size-thumbnail\" alt=\"Narodowe Czytanie\" \/><\/a>\n\t\t\t<\/dt><\/dl><br style=\"clear: both\" \/><dl class='gallery-item'>\n\t\t\t<dt class='gallery-icon landscape'>\n\t\t\t\t<a href='https:\/\/biblioteka.kolobrzeg.pl\/wp-content\/uploads\/2019\/09\/narodoweczyt0709191.jpg' title=\"\" data-rl_title=\"\" class=\"rl-gallery-link\" data-rl_caption=\"\" data-rel=\"lightbox-gallery-1\"><img loading=\"lazy\" decoding=\"async\" width=\"150\" height=\"150\" src=\"https:\/\/biblioteka.kolobrzeg.pl\/wp-content\/uploads\/2019\/09\/narodoweczyt0709191-150x150.jpg\" class=\"attachment-thumbnail size-thumbnail\" alt=\"Narodowe Czytanie\" \/><\/a>\n\t\t\t<\/dt><\/dl><dl class='gallery-item'>\n\t\t\t<dt class='gallery-icon landscape'>\n\t\t\t\t<a href='https:\/\/biblioteka.kolobrzeg.pl\/wp-content\/uploads\/2019\/09\/narodoweczyt07091911.jpg' title=\"\" data-rl_title=\"\" class=\"rl-gallery-link\" data-rl_caption=\"\" data-rel=\"lightbox-gallery-1\"><img loading=\"lazy\" decoding=\"async\" width=\"150\" height=\"150\" src=\"https:\/\/biblioteka.kolobrzeg.pl\/wp-content\/uploads\/2019\/09\/narodoweczyt07091911-150x150.jpg\" class=\"attachment-thumbnail size-thumbnail\" alt=\"Narodowe Czytanie\" \/><\/a>\n\t\t\t<\/dt><\/dl><dl class='gallery-item'>\n\t\t\t<dt class='gallery-icon landscape'>\n\t\t\t\t<a href='https:\/\/biblioteka.kolobrzeg.pl\/wp-content\/uploads\/2019\/09\/narodoweczyt0709192.jpg' title=\"\" data-rl_title=\"\" class=\"rl-gallery-link\" data-rl_caption=\"\" data-rel=\"lightbox-gallery-1\"><img loading=\"lazy\" decoding=\"async\" width=\"150\" height=\"150\" src=\"https:\/\/biblioteka.kolobrzeg.pl\/wp-content\/uploads\/2019\/09\/narodoweczyt0709192-150x150.jpg\" class=\"attachment-thumbnail size-thumbnail\" alt=\"Narodowe Czytanie\" \/><\/a>\n\t\t\t<\/dt><\/dl><dl class='gallery-item'>\n\t\t\t<dt class='gallery-icon portrait'>\n\t\t\t\t<a href='https:\/\/biblioteka.kolobrzeg.pl\/wp-content\/uploads\/2019\/08\/narczyt2019.jpg' title=\"\" data-rl_title=\"\" class=\"rl-gallery-link\" data-rl_caption=\"\" data-rel=\"lightbox-gallery-1\"><img loading=\"lazy\" decoding=\"async\" width=\"150\" height=\"150\" src=\"https:\/\/biblioteka.kolobrzeg.pl\/wp-content\/uploads\/2019\/08\/narczyt2019-150x150.jpg\" class=\"attachment-thumbnail size-thumbnail\" alt=\"Narodowe czytanie plakat 2019\" \/><\/a>\n\t\t\t<\/dt><\/dl><br style=\"clear: both\" \/>\n\t\t<\/div>\n\n","protected":false},"excerpt":{"rendered":"<p>Podczas tegorocznego Narodowego Czytania lektur\u0105 by\u0142y polskie nowele, kt\u00f3re czytali: &#8211; &#8222;M\u00f3j ojciec wst\u0119puje do stra\u017cak\u00f3w&#8221; (ze zbioru &#8222;Sanatorium pod Klepsydr\u0105&#8221;) Brunona Schulza &#8211; Prezydent Miasta, Anna Mieczkowska &#8211; &#8222;Dobra pani&#8221; Elizy Orzeszkowej &#8211; Marzena Lubszczyk, Iwona Kasprzak, Bogna Krzesi\u0144ska, Halina Filip, Mariola Legan<\/p><p><a class=\"more-link block-button\" href=\"https:\/\/biblioteka.kolobrzeg.pl\/index.php\/2019\/09\/07\/osiem-lektur-na-osme-narodowe-czytanie\/\">Kontynuuj czytanie &raquo;<\/a><\/p>\n","protected":false},"author":1,"featured_media":8673,"comment_status":"closed","ping_status":"open","sticky":false,"template":"","format":"standard","meta":{"jetpack_post_was_ever_published":false,"_jetpack_newsletter_access":"","_jetpack_dont_email_post_to_subs":false,"_jetpack_newsletter_tier_id":0,"_jetpack_memberships_contains_paywalled_content":false,"_jetpack_memberships_contains_paid_content":false,"footnotes":"","jetpack_publicize_message":"","jetpack_publicize_feature_enabled":true,"jetpack_social_post_already_shared":true,"jetpack_social_options":{"image_generator_settings":{"template":"highway","default_image_id":0,"font":"","enabled":false},"version":2}},"categories":[1],"tags":[27,26],"class_list":["post-8613","post","type-post","status-publish","format-standard","has-post-thumbnail","hentry","category-aktualnosci","tag-czytanie","tag-narodowe"],"jetpack_publicize_connections":[],"jetpack_featured_media_url":"https:\/\/biblioteka.kolobrzeg.pl\/wp-content\/uploads\/2019\/09\/narodoweczyt0709197.jpg","jetpack_likes_enabled":true,"jetpack_sharing_enabled":true,"_links":{"self":[{"href":"https:\/\/biblioteka.kolobrzeg.pl\/index.php\/wp-json\/wp\/v2\/posts\/8613","targetHints":{"allow":["GET"]}}],"collection":[{"href":"https:\/\/biblioteka.kolobrzeg.pl\/index.php\/wp-json\/wp\/v2\/posts"}],"about":[{"href":"https:\/\/biblioteka.kolobrzeg.pl\/index.php\/wp-json\/wp\/v2\/types\/post"}],"author":[{"embeddable":true,"href":"https:\/\/biblioteka.kolobrzeg.pl\/index.php\/wp-json\/wp\/v2\/users\/1"}],"replies":[{"embeddable":true,"href":"https:\/\/biblioteka.kolobrzeg.pl\/index.php\/wp-json\/wp\/v2\/comments?post=8613"}],"version-history":[{"count":0,"href":"https:\/\/biblioteka.kolobrzeg.pl\/index.php\/wp-json\/wp\/v2\/posts\/8613\/revisions"}],"wp:featuredmedia":[{"embeddable":true,"href":"https:\/\/biblioteka.kolobrzeg.pl\/index.php\/wp-json\/wp\/v2\/media\/8673"}],"wp:attachment":[{"href":"https:\/\/biblioteka.kolobrzeg.pl\/index.php\/wp-json\/wp\/v2\/media?parent=8613"}],"wp:term":[{"taxonomy":"category","embeddable":true,"href":"https:\/\/biblioteka.kolobrzeg.pl\/index.php\/wp-json\/wp\/v2\/categories?post=8613"},{"taxonomy":"post_tag","embeddable":true,"href":"https:\/\/biblioteka.kolobrzeg.pl\/index.php\/wp-json\/wp\/v2\/tags?post=8613"}],"curies":[{"name":"wp","href":"https:\/\/api.w.org\/{rel}","templated":true}]}}