{"id":8647,"date":"2019-09-03T09:55:05","date_gmt":"2019-09-03T07:55:05","guid":{"rendered":"https:\/\/biblioteka.kolobrzeg.pl\/?p=8647"},"modified":"2019-10-01T13:29:15","modified_gmt":"2019-10-01T11:29:15","slug":"ksiazka-miesiaca-ibuk-libra-33","status":"publish","type":"post","link":"https:\/\/biblioteka.kolobrzeg.pl\/index.php\/2019\/09\/03\/ksiazka-miesiaca-ibuk-libra-33\/","title":{"rendered":"Ksi\u0105\u017cka miesi\u0105ca IBUK Libra"},"content":{"rendered":"<p><a href=\"https:\/\/biblioteka.kolobrzeg.pl\/wp-content\/uploads\/2019\/09\/ibuk092019.jpg\" data-rel=\"lightbox-image-0\" data-rl_title=\"\" data-rl_caption=\"\" title=\"\"><img loading=\"lazy\" decoding=\"async\" class=\"alignleft wp-image-8648\" src=\"https:\/\/biblioteka.kolobrzeg.pl\/wp-content\/uploads\/2019\/09\/ibuk092019.jpg\" alt=\"IBuk Libra ksi\u0105\u017cka miesi\u0105ca\" width=\"104\" height=\"149\" data-wp-editing=\"1\" srcset=\"https:\/\/biblioteka.kolobrzeg.pl\/wp-content\/uploads\/2019\/09\/ibuk092019.jpg 250w, https:\/\/biblioteka.kolobrzeg.pl\/wp-content\/uploads\/2019\/09\/ibuk092019-210x300.jpg 210w\" sizes=\"auto, (max-width: 104px) 100vw, 104px\" \/><\/a>We wrze\u015bniu IBUK Libra poleca &#8222;Duchowe \u017cycie m\u00f3zgu&#8221; Kennetha M. Heilmana i Russella S. Dondy.<!--more-->Na planecie zamieszka\u0142ej przez 6,9 miliarda ludzi 6 miliard\u00f3w praktykuje jak\u0105\u015b form\u0119 religii.<br \/>\nChrze\u015bcijanie, muzu\u0142manie, hindusi stanowi\u0105 dwie trzecie wszystkich wierz\u0105cych. Pozosta\u0142e 1,4 miliarda to wyznawcy buddyzmu, shinto, sikhizmu, judaizmu, bahaizmu i rozmaitych religii ludowych. \u0141\u0105cznie 87% ludzko\u015bci wierzy w jak\u0105\u015b si\u0142\u0119 nadprzyrodzon\u0105. Ta liczba robi wra\u017cenie.<br \/>\nKt\u00f3re sieci neuronowe w m\u00f3zgu s\u0105 najaktywniejsze, gdy \u017carliwie si\u0119 modlimy, b\u0142agamy Boga, \u015bpiewamy w \u015bwi\u0105tyni, zachwycamy si\u0119 biblijn\u0105 histori\u0105, bronimy naszych religijnych przekona\u0144 lub robimy inne rzeczy zwi\u0105zane z nasz\u0105 wiar\u0105? A kt\u00f3re nie wykazuj\u0105 aktywno\u015bci? Co robi nasz m\u00f3zg, kiedy do\u015bwiadczamy mistycznych lub transcendentnych prze\u017cy\u0107? Kt\u00f3re uk\u0142ady m\u00f3zgowe uczestnicz\u0105 w naszej religijno\u015bci i duchowo\u015bci? W jaki spos\u00f3b odczuwamy i prze\u017cywamy to, co zdaje si\u0119 wykracza\u0107 poza nas samych? Co jest wsp\u00f3lne w do\u015bwiadczeniu religijnym os\u00f3b r\u00f3\u017cnych wyzna\u0144?<br \/>\nTa ksi\u0105\u017cka jest w\u0142a\u015bnie o tym, jak to wszystko si\u0119 dzieje \u2013 jak m\u00f3zg umo\u017cliwia ludziom bycie istotami religijnymi i duchowymi.<\/p>\n<p>Ksi\u0105\u017cka dost\u0119pna jest w darmowym dost\u0119pie do 30 wrze\u015bnia 2019 r.<\/p>\n<p>Zach\u0119camy do lektury!<br \/>\n<a href=\"http:\/\/libra.ibuk.pl\/\">http:\/\/libra.ibuk.pl\/<\/a><\/p>\n<p>Przypominamy, aby otrzyma\u0107 kod PIN umo\u017cliwiaj\u0105cy bezp\u0142atny dost\u0119p do ksi\u0105\u017cek elektronicznych w domu nale\u017cy:<\/p>\n<ol>\n<li>napisa\u0107 e-maila na adres (ibukkg@biblioteka.kolobrzeg.pl) podaj\u0105c swoje imi\u0119, nazwisko oraz numer karty bibliotecznej.<\/li>\n<li>lub odebra\u0107 go osobi\u015bcie w Czytelni, ul. J. Frankowskiego 3 (I pi\u0119tro) w godzinach pracy Biblioteki.<\/li>\n<\/ol>\n","protected":false},"excerpt":{"rendered":"<p>We wrze\u015bniu IBUK Libra poleca &#8222;Duchowe \u017cycie m\u00f3zgu&#8221; Kennetha M. Heilmana i Russella S. Dondy.<\/p><p><a class=\"more-link block-button\" href=\"https:\/\/biblioteka.kolobrzeg.pl\/index.php\/2019\/09\/03\/ksiazka-miesiaca-ibuk-libra-33\/\">Kontynuuj czytanie &raquo;<\/a><\/p>\n","protected":false},"author":1,"featured_media":8648,"comment_status":"closed","ping_status":"open","sticky":false,"template":"","format":"standard","meta":{"jetpack_post_was_ever_published":false,"_jetpack_newsletter_access":"","_jetpack_dont_email_post_to_subs":false,"_jetpack_newsletter_tier_id":0,"_jetpack_memberships_contains_paywalled_content":false,"_jetpack_memberships_contains_paid_content":false,"footnotes":"","jetpack_publicize_message":"","jetpack_publicize_feature_enabled":true,"jetpack_social_post_already_shared":true,"jetpack_social_options":{"image_generator_settings":{"template":"highway","default_image_id":0,"font":"","enabled":false},"version":2}},"categories":[1],"tags":[67,69,68,70],"class_list":["post-8647","post","type-post","status-publish","format-standard","has-post-thumbnail","hentry","category-aktualnosci","tag-ibuk","tag-ksiazka","tag-libra","tag-miesiaca"],"jetpack_publicize_connections":[],"jetpack_featured_media_url":"https:\/\/biblioteka.kolobrzeg.pl\/wp-content\/uploads\/2019\/09\/ibuk092019.jpg","jetpack_likes_enabled":true,"jetpack_sharing_enabled":true,"_links":{"self":[{"href":"https:\/\/biblioteka.kolobrzeg.pl\/index.php\/wp-json\/wp\/v2\/posts\/8647","targetHints":{"allow":["GET"]}}],"collection":[{"href":"https:\/\/biblioteka.kolobrzeg.pl\/index.php\/wp-json\/wp\/v2\/posts"}],"about":[{"href":"https:\/\/biblioteka.kolobrzeg.pl\/index.php\/wp-json\/wp\/v2\/types\/post"}],"author":[{"embeddable":true,"href":"https:\/\/biblioteka.kolobrzeg.pl\/index.php\/wp-json\/wp\/v2\/users\/1"}],"replies":[{"embeddable":true,"href":"https:\/\/biblioteka.kolobrzeg.pl\/index.php\/wp-json\/wp\/v2\/comments?post=8647"}],"version-history":[{"count":0,"href":"https:\/\/biblioteka.kolobrzeg.pl\/index.php\/wp-json\/wp\/v2\/posts\/8647\/revisions"}],"wp:featuredmedia":[{"embeddable":true,"href":"https:\/\/biblioteka.kolobrzeg.pl\/index.php\/wp-json\/wp\/v2\/media\/8648"}],"wp:attachment":[{"href":"https:\/\/biblioteka.kolobrzeg.pl\/index.php\/wp-json\/wp\/v2\/media?parent=8647"}],"wp:term":[{"taxonomy":"category","embeddable":true,"href":"https:\/\/biblioteka.kolobrzeg.pl\/index.php\/wp-json\/wp\/v2\/categories?post=8647"},{"taxonomy":"post_tag","embeddable":true,"href":"https:\/\/biblioteka.kolobrzeg.pl\/index.php\/wp-json\/wp\/v2\/tags?post=8647"}],"curies":[{"name":"wp","href":"https:\/\/api.w.org\/{rel}","templated":true}]}}