{"id":8915,"date":"2019-10-23T11:20:08","date_gmt":"2019-10-23T09:20:08","guid":{"rendered":"https:\/\/biblioteka.kolobrzeg.pl\/?p=8915"},"modified":"2019-10-24T11:30:19","modified_gmt":"2019-10-24T09:30:19","slug":"agresja-przemoc-dopalacze-cykl-zajec-profilaktycznych","status":"publish","type":"post","link":"https:\/\/biblioteka.kolobrzeg.pl\/index.php\/2019\/10\/23\/agresja-przemoc-dopalacze-cykl-zajec-profilaktycznych\/","title":{"rendered":"Agresja, przemoc, dopalacze &#8211; cykl zaj\u0119\u0107 profilaktycznych"},"content":{"rendered":"<p><a href=\"https:\/\/biblioteka.kolobrzeg.pl\/wp-content\/uploads\/2019\/10\/profilaktyka2310193.jpeg\" data-rel=\"lightbox-image-0\" data-rl_title=\"\" data-rl_caption=\"\" title=\"\"><img loading=\"lazy\" decoding=\"async\" class=\"alignleft wp-image-8921 size-thumbnail\" src=\"https:\/\/biblioteka.kolobrzeg.pl\/wp-content\/uploads\/2019\/10\/profilaktyka2310193-150x150.jpeg\" alt=\"cykl zaj\u0119\u0107 profilaktycznych\" width=\"150\" height=\"150\" \/><\/a>Egoistyczny \u201ep\u0119pek \u015bwiata\u201d i agresywne \u201ezagubione sumienie\u201d &#8211; tak, w metaforyczny spos\u00f3b mo\u017cna podsumowa\u0107 problematyk\u0119 edukacyjno-profilaktycznych zaj\u0119\u0107 zorganizowanych 23 pa\u017adziernika w Bibliotece Miejskiej. <!--more--><br \/>Dzieci i ko\u0142obrzeska m\u0142odzie\u017c obejrza\u0142a realistyczne spektakle z \u017cycia wsp\u00f3\u0142czesnych szk\u00f3\u0142, w wykonaniu Teatru Edukacji i Profilaktyki \u201eMaska\u201d, podejmuj\u0105ce pr\u00f3b\u0119 u\u015bwiadomienia uczniom zagro\u017cenia i skutki niew\u0142a\u015bciwego zachowania i braku kontroli nad emocjami. Krzywda, prze\u015bladowanie, manipulacje i upokorzenie \u2013 czasem, mo\u017cna si\u0119 tak w swoich problemach zagubi\u0107, ale za zniszczenie czyjego\u015b \u017cycia nie wystarczy \u201eprzepraszam\u201d \u2013 m\u00f3wili aktorzy. Szacunek nale\u017cy si\u0119 ka\u017cdemu, bez wzgl\u0119du na wiek i wykszta\u0142cenie. Nie b\u0105d\u017a \u201edzbanem\u201d reaguj, szukaj pomocy.<br \/>Starsza m\u0142odzie\u017c uczestnicz\u0105ca w warsztatach profilaktycznych o dopalaczach, prowadzonych przez do\u015bwiadczon\u0105 pani\u0105 pedagog, dowiedzia\u0142a si\u0119 o wielu nieu\u015bwiadamianych zagro\u017ceniach za\u017cywania substancji psychoaktywnych. Nikt nie jest w stanie okre\u015bli\u0107 momentu uzale\u017cnie\u0144! To si\u0119 o prostu dzieje szybko. Dopalacze \u2013 to \u201erosyjska ruletka\u201d, przechodz\u0105 przez wiele r\u0105k i mog\u0105 zawiera\u0107 wszystko. Prze\u017cyjesz lub nie! Nikogo na si\u0142\u0119 nawr\u00f3ci\u0107 si\u0119 nie da, ale ka\u017cdy z was musi mie\u015b \u015bwiadomo\u015b\u0107 swojego \u017cycia \u2013 ostrzega\u0142a pani pedagog.<\/p>\n<p>Zaj\u0119cia profilaktyczne by\u0142y elementem programu Biblioteka bezpieczna i przyjazna dziecku, dofinansowanego ze \u015brodk\u00f3w MPPiRPA Gminy Miasto Ko\u0142obrzeg.<\/p>\n\n\t\t<style type=\"text\/css\">\n\t\t\t#gallery-1 {\n\t\t\t\tmargin: auto;\n\t\t\t}\n\t\t\t#gallery-1 .gallery-item {\n\t\t\t\tfloat: left;\n\t\t\t\tmargin-top: 10px;\n\t\t\t\ttext-align: center;\n\t\t\t\twidth: 33%;\n\t\t\t}\n\t\t\t#gallery-1 img {\n\t\t\t\tborder: 2px solid #cfcfcf;\n\t\t\t}\n\t\t\t#gallery-1 .gallery-caption {\n\t\t\t\tmargin-left: 0;\n\t\t\t}\n\t\t\t\/* see gallery_shortcode() in wp-includes\/media.php *\/\n\t\t<\/style>\n\t\t<div id='gallery-1' class='gallery galleryid-8915 gallery-columns-3 gallery-size-thumbnail'><dl class='gallery-item'>\n\t\t\t<dt class='gallery-icon landscape'>\n\t\t\t\t<a href='https:\/\/biblioteka.kolobrzeg.pl\/wp-content\/uploads\/2019\/10\/profilaktyka2310194.jpeg' title=\"\" data-rl_title=\"\" class=\"rl-gallery-link\" data-rl_caption=\"\" data-rel=\"lightbox-gallery-1\"><img loading=\"lazy\" decoding=\"async\" width=\"150\" height=\"150\" src=\"https:\/\/biblioteka.kolobrzeg.pl\/wp-content\/uploads\/2019\/10\/profilaktyka2310194-150x150.jpeg\" class=\"attachment-thumbnail size-thumbnail\" alt=\"cykl zaj\u0119\u0107 profilaktycznych\" \/><\/a>\n\t\t\t<\/dt><\/dl><dl class='gallery-item'>\n\t\t\t<dt class='gallery-icon landscape'>\n\t\t\t\t<a href='https:\/\/biblioteka.kolobrzeg.pl\/wp-content\/uploads\/2019\/10\/profilaktyka2310195.jpeg' title=\"\" data-rl_title=\"\" class=\"rl-gallery-link\" data-rl_caption=\"\" data-rel=\"lightbox-gallery-1\"><img loading=\"lazy\" decoding=\"async\" width=\"150\" height=\"150\" src=\"https:\/\/biblioteka.kolobrzeg.pl\/wp-content\/uploads\/2019\/10\/profilaktyka2310195-150x150.jpeg\" class=\"attachment-thumbnail size-thumbnail\" alt=\"cykl zaj\u0119\u0107 profilaktycznych\" \/><\/a>\n\t\t\t<\/dt><\/dl><dl class='gallery-item'>\n\t\t\t<dt class='gallery-icon landscape'>\n\t\t\t\t<a href='https:\/\/biblioteka.kolobrzeg.pl\/wp-content\/uploads\/2019\/10\/profilaktyka2310196.jpeg' title=\"\" data-rl_title=\"\" class=\"rl-gallery-link\" data-rl_caption=\"\" data-rel=\"lightbox-gallery-1\"><img loading=\"lazy\" decoding=\"async\" width=\"150\" height=\"150\" src=\"https:\/\/biblioteka.kolobrzeg.pl\/wp-content\/uploads\/2019\/10\/profilaktyka2310196-150x150.jpeg\" class=\"attachment-thumbnail size-thumbnail\" alt=\"cykl zaj\u0119\u0107 profilaktycznych\" \/><\/a>\n\t\t\t<\/dt><\/dl><br style=\"clear: both\" \/><dl class='gallery-item'>\n\t\t\t<dt class='gallery-icon landscape'>\n\t\t\t\t<a href='https:\/\/biblioteka.kolobrzeg.pl\/wp-content\/uploads\/2019\/10\/profilaktyka2310191.jpeg' title=\"\" data-rl_title=\"\" class=\"rl-gallery-link\" data-rl_caption=\"\" data-rel=\"lightbox-gallery-1\"><img loading=\"lazy\" decoding=\"async\" width=\"150\" height=\"150\" src=\"https:\/\/biblioteka.kolobrzeg.pl\/wp-content\/uploads\/2019\/10\/profilaktyka2310191-150x150.jpeg\" class=\"attachment-thumbnail size-thumbnail\" alt=\"cykl zaj\u0119\u0107 profilaktycznych\" \/><\/a>\n\t\t\t<\/dt><\/dl><dl class='gallery-item'>\n\t\t\t<dt class='gallery-icon landscape'>\n\t\t\t\t<a href='https:\/\/biblioteka.kolobrzeg.pl\/wp-content\/uploads\/2019\/10\/profilaktyka2310192.jpeg' title=\"\" data-rl_title=\"\" class=\"rl-gallery-link\" data-rl_caption=\"\" data-rel=\"lightbox-gallery-1\"><img loading=\"lazy\" decoding=\"async\" width=\"150\" height=\"150\" src=\"https:\/\/biblioteka.kolobrzeg.pl\/wp-content\/uploads\/2019\/10\/profilaktyka2310192-150x150.jpeg\" class=\"attachment-thumbnail size-thumbnail\" alt=\"cykl zaj\u0119\u0107 profilaktycznych\" \/><\/a>\n\t\t\t<\/dt><\/dl><dl class='gallery-item'>\n\t\t\t<dt class='gallery-icon landscape'>\n\t\t\t\t<a href='https:\/\/biblioteka.kolobrzeg.pl\/wp-content\/uploads\/2019\/10\/profilaktyka2310193.jpeg' title=\"\" data-rl_title=\"\" class=\"rl-gallery-link\" data-rl_caption=\"\" data-rel=\"lightbox-gallery-1\"><img loading=\"lazy\" decoding=\"async\" width=\"150\" height=\"150\" src=\"https:\/\/biblioteka.kolobrzeg.pl\/wp-content\/uploads\/2019\/10\/profilaktyka2310193-150x150.jpeg\" class=\"attachment-thumbnail size-thumbnail\" alt=\"cykl zaj\u0119\u0107 profilaktycznych\" \/><\/a>\n\t\t\t<\/dt><\/dl><br style=\"clear: both\" \/>\n\t\t<\/div>\n\n","protected":false},"excerpt":{"rendered":"<p>Egoistyczny \u201ep\u0119pek \u015bwiata\u201d i agresywne \u201ezagubione sumienie\u201d &#8211; tak, w metaforyczny spos\u00f3b mo\u017cna podsumowa\u0107 problematyk\u0119 edukacyjno-profilaktycznych zaj\u0119\u0107 zorganizowanych 23 pa\u017adziernika w Bibliotece Miejskiej.<\/p><p><a class=\"more-link block-button\" href=\"https:\/\/biblioteka.kolobrzeg.pl\/index.php\/2019\/10\/23\/agresja-przemoc-dopalacze-cykl-zajec-profilaktycznych\/\">Kontynuuj czytanie &raquo;<\/a><\/p>\n","protected":false},"author":1,"featured_media":8921,"comment_status":"closed","ping_status":"open","sticky":false,"template":"","format":"standard","meta":{"jetpack_post_was_ever_published":false,"_jetpack_newsletter_access":"","_jetpack_dont_email_post_to_subs":false,"_jetpack_newsletter_tier_id":0,"_jetpack_memberships_contains_paywalled_content":false,"_jetpack_memberships_contains_paid_content":false,"footnotes":"","jetpack_publicize_message":"","jetpack_publicize_feature_enabled":true,"jetpack_social_post_already_shared":true,"jetpack_social_options":{"image_generator_settings":{"template":"highway","default_image_id":0,"font":"","enabled":false},"version":2}},"categories":[1],"tags":[357,110],"class_list":["post-8915","post","type-post","status-publish","format-standard","has-post-thumbnail","hentry","category-aktualnosci","tag-profilaktyczne","tag-zajecia"],"jetpack_publicize_connections":[],"jetpack_featured_media_url":"https:\/\/biblioteka.kolobrzeg.pl\/wp-content\/uploads\/2019\/10\/profilaktyka2310193.jpeg","jetpack_likes_enabled":true,"jetpack_sharing_enabled":true,"_links":{"self":[{"href":"https:\/\/biblioteka.kolobrzeg.pl\/index.php\/wp-json\/wp\/v2\/posts\/8915","targetHints":{"allow":["GET"]}}],"collection":[{"href":"https:\/\/biblioteka.kolobrzeg.pl\/index.php\/wp-json\/wp\/v2\/posts"}],"about":[{"href":"https:\/\/biblioteka.kolobrzeg.pl\/index.php\/wp-json\/wp\/v2\/types\/post"}],"author":[{"embeddable":true,"href":"https:\/\/biblioteka.kolobrzeg.pl\/index.php\/wp-json\/wp\/v2\/users\/1"}],"replies":[{"embeddable":true,"href":"https:\/\/biblioteka.kolobrzeg.pl\/index.php\/wp-json\/wp\/v2\/comments?post=8915"}],"version-history":[{"count":0,"href":"https:\/\/biblioteka.kolobrzeg.pl\/index.php\/wp-json\/wp\/v2\/posts\/8915\/revisions"}],"wp:featuredmedia":[{"embeddable":true,"href":"https:\/\/biblioteka.kolobrzeg.pl\/index.php\/wp-json\/wp\/v2\/media\/8921"}],"wp:attachment":[{"href":"https:\/\/biblioteka.kolobrzeg.pl\/index.php\/wp-json\/wp\/v2\/media?parent=8915"}],"wp:term":[{"taxonomy":"category","embeddable":true,"href":"https:\/\/biblioteka.kolobrzeg.pl\/index.php\/wp-json\/wp\/v2\/categories?post=8915"},{"taxonomy":"post_tag","embeddable":true,"href":"https:\/\/biblioteka.kolobrzeg.pl\/index.php\/wp-json\/wp\/v2\/tags?post=8915"}],"curies":[{"name":"wp","href":"https:\/\/api.w.org\/{rel}","templated":true}]}}