{"id":8985,"date":"2019-11-04T12:39:34","date_gmt":"2019-11-04T11:39:34","guid":{"rendered":"https:\/\/biblioteka.kolobrzeg.pl\/?p=8985"},"modified":"2019-12-03T10:01:24","modified_gmt":"2019-12-03T09:01:24","slug":"ksiazka-miesiaca-ibuk-libra-35","status":"publish","type":"post","link":"https:\/\/biblioteka.kolobrzeg.pl\/index.php\/2019\/11\/04\/ksiazka-miesiaca-ibuk-libra-35\/","title":{"rendered":"Ksi\u0105\u017cka miesi\u0105ca IBUK Libra"},"content":{"rendered":"<p><a href=\"https:\/\/biblioteka.kolobrzeg.pl\/wp-content\/uploads\/2019\/11\/ibuk112019.png\" data-rel=\"lightbox-image-0\" data-rl_title=\"\" data-rl_caption=\"\" title=\"\"><img loading=\"lazy\" decoding=\"async\" class=\"alignleft wp-image-8987\" src=\"https:\/\/biblioteka.kolobrzeg.pl\/wp-content\/uploads\/2019\/11\/ibuk112019.png\" alt=\"Ibuk Libra ksi\u0105\u017cka miesi\u0105ca\" data-wp-editing=\"1\" width=\"123\" height=\"151\" srcset=\"https:\/\/biblioteka.kolobrzeg.pl\/wp-content\/uploads\/2019\/11\/ibuk112019.png 250w, https:\/\/biblioteka.kolobrzeg.pl\/wp-content\/uploads\/2019\/11\/ibuk112019-244x300.png 244w\" sizes=\"auto, (max-width: 123px) 100vw, 123px\" \/><\/a>W listopadzie IBUK Libra proponuje ksi\u0105\u017ck\u0119 &#8222;<strong>Jak umys\u0142 ro\u015bnie w si\u0142\u0119, gdy m\u00f3zg si\u0119 starzeje<\/strong>&#8222;, autorstwa Elkhonona Goldberga.<!--more--><\/p>\n<p>M\u00f3zg cz\u0142owieka starzeje si\u0119 tak samo, jak ca\u0142e jego cia\u0142o. Z biegiem czasu nieuchronnie zachodz\u0105 w nim zmiany: masa i obj\u0119to\u015b\u0107 m\u00f3zgu spada o ok. 2% na ka\u017cde 10 lat. Komory powi\u0119kszaj\u0105 si\u0119, a bruzdy staj\u0105 si\u0119 wyra\u017aniejsze. Zmniejsza si\u0119 g\u0119sto\u015b\u0107 synaps, s\u0142abnie przep\u0142yw krwi. A jednak osoby starsze cz\u0119sto ujawniaj\u0105 zdolno\u015bci nieobecne na wcze\u015bniejszych etapach rozwoju: dostrzegaj\u0105 na poz\u00f3r trudne do uchwycenia zale\u017cno\u015bci mi\u0119dzy rzeczami, ich intuicja bywa trafniejsza, rozumienie problem\u00f3w \u2013 g\u0142\u0119bsze, a wiedza ekspercka budzi szacunek i podziw. Jak to si\u0119 dzieje, \u017ce w miar\u0119 starzenia si\u0119 m\u00f3zgu umys\u0142 ro\u015bnie w si\u0142\u0119, a jego u\u017cytkownik zyskuje m\u0105dro\u015b\u0107? Elkhonon Goldberg zaprasza w fascynuj\u0105c\u0105 podr\u00f3\u017c po \u015bwiecie ludzkiego poznania.<\/p>\n<p>\u201eJak umys\u0142 ro\u015bnie w si\u0142\u0119, gdy m\u00f3zg si\u0119 starzeje\u201d to ksi\u0105\u017cka, kt\u00f3ra zmieni Tw\u00f3j spos\u00f3b my\u015blenia o starzeniu \u2013 i o my\u015bleniu.<\/p>\n<p>Elkhonon Goldberg jest profesorem neurologii na New York University School of Medicine. Studiowa\u0142 w Moscow University State pod kierunkiem Aleksandra \u0141urii. Sw\u00f3j czas dzieli pomi\u0119dzy praktyk\u0119 kliniczn\u0105, prowadzenie bada\u0144 w obszarze neuronauk oraz nauczanie. Jest dyrektorem Luria Neuroscience Institute. Mieszka w Nowym Jorku.<\/p>\n<p>Ksi\u0105\u017cka dost\u0119pna jako prezent do <strong>30 listopada<\/strong> 2019 r.<\/p>\n<p>Zach\u0119camy do lektury!<br \/>\n<a href=\"http:\/\/libra.ibuk.pl\/\">http:\/\/libra.ibuk.pl\/<\/a><\/p>\n<p>Przypominamy, aby otrzyma\u0107 kod PIN umo\u017cliwiaj\u0105cy bezp\u0142atny dost\u0119p do ksi\u0105\u017cek elektronicznych w domu nale\u017cy:<\/p>\n<ol>\n<li>napisa\u0107 e-maila na adres (ibukkg@biblioteka.kolobrzeg.pl) podaj\u0105c swoje imi\u0119, nazwisko oraz numer karty bibliotecznej.<\/li>\n<li>lub odebra\u0107 go osobi\u015bcie w Czytelni, ul. J. Frankowskiego 3 (I pi\u0119tro) w godzinach pracy Biblioteki.<\/li>\n<\/ol>\n","protected":false},"excerpt":{"rendered":"<p>W listopadzie IBUK Libra proponuje ksi\u0105\u017ck\u0119 &#8222;Jak umys\u0142 ro\u015bnie w si\u0142\u0119, gdy m\u00f3zg si\u0119 starzeje&#8222;, autorstwa Elkhonona Goldberga.<\/p><p><a class=\"more-link block-button\" href=\"https:\/\/biblioteka.kolobrzeg.pl\/index.php\/2019\/11\/04\/ksiazka-miesiaca-ibuk-libra-35\/\">Kontynuuj czytanie &raquo;<\/a><\/p>\n","protected":false},"author":1,"featured_media":8987,"comment_status":"closed","ping_status":"open","sticky":false,"template":"","format":"standard","meta":{"jetpack_post_was_ever_published":false,"_jetpack_newsletter_access":"","_jetpack_dont_email_post_to_subs":false,"_jetpack_newsletter_tier_id":0,"_jetpack_memberships_contains_paywalled_content":false,"_jetpack_memberships_contains_paid_content":false,"footnotes":"","jetpack_publicize_message":"","jetpack_publicize_feature_enabled":true,"jetpack_social_post_already_shared":true,"jetpack_social_options":{"image_generator_settings":{"template":"highway","default_image_id":0,"font":"","enabled":false},"version":2}},"categories":[1],"tags":[67,69,68,70],"class_list":["post-8985","post","type-post","status-publish","format-standard","has-post-thumbnail","hentry","category-aktualnosci","tag-ibuk","tag-ksiazka","tag-libra","tag-miesiaca"],"jetpack_publicize_connections":[],"jetpack_featured_media_url":"https:\/\/biblioteka.kolobrzeg.pl\/wp-content\/uploads\/2019\/11\/ibuk112019.png","jetpack_likes_enabled":true,"jetpack_sharing_enabled":true,"_links":{"self":[{"href":"https:\/\/biblioteka.kolobrzeg.pl\/index.php\/wp-json\/wp\/v2\/posts\/8985","targetHints":{"allow":["GET"]}}],"collection":[{"href":"https:\/\/biblioteka.kolobrzeg.pl\/index.php\/wp-json\/wp\/v2\/posts"}],"about":[{"href":"https:\/\/biblioteka.kolobrzeg.pl\/index.php\/wp-json\/wp\/v2\/types\/post"}],"author":[{"embeddable":true,"href":"https:\/\/biblioteka.kolobrzeg.pl\/index.php\/wp-json\/wp\/v2\/users\/1"}],"replies":[{"embeddable":true,"href":"https:\/\/biblioteka.kolobrzeg.pl\/index.php\/wp-json\/wp\/v2\/comments?post=8985"}],"version-history":[{"count":0,"href":"https:\/\/biblioteka.kolobrzeg.pl\/index.php\/wp-json\/wp\/v2\/posts\/8985\/revisions"}],"wp:featuredmedia":[{"embeddable":true,"href":"https:\/\/biblioteka.kolobrzeg.pl\/index.php\/wp-json\/wp\/v2\/media\/8987"}],"wp:attachment":[{"href":"https:\/\/biblioteka.kolobrzeg.pl\/index.php\/wp-json\/wp\/v2\/media?parent=8985"}],"wp:term":[{"taxonomy":"category","embeddable":true,"href":"https:\/\/biblioteka.kolobrzeg.pl\/index.php\/wp-json\/wp\/v2\/categories?post=8985"},{"taxonomy":"post_tag","embeddable":true,"href":"https:\/\/biblioteka.kolobrzeg.pl\/index.php\/wp-json\/wp\/v2\/tags?post=8985"}],"curies":[{"name":"wp","href":"https:\/\/api.w.org\/{rel}","templated":true}]}}