{"id":9503,"date":"2020-01-27T12:27:39","date_gmt":"2020-01-27T11:27:39","guid":{"rendered":"https:\/\/biblioteka.kolobrzeg.pl\/?p=9503"},"modified":"2020-02-19T10:17:18","modified_gmt":"2020-02-19T09:17:18","slug":"biblioteka-poleca-3","status":"publish","type":"post","link":"https:\/\/biblioteka.kolobrzeg.pl\/index.php\/2020\/01\/27\/biblioteka-poleca-3\/","title":{"rendered":"Biblioteka poleca"},"content":{"rendered":"<p><a href=\"https:\/\/biblioteka.kolobrzeg.pl\/wp-content\/uploads\/2020\/01\/histkgu1945.jpg\" data-rel=\"lightbox-image-0\" data-rl_title=\"\" data-rl_caption=\"\" title=\"\"><img loading=\"lazy\" decoding=\"async\" class=\"alignleft wp-image-9505\" src=\"https:\/\/biblioteka.kolobrzeg.pl\/wp-content\/uploads\/2020\/01\/histkgu1945.jpg\" alt=\"Historia Ko\u0142obrzegu po 1945\" data-wp-editing=\"1\" width=\"107\" height=\"151\" srcset=\"https:\/\/biblioteka.kolobrzeg.pl\/wp-content\/uploads\/2020\/01\/histkgu1945.jpg 426w, https:\/\/biblioteka.kolobrzeg.pl\/wp-content\/uploads\/2020\/01\/histkgu1945-213x300.jpg 213w\" sizes=\"auto, (max-width: 107px) 100vw, 107px\" \/><\/a>Ksi\u0119gozbi\u00f3r regionalny Biblioteki wzbogaci\u0142a kolejna pozycja o naszym mie\u015bcie: \u201eHistoria Ko\u0142obrzegu po 1945 roku&#8221;, autorstwa Roberta Dziemby.<br \/>\nEgzemplarze s\u0105 ju\u017c dost\u0119pne w <strong>Wypo\u017cyczalni Popularnonaukowej<\/strong> oraz <strong>Czytelni Regionalnej<\/strong> (ul. Jana Frankowskiego 3).<\/p>\n","protected":false},"excerpt":{"rendered":"<p>Ksi\u0119gozbi\u00f3r regionalny Biblioteki wzbogaci\u0142a kolejna pozycja o naszym mie\u015bcie: \u201eHistoria Ko\u0142obrzegu po 1945 roku&#8221;, autorstwa Roberta Dziemby. Egzemplarze s\u0105 ju\u017c dost\u0119pne w Wypo\u017cyczalni Popularnonaukowej oraz Czytelni Regionalnej (ul. Jana Frankowskiego 3).<\/p>\n","protected":false},"author":1,"featured_media":9505,"comment_status":"closed","ping_status":"open","sticky":false,"template":"","format":"standard","meta":{"jetpack_post_was_ever_published":false,"_jetpack_newsletter_access":"","_jetpack_dont_email_post_to_subs":false,"_jetpack_newsletter_tier_id":0,"_jetpack_memberships_contains_paywalled_content":false,"_jetpack_memberships_contains_paid_content":false,"footnotes":"","jetpack_publicize_message":"","jetpack_publicize_feature_enabled":true,"jetpack_social_post_already_shared":true,"jetpack_social_options":{"image_generator_settings":{"template":"highway","default_image_id":0,"font":"","enabled":false},"version":2}},"categories":[1],"tags":[],"class_list":["post-9503","post","type-post","status-publish","format-standard","has-post-thumbnail","hentry","category-aktualnosci"],"jetpack_publicize_connections":[],"jetpack_featured_media_url":"https:\/\/biblioteka.kolobrzeg.pl\/wp-content\/uploads\/2020\/01\/histkgu1945.jpg","jetpack_likes_enabled":true,"jetpack_sharing_enabled":true,"_links":{"self":[{"href":"https:\/\/biblioteka.kolobrzeg.pl\/index.php\/wp-json\/wp\/v2\/posts\/9503","targetHints":{"allow":["GET"]}}],"collection":[{"href":"https:\/\/biblioteka.kolobrzeg.pl\/index.php\/wp-json\/wp\/v2\/posts"}],"about":[{"href":"https:\/\/biblioteka.kolobrzeg.pl\/index.php\/wp-json\/wp\/v2\/types\/post"}],"author":[{"embeddable":true,"href":"https:\/\/biblioteka.kolobrzeg.pl\/index.php\/wp-json\/wp\/v2\/users\/1"}],"replies":[{"embeddable":true,"href":"https:\/\/biblioteka.kolobrzeg.pl\/index.php\/wp-json\/wp\/v2\/comments?post=9503"}],"version-history":[{"count":0,"href":"https:\/\/biblioteka.kolobrzeg.pl\/index.php\/wp-json\/wp\/v2\/posts\/9503\/revisions"}],"wp:featuredmedia":[{"embeddable":true,"href":"https:\/\/biblioteka.kolobrzeg.pl\/index.php\/wp-json\/wp\/v2\/media\/9505"}],"wp:attachment":[{"href":"https:\/\/biblioteka.kolobrzeg.pl\/index.php\/wp-json\/wp\/v2\/media?parent=9503"}],"wp:term":[{"taxonomy":"category","embeddable":true,"href":"https:\/\/biblioteka.kolobrzeg.pl\/index.php\/wp-json\/wp\/v2\/categories?post=9503"},{"taxonomy":"post_tag","embeddable":true,"href":"https:\/\/biblioteka.kolobrzeg.pl\/index.php\/wp-json\/wp\/v2\/tags?post=9503"}],"curies":[{"name":"wp","href":"https:\/\/api.w.org\/{rel}","templated":true}]}}