{"id":9531,"date":"2020-02-03T09:30:50","date_gmt":"2020-02-03T08:30:50","guid":{"rendered":"https:\/\/biblioteka.kolobrzeg.pl\/?p=9531"},"modified":"2020-03-02T10:31:23","modified_gmt":"2020-03-02T09:31:23","slug":"ksiazka-miesiaca-ibuk-libra-38","status":"publish","type":"post","link":"https:\/\/biblioteka.kolobrzeg.pl\/index.php\/2020\/02\/03\/ksiazka-miesiaca-ibuk-libra-38\/","title":{"rendered":"Ksi\u0105\u017cka miesi\u0105ca IBUK Libra"},"content":{"rendered":"<p><a href=\"https:\/\/biblioteka.kolobrzeg.pl\/wp-content\/uploads\/2020\/02\/ibuk022020.png\" data-rel=\"lightbox-image-0\" data-rl_title=\"\" data-rl_caption=\"\" title=\"\"><img loading=\"lazy\" decoding=\"async\" class=\"alignleft wp-image-9532\" src=\"https:\/\/biblioteka.kolobrzeg.pl\/wp-content\/uploads\/2020\/02\/ibuk022020.png\" alt=\"IBuk Libra ksi\u0105\u017cka miesi\u0105ca\" width=\"104\" height=\"150\" srcset=\"https:\/\/biblioteka.kolobrzeg.pl\/wp-content\/uploads\/2020\/02\/ibuk022020.png 250w, https:\/\/biblioteka.kolobrzeg.pl\/wp-content\/uploads\/2020\/02\/ibuk022020-209x300.png 209w\" sizes=\"auto, (max-width: 104px) 100vw, 104px\" \/><\/a>W lutym IBUK Libra prezentuje ksi\u0105\u017ck\u0119 po\u015bwi\u0119con\u0105 temu, w jaki spos\u00f3b patrzymy na \u015bwiat. Skoro jest tak \u017ale, to dlaczego jest coraz lepiej?<!--more--><\/p>\n<p>To ksi\u0105\u017cka dla wszystkich tych, kt\u00f3rzy wci\u0105\u017c nie s\u0105 zadowoleni z otaczaj\u0105cego \u015bwiata \u2013 a zw\u0142aszcza tych, kt\u00f3rzy co\u015b z tym robi\u0105. Zgadza si\u0119 \u2013 wci\u0105\u017c mo\u017ce by\u0107 lepiej! Czy uwa\u017casz, \u017ce dzisiejszy \u015bwiat jest gorszy ni\u017c kiedykolwiek w historii? Czy wierzysz, \u017ce stopniowo tracimy grunt pod nogami? Je\u017celi tak, nie jeste\u015b w tym osamotniony. Istniej\u0105 niezliczone powody, dla kt\u00f3rych s\u0105dzimy, \u017ce dzisiejszy \u015bwiat jest absolutnie najgorszy w historii. Czy jednak w zderzeniu z faktami da si\u0119 to stanowisko obroni\u0107? Niekoniecznie! Wsp\u00f3\u0142czesny \u015bwiat nie jest idealny \u2013 ci\u0105gle si\u0119 w nim zabijamy, cierpimy g\u0142\u00f3d i choroby. Jednocze\u015bnie jeszcze nigdy w historii \u015bwiata zjawiska te nie mia\u0142y tak marginalnego charakteru \u2013 jeszcze nigdy nie by\u0142o tak dobrze jak teraz: pok\u00f3j na \u015bwiecie jest o wiele bardziej cenion\u0105 warto\u015bci\u0105 ni\u017c setki lat temu. Dzisiejszych dyktator\u00f3w nie spos\u00f3b por\u00f3wna\u0107 z Attyl\u0105 czy D\u017cyngis-chanem. Walczymy o r\u00f3wne traktowanie kobiet, przeciwstawiamy si\u0119 rasizmowi. Coraz skuteczniej walczymy w chorobami n\u0119kaj\u0105cymi ludzko\u015b\u0107. Sprzeciwiamy si\u0119 krzywdzeniu zwierz\u0105t. Jeste\u015bmy milsi! Trudno w to uwierzy\u0107? Mark Juddery pokazuje, \u017ce obszar\u00f3w, w kt\u00f3rych jest coraz lepiej, jest o wiele wi\u0119cej, a czas, w kt\u00f3rym \u017cyjemy, jest absolutnie wyj\u0105tkowy w historii \u015bwiata.<\/p>\n<p><strong>Ksi\u0105\u017cka dost\u0119pna jako prezent do 29 lutego 2020 r.<\/strong><\/p>\n<p>Zach\u0119camy do lektury!<br \/>\n<a href=\"http:\/\/libra.ibuk.pl\/\">http:\/\/libra.ibuk.pl\/<\/a><\/p>\n<p>Przypominamy, aby otrzyma\u0107 kod PIN umo\u017cliwiaj\u0105cy bezp\u0142atny dost\u0119p do ksi\u0105\u017cek elektronicznych w domu nale\u017cy:<\/p>\n<ol>\n<li>napisa\u0107 e-maila na adres (ibukkg@biblioteka.kolobrzeg.pl) podaj\u0105c swoje imi\u0119, nazwisko oraz numer karty bibliotecznej.<\/li>\n<li>lub odebra\u0107 go osobi\u015bcie w Czytelni, ul. J. Frankowskiego 3 (I pi\u0119tro) w godzinach pracy Biblioteki.<\/li>\n<\/ol>\n","protected":false},"excerpt":{"rendered":"<p>W lutym IBUK Libra prezentuje ksi\u0105\u017ck\u0119 po\u015bwi\u0119con\u0105 temu, w jaki spos\u00f3b patrzymy na \u015bwiat. Skoro jest tak \u017ale, to dlaczego jest coraz lepiej?<\/p><p><a class=\"more-link block-button\" href=\"https:\/\/biblioteka.kolobrzeg.pl\/index.php\/2020\/02\/03\/ksiazka-miesiaca-ibuk-libra-38\/\">Kontynuuj czytanie &raquo;<\/a><\/p>\n","protected":false},"author":1,"featured_media":9532,"comment_status":"closed","ping_status":"open","sticky":false,"template":"","format":"standard","meta":{"jetpack_post_was_ever_published":false,"_jetpack_newsletter_access":"","_jetpack_dont_email_post_to_subs":false,"_jetpack_newsletter_tier_id":0,"_jetpack_memberships_contains_paywalled_content":false,"_jetpack_memberships_contains_paid_content":false,"footnotes":"","jetpack_publicize_message":"","jetpack_publicize_feature_enabled":true,"jetpack_social_post_already_shared":true,"jetpack_social_options":{"image_generator_settings":{"template":"highway","default_image_id":0,"font":"","enabled":false},"version":2}},"categories":[1],"tags":[67,68],"class_list":["post-9531","post","type-post","status-publish","format-standard","has-post-thumbnail","hentry","category-aktualnosci","tag-ibuk","tag-libra"],"jetpack_publicize_connections":[],"jetpack_featured_media_url":"https:\/\/biblioteka.kolobrzeg.pl\/wp-content\/uploads\/2020\/02\/ibuk022020.png","jetpack_likes_enabled":true,"jetpack_sharing_enabled":true,"_links":{"self":[{"href":"https:\/\/biblioteka.kolobrzeg.pl\/index.php\/wp-json\/wp\/v2\/posts\/9531","targetHints":{"allow":["GET"]}}],"collection":[{"href":"https:\/\/biblioteka.kolobrzeg.pl\/index.php\/wp-json\/wp\/v2\/posts"}],"about":[{"href":"https:\/\/biblioteka.kolobrzeg.pl\/index.php\/wp-json\/wp\/v2\/types\/post"}],"author":[{"embeddable":true,"href":"https:\/\/biblioteka.kolobrzeg.pl\/index.php\/wp-json\/wp\/v2\/users\/1"}],"replies":[{"embeddable":true,"href":"https:\/\/biblioteka.kolobrzeg.pl\/index.php\/wp-json\/wp\/v2\/comments?post=9531"}],"version-history":[{"count":0,"href":"https:\/\/biblioteka.kolobrzeg.pl\/index.php\/wp-json\/wp\/v2\/posts\/9531\/revisions"}],"wp:featuredmedia":[{"embeddable":true,"href":"https:\/\/biblioteka.kolobrzeg.pl\/index.php\/wp-json\/wp\/v2\/media\/9532"}],"wp:attachment":[{"href":"https:\/\/biblioteka.kolobrzeg.pl\/index.php\/wp-json\/wp\/v2\/media?parent=9531"}],"wp:term":[{"taxonomy":"category","embeddable":true,"href":"https:\/\/biblioteka.kolobrzeg.pl\/index.php\/wp-json\/wp\/v2\/categories?post=9531"},{"taxonomy":"post_tag","embeddable":true,"href":"https:\/\/biblioteka.kolobrzeg.pl\/index.php\/wp-json\/wp\/v2\/tags?post=9531"}],"curies":[{"name":"wp","href":"https:\/\/api.w.org\/{rel}","templated":true}]}}