{"id":9881,"date":"2020-04-06T09:54:55","date_gmt":"2020-04-06T07:54:55","guid":{"rendered":"https:\/\/biblioteka.kolobrzeg.pl\/?p=9881"},"modified":"2020-07-10T08:53:19","modified_gmt":"2020-07-10T06:53:19","slug":"codziennie-czytamy","status":"publish","type":"post","link":"https:\/\/biblioteka.kolobrzeg.pl\/index.php\/2020\/04\/06\/codziennie-czytamy\/","title":{"rendered":"Codziennie czytamy"},"content":{"rendered":"<p><a href=\"https:\/\/biblioteka.kolobrzeg.pl\/wp-content\/uploads\/2020\/04\/czytamy060420.jpg\" data-rel=\"lightbox-image-0\" data-rl_title=\"\" data-rl_caption=\"\" title=\"\"><img loading=\"lazy\" decoding=\"async\" class=\"alignleft wp-image-9890 size-thumbnail\" src=\"https:\/\/biblioteka.kolobrzeg.pl\/wp-content\/uploads\/2020\/04\/czytamy060420-150x150.jpg\" alt=\"Czytamy\" width=\"150\" height=\"150\" srcset=\"https:\/\/biblioteka.kolobrzeg.pl\/wp-content\/uploads\/2020\/04\/czytamy060420-150x150.jpg 150w, https:\/\/biblioteka.kolobrzeg.pl\/wp-content\/uploads\/2020\/04\/czytamy060420-300x300.jpg 300w, https:\/\/biblioteka.kolobrzeg.pl\/wp-content\/uploads\/2020\/04\/czytamy060420.jpg 404w\" sizes=\"auto, (max-width: 150px) 100vw, 150px\" \/><\/a>Pami\u0119tamy o Was. Odwiedzajcie nas na Facebooku<\/p>\n<p><a href=\"https:\/\/www.facebook.com\/biblioteka.kolobrzeg\/?ref=bookmarks\">https:\/\/www.facebook.com\/biblioteka.kolobrzeg\/?ref=bookmarks<\/a><\/p>\n<p>Codziennie czytamy dla Was:<br \/>\n&#8211; godz. 7.30 Na dzie\u0144 dobry \u2026<br \/>\n&#8211; godz. 10. Spotkanie z ksi\u0105\u017ck\u0105 dla Najm\u0142odszych<br \/>\n&#8211; godz. 14. Pami\u0119tniki M\u0105drej Muchy<br \/>\n&#8211; godz. 16. Rodzina Po\u0142anieckich<\/p>\n","protected":false},"excerpt":{"rendered":"<p>Pami\u0119tamy o Was. Odwiedzajcie nas na Facebooku https:\/\/www.facebook.com\/biblioteka.kolobrzeg\/?ref=bookmarks Codziennie czytamy dla Was: &#8211; godz. 7.30 Na dzie\u0144 dobry \u2026 &#8211; godz. 10. Spotkanie z ksi\u0105\u017ck\u0105 dla Najm\u0142odszych &#8211; godz. 14. Pami\u0119tniki M\u0105drej Muchy &#8211; godz. 16. Rodzina Po\u0142anieckich<\/p>\n","protected":false},"author":1,"featured_media":9890,"comment_status":"closed","ping_status":"open","sticky":false,"template":"","format":"standard","meta":{"jetpack_post_was_ever_published":false,"_jetpack_newsletter_access":"","_jetpack_dont_email_post_to_subs":false,"_jetpack_newsletter_tier_id":0,"_jetpack_memberships_contains_paywalled_content":false,"_jetpack_memberships_contains_paid_content":false,"footnotes":"","jetpack_publicize_message":"","jetpack_publicize_feature_enabled":true,"jetpack_social_post_already_shared":true,"jetpack_social_options":{"image_generator_settings":{"template":"highway","default_image_id":0,"font":"","enabled":false},"version":2}},"categories":[1],"tags":[],"class_list":["post-9881","post","type-post","status-publish","format-standard","has-post-thumbnail","hentry","category-aktualnosci"],"jetpack_publicize_connections":[],"jetpack_featured_media_url":"https:\/\/biblioteka.kolobrzeg.pl\/wp-content\/uploads\/2020\/04\/czytamy060420.jpg","jetpack_likes_enabled":true,"jetpack_sharing_enabled":true,"_links":{"self":[{"href":"https:\/\/biblioteka.kolobrzeg.pl\/index.php\/wp-json\/wp\/v2\/posts\/9881","targetHints":{"allow":["GET"]}}],"collection":[{"href":"https:\/\/biblioteka.kolobrzeg.pl\/index.php\/wp-json\/wp\/v2\/posts"}],"about":[{"href":"https:\/\/biblioteka.kolobrzeg.pl\/index.php\/wp-json\/wp\/v2\/types\/post"}],"author":[{"embeddable":true,"href":"https:\/\/biblioteka.kolobrzeg.pl\/index.php\/wp-json\/wp\/v2\/users\/1"}],"replies":[{"embeddable":true,"href":"https:\/\/biblioteka.kolobrzeg.pl\/index.php\/wp-json\/wp\/v2\/comments?post=9881"}],"version-history":[{"count":0,"href":"https:\/\/biblioteka.kolobrzeg.pl\/index.php\/wp-json\/wp\/v2\/posts\/9881\/revisions"}],"wp:featuredmedia":[{"embeddable":true,"href":"https:\/\/biblioteka.kolobrzeg.pl\/index.php\/wp-json\/wp\/v2\/media\/9890"}],"wp:attachment":[{"href":"https:\/\/biblioteka.kolobrzeg.pl\/index.php\/wp-json\/wp\/v2\/media?parent=9881"}],"wp:term":[{"taxonomy":"category","embeddable":true,"href":"https:\/\/biblioteka.kolobrzeg.pl\/index.php\/wp-json\/wp\/v2\/categories?post=9881"},{"taxonomy":"post_tag","embeddable":true,"href":"https:\/\/biblioteka.kolobrzeg.pl\/index.php\/wp-json\/wp\/v2\/tags?post=9881"}],"curies":[{"name":"wp","href":"https:\/\/api.w.org\/{rel}","templated":true}]}}