{"id":9971,"date":"2020-07-01T13:03:50","date_gmt":"2020-07-01T11:03:50","guid":{"rendered":"https:\/\/biblioteka.kolobrzeg.pl\/?p=9971"},"modified":"2020-08-17T08:46:07","modified_gmt":"2020-08-17T06:46:07","slug":"ksiazka-miesiaca-ibuk-libra-43","status":"publish","type":"post","link":"https:\/\/biblioteka.kolobrzeg.pl\/index.php\/2020\/07\/01\/ksiazka-miesiaca-ibuk-libra-43\/","title":{"rendered":"Ksi\u0105\u017cka miesi\u0105ca IBUK Libra"},"content":{"rendered":"<p><a href=\"https:\/\/biblioteka.kolobrzeg.pl\/wp-content\/uploads\/2020\/07\/ibuk072020.jpg\" data-rel=\"lightbox-image-0\" data-rl_title=\"\" data-rl_caption=\"\" title=\"\"><img loading=\"lazy\" decoding=\"async\" class=\"alignleft wp-image-9973\" src=\"https:\/\/biblioteka.kolobrzeg.pl\/wp-content\/uploads\/2020\/07\/ibuk072020.jpg\" alt=\"IBuk Libra ksi\u0105\u017cka miesi\u0105ca\" width=\"106\" height=\"150\" srcset=\"https:\/\/biblioteka.kolobrzeg.pl\/wp-content\/uploads\/2020\/07\/ibuk072020.jpg 250w, https:\/\/biblioteka.kolobrzeg.pl\/wp-content\/uploads\/2020\/07\/ibuk072020-212x300.jpg 212w\" sizes=\"auto, (max-width: 106px) 100vw, 106px\" \/><\/a>Ksi\u0105\u017ck\u0105 miesi\u0105ca lipca IBUK Libra zostaje tytu\u0142: <strong>Zofia Kossak. Opowie\u015b\u0107 biograficzna<\/strong>, autorstwa Joanny Jurga\u0142y-Jureczki.<!--more--><\/p>\n<p>Zofia Kossak, \u201eprimo voto\u201d Szczucka, \u201esecundo voto\u201d Szatkowska, wywodzi\u0142a si\u0119 z niezwyk\u0142ego rodu i w\u0142a\u015bnie to dziedzictwo zawa\u017cy\u0142o na jej \u017cyciowych wyborach. Wnuczka Juliusza, bratanica Wojciecha, blisko spokrewniona z Magdalen\u0105 Samozwaniec i Mari\u0105 Pawlikowsk\u0105-Jasnorzewsk\u0105. Od pocz\u0105tku \u017cy\u0142a w \u015bwiecie artyst\u00f3w, malarzy, literat\u00f3w.<\/p>\n<p>Zgodnie z rodzinn\u0105 tradycj\u0105 studiowa\u0142a malarstwo, w ko\u0144cu jednak zosta\u0142a pisark\u0105, kt\u00f3rej proza historyczna, w tym \u201eB\u0142ogos\u0142awiona wina\u201d i \u201eKrzy\u017cowcy\u201d, czytana jest do dzi\u015b. Wspania\u0142e wychowanie, empatia i g\u0142\u0119boka wiara pisarki zaznaczy\u0142y si\u0119 szczeg\u00f3lnie podczas okupacji. Zofia Kossak z wielkim oddaniem zaanga\u017cowa\u0142a si\u0119 w niesienie pomocy \u017bydom i dzia\u0142alno\u015b\u0107 \u201e\u017begoty\u201d. Trafi\u0142a na Pawiak, a p\u00f3\u017aniej do Auschwitz, sk\u0105d \u2013 jak napisa\u0142a \u2013 \u201ewysz\u0142a w najgorszej formie fizycznej, ale najlepszej duchowej\u201d. Widzia\u0142a wok\u00f3\u0142 siebie kobiety za\u0142amane, zdesperowane i takie, kt\u00f3re przy \u017cyciu podtrzymywa\u0142a tylko my\u015bl o zem\u015bcie. Pokaza\u0142a im sposoby przetrwania obozu.<\/p>\n<p>Nie tolerowa\u0142a nieuprzejmego traktowania ludzi, braku szacunku dla przyrody i zwierz\u0105t. Wszyscy, kt\u00f3rzy si\u0119 z ni\u0105 zetkn\u0119li, podkre\u015blali jej prawo\u015b\u0107, zrozumienie dla drugiego cz\u0142owieka, odwag\u0119 zar\u00f3wno w wyra\u017canych pogl\u0105dach, jak i w post\u0119powaniu. \u201eWielu z nas kaza\u0142a nazywa\u0107 si\u0119 po prostu Ciotk\u0105 i faktycznie przyjmowali\u015bmy i odczuwali j\u0105 jako cz\u0142onka bliskiej rodziny\u201d \u2013 wspomina\u0142 W\u0142adys\u0142aw Bartoszewski.<\/p>\n<p>\u201eBy\u0142a kobiet\u0105 niezwyk\u0142\u0105, \u201ebo\u017cym szale\u0144cem\u201d, m\u00f3wili o niej: \u015bwietlana posta\u0107, najszlachetniejszy p\u0142omie\u0144, natchnienie Polski podziemnej, najdzielniejsza z dzielnych, bohaterska \u201eWeronika\u201d, nieustraszona \u201eCiotka\u201d, osoba \u017cyczliwa, pe\u0142na wdzi\u0119ku i u\u015bmiechu, o \u017cywych, roz\u015bwietlonych oczach, wspania\u0142a kobieta o mi\u0142ym sposobie bycia, przyci\u0105gaj\u0105ca ludzi m\u0142odych dzi\u0119ki swej promieniuj\u0105cej naturze, prostocie, niezachwianej wierze i pogodzie ducha.\u201d<\/p>\n<p><strong>Ksi\u0105\u017cka dost\u0119pna jako prezent do 31 lipca 2020 r.<\/strong><\/p>\n<p>Zach\u0119camy do lektury!<br \/>\n<a href=\"http:\/\/libra.ibuk.pl\/\">http:\/\/libra.ibuk.pl\/<\/a><\/p>\n<p>Przypominamy, aby otrzyma\u0107 kod PIN umo\u017cliwiaj\u0105cy bezp\u0142atny dost\u0119p do ksi\u0105\u017cek elektronicznych w domu nale\u017cy:<\/p>\n<ol>\n<li>napisa\u0107 e-maila na adres (ibukkg@biblioteka.kolobrzeg.pl) podaj\u0105c swoje imi\u0119, nazwisko oraz numer karty bibliotecznej.<\/li>\n<\/ol>\n","protected":false},"excerpt":{"rendered":"<p>Ksi\u0105\u017ck\u0105 miesi\u0105ca lipca IBUK Libra zostaje tytu\u0142: Zofia Kossak. Opowie\u015b\u0107 biograficzna, autorstwa Joanny Jurga\u0142y-Jureczki.<\/p><p><a class=\"more-link block-button\" href=\"https:\/\/biblioteka.kolobrzeg.pl\/index.php\/2020\/07\/01\/ksiazka-miesiaca-ibuk-libra-43\/\">Kontynuuj czytanie &raquo;<\/a><\/p>\n","protected":false},"author":1,"featured_media":9973,"comment_status":"closed","ping_status":"open","sticky":false,"template":"","format":"standard","meta":{"jetpack_post_was_ever_published":false,"_jetpack_newsletter_access":"","_jetpack_dont_email_post_to_subs":false,"_jetpack_newsletter_tier_id":0,"_jetpack_memberships_contains_paywalled_content":false,"_jetpack_memberships_contains_paid_content":false,"footnotes":"","jetpack_publicize_message":"","jetpack_publicize_feature_enabled":true,"jetpack_social_post_already_shared":true,"jetpack_social_options":{"image_generator_settings":{"template":"highway","default_image_id":0,"font":"","enabled":false},"version":2}},"categories":[1],"tags":[67,69,68,70],"class_list":["post-9971","post","type-post","status-publish","format-standard","has-post-thumbnail","hentry","category-aktualnosci","tag-ibuk","tag-ksiazka","tag-libra","tag-miesiaca"],"jetpack_publicize_connections":[],"jetpack_featured_media_url":"https:\/\/biblioteka.kolobrzeg.pl\/wp-content\/uploads\/2020\/07\/ibuk072020.jpg","jetpack_likes_enabled":true,"jetpack_sharing_enabled":true,"_links":{"self":[{"href":"https:\/\/biblioteka.kolobrzeg.pl\/index.php\/wp-json\/wp\/v2\/posts\/9971","targetHints":{"allow":["GET"]}}],"collection":[{"href":"https:\/\/biblioteka.kolobrzeg.pl\/index.php\/wp-json\/wp\/v2\/posts"}],"about":[{"href":"https:\/\/biblioteka.kolobrzeg.pl\/index.php\/wp-json\/wp\/v2\/types\/post"}],"author":[{"embeddable":true,"href":"https:\/\/biblioteka.kolobrzeg.pl\/index.php\/wp-json\/wp\/v2\/users\/1"}],"replies":[{"embeddable":true,"href":"https:\/\/biblioteka.kolobrzeg.pl\/index.php\/wp-json\/wp\/v2\/comments?post=9971"}],"version-history":[{"count":0,"href":"https:\/\/biblioteka.kolobrzeg.pl\/index.php\/wp-json\/wp\/v2\/posts\/9971\/revisions"}],"wp:featuredmedia":[{"embeddable":true,"href":"https:\/\/biblioteka.kolobrzeg.pl\/index.php\/wp-json\/wp\/v2\/media\/9973"}],"wp:attachment":[{"href":"https:\/\/biblioteka.kolobrzeg.pl\/index.php\/wp-json\/wp\/v2\/media?parent=9971"}],"wp:term":[{"taxonomy":"category","embeddable":true,"href":"https:\/\/biblioteka.kolobrzeg.pl\/index.php\/wp-json\/wp\/v2\/categories?post=9971"},{"taxonomy":"post_tag","embeddable":true,"href":"https:\/\/biblioteka.kolobrzeg.pl\/index.php\/wp-json\/wp\/v2\/tags?post=9971"}],"curies":[{"name":"wp","href":"https:\/\/api.w.org\/{rel}","templated":true}]}}