{"id":9982,"date":"2020-07-08T13:13:00","date_gmt":"2020-07-08T11:13:00","guid":{"rendered":"https:\/\/biblioteka.kolobrzeg.pl\/?p=9982"},"modified":"2020-07-10T15:51:38","modified_gmt":"2020-07-10T13:51:38","slug":"spektakl-teatralny-dla-dzieci-2","status":"publish","type":"post","link":"https:\/\/biblioteka.kolobrzeg.pl\/index.php\/2020\/07\/08\/spektakl-teatralny-dla-dzieci-2\/","title":{"rendered":"O bezpiecze\u0144stwie &#8211; na weso\u0142o"},"content":{"rendered":"<p><a href=\"https:\/\/biblioteka.kolobrzeg.pl\/wp-content\/uploads\/2020\/07\/spektakl0807203.jpg\" data-rel=\"lightbox-image-0\" data-rl_title=\"\" data-rl_caption=\"\" title=\"\"><img loading=\"lazy\" decoding=\"async\" class=\"alignleft wp-image-10009 size-thumbnail\" src=\"https:\/\/biblioteka.kolobrzeg.pl\/wp-content\/uploads\/2020\/07\/spektakl0807203-150x150.jpg\" alt=\"Spektakl dla dzieci\" width=\"150\" height=\"150\" \/><\/a>\u201eMo\u017cna przechodzi\u0107 na drug\u0105 stron\u0119, tylko gdy \u015bwiat\u0142o \u015bwieci zielone!\u201d \u2013 wykrzykiwa\u0142y dzieci podczas spektaklu teatralnego dla dzieci \u201eBezpieczne miasto na weso\u0142o\u201d. Przedstawienie, kt\u00f3re odby\u0142o si\u0119 8.07. by\u0142o jedn\u0105 z propozycji Biblioteki na dzieci\u0119ce \u201eWakacje bez nudy\u201d. Razem z bohaterem bajki, niepokornym brzd\u0105cem B\u0105belkiem, kt\u00f3ry pewnego dnia postanowi\u0142 samodzielnie wybra\u0107 si\u0119 do przedszkola<!--more-->, najm\u0142odsi uczyli si\u0119 podstawowych zasad zachowania bezpiecze\u0144stwa w mie\u015bcie: przechodzenia przez jezdni\u0119, podr\u00f3\u017cowania autobusem oraz rozpoznawania znak\u00f3w drogowych przydatnych do jazdy rowerem. Humorystyczna, pe\u0142na \u015bmiesznych scenek nauka, podoba\u0142a si\u0119 bez wyj\u0105tk\u00f3w.<\/p>\n<p>Spektakl, w ramach programu Biblioteka bezpieczna i przyjazna dziecku dofinansowa\u0142a Gmina Miasto Ko\u0142obrzeg w ramach MPPiRPA.<\/p>\n\n\t\t<style type=\"text\/css\">\n\t\t\t#gallery-1 {\n\t\t\t\tmargin: auto;\n\t\t\t}\n\t\t\t#gallery-1 .gallery-item {\n\t\t\t\tfloat: left;\n\t\t\t\tmargin-top: 10px;\n\t\t\t\ttext-align: center;\n\t\t\t\twidth: 33%;\n\t\t\t}\n\t\t\t#gallery-1 img {\n\t\t\t\tborder: 2px solid #cfcfcf;\n\t\t\t}\n\t\t\t#gallery-1 .gallery-caption {\n\t\t\t\tmargin-left: 0;\n\t\t\t}\n\t\t\t\/* see gallery_shortcode() in wp-includes\/media.php *\/\n\t\t<\/style>\n\t\t<div id='gallery-1' class='gallery galleryid-9982 gallery-columns-3 gallery-size-thumbnail'><dl class='gallery-item'>\n\t\t\t<dt class='gallery-icon landscape'>\n\t\t\t\t<a href='https:\/\/biblioteka.kolobrzeg.pl\/wp-content\/uploads\/2020\/07\/spektakl0807203.jpg' title=\"\" data-rl_title=\"\" class=\"rl-gallery-link\" data-rl_caption=\"\" data-rel=\"lightbox-gallery-1\"><img loading=\"lazy\" decoding=\"async\" width=\"150\" height=\"150\" src=\"https:\/\/biblioteka.kolobrzeg.pl\/wp-content\/uploads\/2020\/07\/spektakl0807203-150x150.jpg\" class=\"attachment-thumbnail size-thumbnail\" alt=\"Spektakl dla dzieci\" \/><\/a>\n\t\t\t<\/dt><\/dl><dl class='gallery-item'>\n\t\t\t<dt class='gallery-icon landscape'>\n\t\t\t\t<a href='https:\/\/biblioteka.kolobrzeg.pl\/wp-content\/uploads\/2020\/07\/spektakl0807201.jpg' title=\"\" data-rl_title=\"\" class=\"rl-gallery-link\" data-rl_caption=\"\" data-rel=\"lightbox-gallery-1\"><img loading=\"lazy\" decoding=\"async\" width=\"150\" height=\"150\" src=\"https:\/\/biblioteka.kolobrzeg.pl\/wp-content\/uploads\/2020\/07\/spektakl0807201-150x150.jpg\" class=\"attachment-thumbnail size-thumbnail\" alt=\"Spektakl dla dzieci\" \/><\/a>\n\t\t\t<\/dt><\/dl><dl class='gallery-item'>\n\t\t\t<dt class='gallery-icon landscape'>\n\t\t\t\t<a href='https:\/\/biblioteka.kolobrzeg.pl\/wp-content\/uploads\/2020\/07\/spektakl08072015.jpg' title=\"\" data-rl_title=\"\" class=\"rl-gallery-link\" data-rl_caption=\"\" data-rel=\"lightbox-gallery-1\"><img loading=\"lazy\" decoding=\"async\" width=\"150\" height=\"150\" src=\"https:\/\/biblioteka.kolobrzeg.pl\/wp-content\/uploads\/2020\/07\/spektakl08072015-150x150.jpg\" class=\"attachment-thumbnail size-thumbnail\" alt=\"spektakl\" \/><\/a>\n\t\t\t<\/dt><\/dl><br style=\"clear: both\" \/>\n\t\t<\/div>\n\n","protected":false},"excerpt":{"rendered":"<p>\u201eMo\u017cna przechodzi\u0107 na drug\u0105 stron\u0119, tylko gdy \u015bwiat\u0142o \u015bwieci zielone!\u201d \u2013 wykrzykiwa\u0142y dzieci podczas spektaklu teatralnego dla dzieci \u201eBezpieczne miasto na weso\u0142o\u201d. Przedstawienie, kt\u00f3re odby\u0142o si\u0119 8.07. by\u0142o jedn\u0105 z propozycji Biblioteki na dzieci\u0119ce \u201eWakacje bez nudy\u201d. Razem z bohaterem bajki, niepokornym brzd\u0105cem B\u0105belkiem, kt\u00f3ry pewnego dnia postanowi\u0142 samodzielnie wybra\u0107 si\u0119 do przedszkola<\/p><p><a class=\"more-link block-button\" href=\"https:\/\/biblioteka.kolobrzeg.pl\/index.php\/2020\/07\/08\/spektakl-teatralny-dla-dzieci-2\/\">Kontynuuj czytanie &raquo;<\/a><\/p>\n","protected":false},"author":1,"featured_media":10009,"comment_status":"closed","ping_status":"open","sticky":false,"template":"","format":"standard","meta":{"jetpack_post_was_ever_published":false,"_jetpack_newsletter_access":"","_jetpack_dont_email_post_to_subs":false,"_jetpack_newsletter_tier_id":0,"_jetpack_memberships_contains_paywalled_content":false,"_jetpack_memberships_contains_paid_content":false,"footnotes":"","jetpack_publicize_message":"","jetpack_publicize_feature_enabled":true,"jetpack_social_post_already_shared":true,"jetpack_social_options":{"image_generator_settings":{"template":"highway","default_image_id":0,"font":"","enabled":false},"version":2}},"categories":[1],"tags":[45,77],"class_list":["post-9982","post","type-post","status-publish","format-standard","has-post-thumbnail","hentry","category-aktualnosci","tag-dzieci","tag-spektakl"],"jetpack_publicize_connections":[],"jetpack_featured_media_url":"https:\/\/biblioteka.kolobrzeg.pl\/wp-content\/uploads\/2020\/07\/spektakl0807203.jpg","jetpack_likes_enabled":true,"jetpack_sharing_enabled":true,"_links":{"self":[{"href":"https:\/\/biblioteka.kolobrzeg.pl\/index.php\/wp-json\/wp\/v2\/posts\/9982","targetHints":{"allow":["GET"]}}],"collection":[{"href":"https:\/\/biblioteka.kolobrzeg.pl\/index.php\/wp-json\/wp\/v2\/posts"}],"about":[{"href":"https:\/\/biblioteka.kolobrzeg.pl\/index.php\/wp-json\/wp\/v2\/types\/post"}],"author":[{"embeddable":true,"href":"https:\/\/biblioteka.kolobrzeg.pl\/index.php\/wp-json\/wp\/v2\/users\/1"}],"replies":[{"embeddable":true,"href":"https:\/\/biblioteka.kolobrzeg.pl\/index.php\/wp-json\/wp\/v2\/comments?post=9982"}],"version-history":[{"count":0,"href":"https:\/\/biblioteka.kolobrzeg.pl\/index.php\/wp-json\/wp\/v2\/posts\/9982\/revisions"}],"wp:featuredmedia":[{"embeddable":true,"href":"https:\/\/biblioteka.kolobrzeg.pl\/index.php\/wp-json\/wp\/v2\/media\/10009"}],"wp:attachment":[{"href":"https:\/\/biblioteka.kolobrzeg.pl\/index.php\/wp-json\/wp\/v2\/media?parent=9982"}],"wp:term":[{"taxonomy":"category","embeddable":true,"href":"https:\/\/biblioteka.kolobrzeg.pl\/index.php\/wp-json\/wp\/v2\/categories?post=9982"},{"taxonomy":"post_tag","embeddable":true,"href":"https:\/\/biblioteka.kolobrzeg.pl\/index.php\/wp-json\/wp\/v2\/tags?post=9982"}],"curies":[{"name":"wp","href":"https:\/\/api.w.org\/{rel}","templated":true}]}}